{"id":6804,"date":"2023-05-19T10:57:27","date_gmt":"2023-05-19T10:57:27","guid":{"rendered":"https:\/\/www.upo.es\/patio-colorado\/?p=6804"},"modified":"2023-05-19T10:57:27","modified_gmt":"2023-05-19T10:57:27","slug":"el-retrato-de-jesus-nazareno-que-vuelve-a-huelva-tras-85-anos","status":"publish","type":"post","link":"https:\/\/www.upo.es\/patio-colorado\/2023\/05\/19\/el-retrato-de-jesus-nazareno-que-vuelve-a-huelva-tras-85-anos\/","title":{"rendered":"El retrato de Jes\u00fas Nazareno que vuelve a Huelva tras 85 a\u00f1os"},"content":{"rendered":"<p>Con motivo de la coronaci\u00f3n de Mar\u00eda Sant\u00edsima de la Amargura, la hermandad Nuestro Padre Jes\u00fas Nazareno presenta hasta el 25 de Mayo la exposici\u00f3n \u201cCor Nazarenorum\u201d, en la Casa Col\u00f3n, Huelva.<span class=\"Apple-converted-space\">\u00a0<\/span><\/p>\n<p>La exposici\u00f3n est\u00e1 dividida en tres partes, en la sala \u201cTinto\u201d se presenta la fundaci\u00f3n e historia<span class=\"Apple-converted-space\">\u00a0 <\/span>de la hermandad hace 450 a\u00f1os, en la sala \u201cOdiel\u201d contin\u00faa con la historia de la cofrad\u00eda y su evoluci\u00f3n, y en la sala \u201cBrazos\u201d y con motivo de la coronaci\u00f3n, est\u00e1 ligada a la virgen de la Amargura.<span class=\"Apple-converted-space\">\u00a0<\/span><\/p>\n<p>Una de las piezas culmen de la exposici\u00f3n es el retrato de <i>Nuestro Padre Jes\u00fas Nazareno <\/i>del artista Juan Padilla, donada por la familia Herrero Tello y desaparecida en el incendio de la Iglesia de la Concepci\u00f3n en 1936. La nueva imagen fue del autor Ram\u00f3n Chaveli, y devuelta a la familia que la ha vuelto a donar 85 a\u00f1os m\u00e1s tarde con motivo de la coronaci\u00f3n.<\/p>\n<p>Esta exposici\u00f3n puede ser visitada hasta el 25 de Mayo en la Casa Col\u00f3n de Huelva, de lunes a s\u00e1bado de 11 a 14 horas y de 17:30 a 20:30 horas.<\/p>\n","protected":false},"excerpt":{"rendered":"<p>Con motivo de la coronaci\u00f3n de Mar\u00eda Sant\u00edsima de la Amargura, la hermandad Nuestro Padre Jes\u00fas Nazareno presenta hasta el 25 de Mayo la exposici\u00f3n \u201cCor Nazarenorum\u201d, en la Casa Col\u00f3n, Huelva.\u00a0 La exposici\u00f3n est\u00e1 dividida en tres partes, en la sala \u201cTinto\u201d se presenta la fundaci\u00f3n e historia\u00a0 de la hermandad hace 450 a\u00f1os, [&hellip;]<\/p>\n","protected":false},"author":123,"featured_media":6805,"comment_status":"open","ping_status":"open","sticky":false,"template":"","format":"standard","meta":{"_acf_changed":false,"_monsterinsights_skip_tracking":false,"_monsterinsights_sitenote_active":false,"_monsterinsights_sitenote_note":"","_monsterinsights_sitenote_category":0,"footnotes":""},"categories":[403,303,167],"tags":[377],"class_list":["post-6804","post","type-post","status-publish","format-standard","has-post-thumbnail","hentry","category-historias-y-mucho-mas","category-huelva","category-pintura-escultura","tag-huelva"],"blocksy_meta":[],"acf":[],"jetpack_featured_media_url":"https:\/\/www.upo.es\/patio-colorado\/wp-content\/uploads\/2023\/05\/2023051816332374570-scaled.jpg","_links":{"self":[{"href":"https:\/\/www.upo.es\/patio-colorado\/wp-json\/wp\/v2\/posts\/6804","targetHints":{"allow":["GET"]}}],"collection":[{"href":"https:\/\/www.upo.es\/patio-colorado\/wp-json\/wp\/v2\/posts"}],"about":[{"href":"https:\/\/www.upo.es\/patio-colorado\/wp-json\/wp\/v2\/types\/post"}],"author":[{"embeddable":true,"href":"https:\/\/www.upo.es\/patio-colorado\/wp-json\/wp\/v2\/users\/123"}],"replies":[{"embeddable":true,"href":"https:\/\/www.upo.es\/patio-colorado\/wp-json\/wp\/v2\/comments?post=6804"}],"version-history":[{"count":1,"href":"https:\/\/www.upo.es\/patio-colorado\/wp-json\/wp\/v2\/posts\/6804\/revisions"}],"predecessor-version":[{"id":6806,"href":"https:\/\/www.upo.es\/patio-colorado\/wp-json\/wp\/v2\/posts\/6804\/revisions\/6806"}],"wp:featuredmedia":[{"embeddable":true,"href":"https:\/\/www.upo.es\/patio-colorado\/wp-json\/wp\/v2\/media\/6805"}],"wp:attachment":[{"href":"https:\/\/www.upo.es\/patio-colorado\/wp-json\/wp\/v2\/media?parent=6804"}],"wp:term":[{"taxonomy":"category","embeddable":true,"href":"https:\/\/www.upo.es\/patio-colorado\/wp-json\/wp\/v2\/categories?post=6804"},{"taxonomy":"post_tag","embeddable":true,"href":"https:\/\/www.upo.es\/patio-colorado\/wp-json\/wp\/v2\/tags?post=6804"}],"curies":[{"name":"wp","href":"https:\/\/api.w.org\/{rel}","templated":true}]}}