{"id":6814,"date":"2023-05-19T17:00:50","date_gmt":"2023-05-19T17:00:50","guid":{"rendered":"https:\/\/www.upo.es\/patio-colorado\/?p=6814"},"modified":"2023-05-19T17:00:50","modified_gmt":"2023-05-19T17:00:50","slug":"clausura-de-temporada-del-teatro-lope-de-vega-de-sevilla-2023","status":"publish","type":"post","link":"https:\/\/www.upo.es\/patio-colorado\/2023\/05\/19\/clausura-de-temporada-del-teatro-lope-de-vega-de-sevilla-2023\/","title":{"rendered":"Clausura de temporada del Teatro Lope de Vega de Sevilla 2023"},"content":{"rendered":"<p>El pr\u00f3ximo viernes 2 de junio de 2023, el Teatro Lope de Vega de <a title=\"Gu\u00eda visual de turismo de la ciudad de Sevilla\" href=\"http:\/\/fotografias-sevilla.com\/\" target=\"_blank\" rel=\"noopener\">Sevilla<\/a> clausurar\u00e1 su temporada 2022 &#8211; 2023 con un concierto. Comenzar\u00e1n actuando el cantaor utrerano Perrate y Miguel Mar\u00edn (Arbol), quienes ser\u00e1n acompa\u00f1ados\u00a0 sobre el escenario por el sexteto de cuerda femenino Almaclara. Posteriormente ser\u00e1 el turno de Yeli Yeli, proyecto compuesto por \u00c1lvaro Romero y el DJ portugu\u00e9s Pedro DaLinha, con un espect\u00e1culo que estrenaron en la pasada edici\u00f3n de la Bienal de Flamenco de Sevilla. Dentro de la agenda de <a title=\"La agenda de conciertos de OnSevilla\" href=\"https:\/\/onsevilla.com\/conciertos-en-sevilla\">conciertos en Sevilla<\/a> se pueden consultar los conciertos y espectaculos m\u00e1s destacados de la ciudad de Sevilla.<\/p>\n<p><strong>Concierto: clausura de temporada del Teatro Lope de Vega de Sevilla<\/strong><br \/>\n<strong>D\u00f3nde:<\/strong>\u00a0Teatro Lope de Vega.<br \/>\n<strong>Direcci\u00f3n:<\/strong>\u00a0avenida de Mar\u00eda Luisa, s\/n.<br \/>\n<strong>Cu\u00e1ndo:<\/strong>\u00a0viernes 2 de junio de 2023.<br \/>\n<strong>Horario:<\/strong>\u00a0a las 20 horas.<br \/>\n<strong>Precio:<\/strong>\u00a0entradas entre 4 y 21 euros.<br \/>\n<strong>Entradas:<\/strong>\u00a0a la venta por internet en\u00a0<a title=\"Enlace directo para comprar las entradas por internet\" href=\"https:\/\/teatrolopedevega.sacatuentrada.es\/es\/entradas\/a%C3%B1varo-moreno\/\" target=\"_blank\" rel=\"nofollow noopener\">sacatuentrada.es<\/a>.<\/p>\n<p><strong>Bibliograf\u00eda<\/strong><\/p>\n<ul>\n<li>https:\/\/onsevilla.com\/clausura-temporada-teatro-lope-vega-sevilla-2023<\/li>\n<\/ul>\n","protected":false},"excerpt":{"rendered":"<p>El pr\u00f3ximo viernes 2 de junio de 2023, el Teatro Lope de Vega de Sevilla clausurar\u00e1 su temporada 2022 &#8211; 2023 con un concierto. Comenzar\u00e1n actuando el cantaor utrerano Perrate y Miguel Mar\u00edn (Arbol), quienes ser\u00e1n acompa\u00f1ados\u00a0 sobre el escenario por el sexteto de cuerda femenino Almaclara. Posteriormente ser\u00e1 el turno de Yeli Yeli, proyecto [&hellip;]<\/p>\n","protected":false},"author":40,"featured_media":6815,"comment_status":"open","ping_status":"open","sticky":false,"template":"","format":"standard","meta":{"_acf_changed":false,"_monsterinsights_skip_tracking":false,"_monsterinsights_sitenote_active":false,"_monsterinsights_sitenote_note":"","_monsterinsights_sitenote_category":0,"footnotes":""},"categories":[45,301],"tags":[630,725,53,48],"class_list":["post-6814","post","type-post","status-publish","format-standard","has-post-thumbnail","hentry","category-boletin-colorao","category-sevilla","tag-concierto","tag-cultura-sevilla","tag-musica","tag-eventos"],"blocksy_meta":[],"acf":[],"jetpack_featured_media_url":"https:\/\/www.upo.es\/patio-colorado\/wp-content\/uploads\/2023\/05\/tomasdeperratepromocional.jpg","_links":{"self":[{"href":"https:\/\/www.upo.es\/patio-colorado\/wp-json\/wp\/v2\/posts\/6814","targetHints":{"allow":["GET"]}}],"collection":[{"href":"https:\/\/www.upo.es\/patio-colorado\/wp-json\/wp\/v2\/posts"}],"about":[{"href":"https:\/\/www.upo.es\/patio-colorado\/wp-json\/wp\/v2\/types\/post"}],"author":[{"embeddable":true,"href":"https:\/\/www.upo.es\/patio-colorado\/wp-json\/wp\/v2\/users\/40"}],"replies":[{"embeddable":true,"href":"https:\/\/www.upo.es\/patio-colorado\/wp-json\/wp\/v2\/comments?post=6814"}],"version-history":[{"count":2,"href":"https:\/\/www.upo.es\/patio-colorado\/wp-json\/wp\/v2\/posts\/6814\/revisions"}],"predecessor-version":[{"id":6817,"href":"https:\/\/www.upo.es\/patio-colorado\/wp-json\/wp\/v2\/posts\/6814\/revisions\/6817"}],"wp:featuredmedia":[{"embeddable":true,"href":"https:\/\/www.upo.es\/patio-colorado\/wp-json\/wp\/v2\/media\/6815"}],"wp:attachment":[{"href":"https:\/\/www.upo.es\/patio-colorado\/wp-json\/wp\/v2\/media?parent=6814"}],"wp:term":[{"taxonomy":"category","embeddable":true,"href":"https:\/\/www.upo.es\/patio-colorado\/wp-json\/wp\/v2\/categories?post=6814"},{"taxonomy":"post_tag","embeddable":true,"href":"https:\/\/www.upo.es\/patio-colorado\/wp-json\/wp\/v2\/tags?post=6814"}],"curies":[{"name":"wp","href":"https:\/\/api.w.org\/{rel}","templated":true}]}}