{"id":6818,"date":"2023-05-19T17:13:02","date_gmt":"2023-05-19T17:13:02","guid":{"rendered":"https:\/\/www.upo.es\/patio-colorado\/?p=6818"},"modified":"2023-05-19T17:15:01","modified_gmt":"2023-05-19T17:15:01","slug":"agnus-dei-en-la-sala-cero-de-sevilla-2023","status":"publish","type":"post","link":"https:\/\/www.upo.es\/patio-colorado\/2023\/05\/19\/agnus-dei-en-la-sala-cero-de-sevilla-2023\/","title":{"rendered":"Agnus Dei en la Sala Cero de Sevilla 2023"},"content":{"rendered":"<p>El pr\u00f3ximo mi\u00e9rcoles 31 de mayo y el jueves 1 de junio de 2023 en la Sala Cero de <a title=\"Gu\u00eda visual de turismo de la ciudad de Sevilla\" href=\"http:\/\/fotografias-sevilla.com\/\" target=\"_blank\" rel=\"noopener\">Sevilla<\/a> estar\u00e1 en cartel la obra de teatro \u00abAgnus Dei\u00bb. Con esta representaci\u00f3n la compa\u00f1\u00eda sevillana Dos Lunas Teatro, quienes empezaron\u00a0 su recorrido en la misma Sala Cero, finalizar\u00e1 la temporada de teatro 2022 &#8211; 2023, adem\u00e1s de celebrar sus veinte a\u00f1os como compa\u00f1\u00eda y escuela de teatro. Esta comedia negra de poco m\u00e1s de una hora de duraci\u00f3n y texto de Estefan\u00eda Alban\u00e9s est\u00e1 dirigida por David Fern\u00e1ndez Troncoso. No est\u00e1 recomendada para menores de 14 a\u00f1os. Consulta la cartelera de <a title=\"La cartelera de OnSevilla con teatro, danza, musicales...\" href=\"https:\/\/onsevilla.com\/teatro-en-sevilla\">teatro en Sevilla<\/a>.<\/p>\n<p><strong>Teatro: \u00abAgnus Dei\u00bb en la Sala Cero de Sevilla<\/strong><br \/>\n<strong>D\u00f3nde:<\/strong>\u00a0Sala Cero.<br \/>\n<strong>Direcci\u00f3n:<\/strong>\u00a0calle Sol, 5.<br \/>\n<strong>Cu\u00e1ndo:<\/strong>\u00a0mi\u00e9rcoles 31 de mayo y jueves 1 de junio de 2023.<br \/>\n<strong>Horario:<\/strong>\u00a0a las 20:30 horas.<br \/>\n<strong>Precio:<\/strong>\u00a0entradas 16 euros, reducidas 12 euros (para estudiantes menores de 30 a\u00f1os, pensionistas, desempleados, Amigos de Escenarios de Sevilla y grupos de m\u00e1s de 10 personas) y 13 euros (para socios Fnac y acompa\u00f1ante).<br \/>\n<strong>Entradas:<\/strong>\u00a0a la venta en la taquilla de la sala y por internet en\u00a0<a title=\"Enlace directo para comprar las entradas por internet\" href=\"https:\/\/es.patronbase.com\/_SalaCero\/Productions\/542\/Performances\" target=\"_blank\" rel=\"nofollow noopener\">patronbase.com<\/a>.<br \/>\n<strong>Avance en v\u00eddeo:<\/strong>\u00a0<a title=\"Enlace directo para ver el avance del espect\u00e1culo en v\u00eddeo\" href=\"https:\/\/www.youtube.com\/watch?v=3ebbjGpL02k\" target=\"_blank\" rel=\"nofollow noopener\">youtube.com<\/a>.<\/p>\n<p><strong>Bibliograf\u00eda<\/strong><\/p>\n<ul>\n<li>https:\/\/onsevilla.com\/agnus-dei-sala-cero-sevilla-2023<\/li>\n<li>https:\/\/salacero.com\/agnus-dei\/<\/li>\n<\/ul>\n","protected":false},"excerpt":{"rendered":"<p>El pr\u00f3ximo mi\u00e9rcoles 31 de mayo y el jueves 1 de junio de 2023 en la Sala Cero de Sevilla estar\u00e1 en cartel la obra de teatro \u00abAgnus Dei\u00bb. Con esta representaci\u00f3n la compa\u00f1\u00eda sevillana Dos Lunas Teatro, quienes empezaron\u00a0 su recorrido en la misma Sala Cero, finalizar\u00e1 la temporada de teatro 2022 &#8211; 2023, [&hellip;]<\/p>\n","protected":false},"author":40,"featured_media":6819,"comment_status":"open","ping_status":"open","sticky":false,"template":"","format":"standard","meta":{"_acf_changed":false,"_monsterinsights_skip_tracking":false,"_monsterinsights_sitenote_active":false,"_monsterinsights_sitenote_note":"","_monsterinsights_sitenote_category":0,"footnotes":""},"categories":[12,301],"tags":[725,148],"class_list":["post-6818","post","type-post","status-publish","format-standard","has-post-thumbnail","hentry","category-eventos","category-sevilla","tag-cultura-sevilla","tag-teatro"],"blocksy_meta":[],"acf":[],"jetpack_featured_media_url":"https:\/\/www.upo.es\/patio-colorado\/wp-content\/uploads\/2023\/05\/cartel-agnus-dei-2-768x1087-1.jpg","_links":{"self":[{"href":"https:\/\/www.upo.es\/patio-colorado\/wp-json\/wp\/v2\/posts\/6818","targetHints":{"allow":["GET"]}}],"collection":[{"href":"https:\/\/www.upo.es\/patio-colorado\/wp-json\/wp\/v2\/posts"}],"about":[{"href":"https:\/\/www.upo.es\/patio-colorado\/wp-json\/wp\/v2\/types\/post"}],"author":[{"embeddable":true,"href":"https:\/\/www.upo.es\/patio-colorado\/wp-json\/wp\/v2\/users\/40"}],"replies":[{"embeddable":true,"href":"https:\/\/www.upo.es\/patio-colorado\/wp-json\/wp\/v2\/comments?post=6818"}],"version-history":[{"count":3,"href":"https:\/\/www.upo.es\/patio-colorado\/wp-json\/wp\/v2\/posts\/6818\/revisions"}],"predecessor-version":[{"id":6822,"href":"https:\/\/www.upo.es\/patio-colorado\/wp-json\/wp\/v2\/posts\/6818\/revisions\/6822"}],"wp:featuredmedia":[{"embeddable":true,"href":"https:\/\/www.upo.es\/patio-colorado\/wp-json\/wp\/v2\/media\/6819"}],"wp:attachment":[{"href":"https:\/\/www.upo.es\/patio-colorado\/wp-json\/wp\/v2\/media?parent=6818"}],"wp:term":[{"taxonomy":"category","embeddable":true,"href":"https:\/\/www.upo.es\/patio-colorado\/wp-json\/wp\/v2\/categories?post=6818"},{"taxonomy":"post_tag","embeddable":true,"href":"https:\/\/www.upo.es\/patio-colorado\/wp-json\/wp\/v2\/tags?post=6818"}],"curies":[{"name":"wp","href":"https:\/\/api.w.org\/{rel}","templated":true}]}}