{"id":6830,"date":"2023-05-20T16:41:12","date_gmt":"2023-05-20T16:41:12","guid":{"rendered":"https:\/\/www.upo.es\/patio-colorado\/?p=6830"},"modified":"2023-05-20T16:41:12","modified_gmt":"2023-05-20T16:41:12","slug":"el-cine-cervantes-volvera-a-abrir-sus-puertas-este-2023","status":"publish","type":"post","link":"https:\/\/www.upo.es\/patio-colorado\/2023\/05\/20\/el-cine-cervantes-volvera-a-abrir-sus-puertas-este-2023\/","title":{"rendered":"El cine Cervantes volver\u00e1 a abrir sus puertas este 2023"},"content":{"rendered":"<p>El emblem\u00e1tico cine Cervantes volver\u00e1 a abrir sus puertas este 2023 despu\u00e9s de 3 a\u00f1os de su cierre debido a la pandemia. La amenaza de su desaparici\u00f3n motiv\u00f3 una gran campa\u00f1a por parte de los ciudadanos de Sevilla para salvarlo, con la que se ha conseguido que sea declarado como BIC (Bien de Inter\u00e9s Cultural). Este pasado martes 16 de mayo, abri\u00f3 sus puertas y proyect\u00f3 un fragmento de Cinema Paradiso, adem\u00e1s de que pasaron por su escenario algunos de los responsables de esta recuperaci\u00f3n, como Joaqu\u00edn Egea, presidente de Adepa, asociaci\u00f3n que ha luchado para conseguir la declaraci\u00f3n BIC; Rafael Jurado, gestor cultural que junto a la periodista Marta Maldonado ha creado la plataforma Cervantes es Cine; y Segismundo Hern\u00e1ndez, presidente de Uni\u00f3n Cine Ciudad, empresa gestora.<\/p>\n<p>Adem\u00e1s, el edificio pasar\u00e1 por una reforma, ya que se colocar\u00e1 una nueva pantalla, cortinas y se corregir\u00e1n aquellos desperfectos causados por su clausura durante los \u00faltimos tres a\u00f1os. Actualmente se encuentra a la espera del Ayuntamiento hispalense para que se concrete la fecha de reapertura definitiva, adem\u00e1s de asegurar que mantenga una programaci\u00f3n durante todo el a\u00f1o. Se espera que la reapertura tenga lugar el pr\u00f3ximo octubre de 2023, coincidiendo con su aniversario de apertura en 1873, durante la Primera Rep\u00fablica Espa\u00f1ola.<\/p>\n<p>Esta triunfo no habr\u00eda sido posible sin la implicaci\u00f3n de la sociedad civil, el amor a la cultura sevillana por parte de sus ciudadanos y la ayuda por parte de las administraciones.<\/p>\n<p><strong>Bibliograf\u00eda <\/strong><\/p>\n<ul>\n<li><strong><a href=\"https:\/\/www.sevillaactualidad.com\/cultura\/520865-el-cine-cervantes-de-sevilla-reabrira-sus-puertas-este-2023\/\">https:\/\/www.sevillaactualidad.com\/cultura\/520865-el-cine-cervantes-de-sevilla-reabrira-sus-puertas-este-2023\/<\/a><\/strong><\/li>\n<li><strong><a href=\"https:\/\/www.diariodesevilla.es\/sevilla\/Cine-Cervantes-Sevilla-volvera-abrir-puertas-2023_0_1794121268.html\">https:\/\/www.diariodesevilla.es\/sevilla\/Cine-Cervantes-Sevilla-volvera-abrir-puertas-2023_0_1794121268.html<\/a> <\/strong><\/li>\n<\/ul>\n","protected":false},"excerpt":{"rendered":"<p>El emblem\u00e1tico cine Cervantes volver\u00e1 a abrir sus puertas este 2023 despu\u00e9s de 3 a\u00f1os de su cierre debido a la pandemia. La amenaza de su desaparici\u00f3n motiv\u00f3 una gran campa\u00f1a por parte de los ciudadanos de Sevilla para salvarlo, con la que se ha conseguido que sea declarado como BIC (Bien de Inter\u00e9s Cultural). [&hellip;]<\/p>\n","protected":false},"author":40,"featured_media":6831,"comment_status":"open","ping_status":"open","sticky":false,"template":"","format":"standard","meta":{"_acf_changed":false,"_monsterinsights_skip_tracking":false,"_monsterinsights_sitenote_active":false,"_monsterinsights_sitenote_note":"","_monsterinsights_sitenote_category":0,"footnotes":""},"categories":[45,301],"tags":[99,346,158,239,6],"class_list":["post-6830","post","type-post","status-publish","format-standard","has-post-thumbnail","hentry","category-boletin-colorao","category-sevilla","tag-cultura","tag-patrimoniocultural","tag-cine","tag-reapertura","tag-sevilla"],"blocksy_meta":[],"acf":[],"jetpack_featured_media_url":"https:\/\/www.upo.es\/patio-colorado\/wp-content\/uploads\/2023\/05\/emblematico-edificio-Cine-Cervantes-Sevilla_1734436897_169495795_667x375.jpg","_links":{"self":[{"href":"https:\/\/www.upo.es\/patio-colorado\/wp-json\/wp\/v2\/posts\/6830","targetHints":{"allow":["GET"]}}],"collection":[{"href":"https:\/\/www.upo.es\/patio-colorado\/wp-json\/wp\/v2\/posts"}],"about":[{"href":"https:\/\/www.upo.es\/patio-colorado\/wp-json\/wp\/v2\/types\/post"}],"author":[{"embeddable":true,"href":"https:\/\/www.upo.es\/patio-colorado\/wp-json\/wp\/v2\/users\/40"}],"replies":[{"embeddable":true,"href":"https:\/\/www.upo.es\/patio-colorado\/wp-json\/wp\/v2\/comments?post=6830"}],"version-history":[{"count":3,"href":"https:\/\/www.upo.es\/patio-colorado\/wp-json\/wp\/v2\/posts\/6830\/revisions"}],"predecessor-version":[{"id":6834,"href":"https:\/\/www.upo.es\/patio-colorado\/wp-json\/wp\/v2\/posts\/6830\/revisions\/6834"}],"wp:featuredmedia":[{"embeddable":true,"href":"https:\/\/www.upo.es\/patio-colorado\/wp-json\/wp\/v2\/media\/6831"}],"wp:attachment":[{"href":"https:\/\/www.upo.es\/patio-colorado\/wp-json\/wp\/v2\/media?parent=6830"}],"wp:term":[{"taxonomy":"category","embeddable":true,"href":"https:\/\/www.upo.es\/patio-colorado\/wp-json\/wp\/v2\/categories?post=6830"},{"taxonomy":"post_tag","embeddable":true,"href":"https:\/\/www.upo.es\/patio-colorado\/wp-json\/wp\/v2\/tags?post=6830"}],"curies":[{"name":"wp","href":"https:\/\/api.w.org\/{rel}","templated":true}]}}