{"id":685,"date":"2020-03-23T20:29:34","date_gmt":"2020-03-23T20:29:34","guid":{"rendered":"https:\/\/www.upo.es\/patio-colorado\/?p=685"},"modified":"2020-03-23T20:29:34","modified_gmt":"2020-03-23T20:29:34","slug":"repositorio-del-no8do-historia-a-traves-de-la-prensa-sevillana","status":"publish","type":"post","link":"https:\/\/www.upo.es\/patio-colorado\/2020\/03\/23\/repositorio-del-no8do-historia-a-traves-de-la-prensa-sevillana\/","title":{"rendered":"Repositorio del No8Do: historia a trav\u00e9s de la prensa sevillana"},"content":{"rendered":"<p>Espa\u00f1a entera vive en estos d\u00edas una situaci\u00f3n muy complicada debido a la r\u00e1pida propagaci\u00f3n del COVID-19, que se ha apoderado de todas las noticias, de cada minuto de telediario y de cada mensaje que nos llega por los grupos de WhatsApp. Entre todo ese bullicio, surgen cosas muy bonitas: museos que proponen visitas <em>online<\/em>, artistas que cantan para sus seguidores a trav\u00e9s de plataformas como Instagram, poes\u00eda virtual y un largo etc\u00e9tera de iniciativas que hacen los d\u00edas de confinamiento un poco m\u00e1s amenos.<\/p>\n<p>Entre todas estas iniciativas hoy os traigo una que, a la par que interesante, me ha parecido muy bonita y, asimismo, puede servirnos de entretenimiento estos d\u00edas. Para los curiosos de la prensa y los archivos antiguos (y para los que no lo son tanto), el Ayuntamiento de Sevilla da acceso libre a No8Do: a nuestra disposici\u00f3n se ponen 50.000 peri\u00f3dicos y 150 a\u00f1os de historia de nuestra ciudad. Este repositorio, que de manera digital permite el acceso en l\u00ednea a los documentos digitalizados del Archivo, Hemeroteca y Publicaciones, puede sernos de gran utilidad para investigaciones o, simplemente, para saciar un poco nuestra curiosidad.<\/p>\n<p>Para acceder a este repositorio simplemente tenemos que ir a la web del No8Do digital (<a href=\"https:\/\/www.sevilla.org\/no8do-digital\">https:\/\/www.sevilla.org\/no8do-digital<\/a>). Una vez dentro, observamos que tenemos la opci\u00f3n de abrir el repositorio, la Sala Expo No8Do (es la sala virtual de exposiciones del ayuntamiento, tambi\u00e9n muy interesante para darse un paseo virtual) y, adem\u00e1s, la secci\u00f3n de noticias. Dentro del repositorio podemos observar archivos digitalizados de varios t\u00edtulos de la prensa local, como La Andaluc\u00eda (1857-1897), El Noticiero Sevillano (1894-1933), El Correo de Andaluc\u00eda (1928-1932), La Hoja del Lunes (1935-1983) o la Gu\u00eda de Sevilla (1867-1914). Las fechas que aparecen son las de los archivos que est\u00e1n digitalizados por ahora. De igual forma, podemos ver en la secci\u00f3n de \u201cdestacados\u201d otros recursos y noticias con los que nos sorprende esta p\u00e1gina: cat\u00e1logo de planos hist\u00f3ricos de Sevilla, registros de poblaci\u00f3n, etc.<\/p>\n<p>En suma, creo que es admirable el trabajo de digitalizaci\u00f3n que se ha realizado con todo este conjunto de documentaci\u00f3n y, por ello, debemos darle difusi\u00f3n y asegurarnos de que su puesta en valor tiene lugar. \u00a1Son muy buenos d\u00edas para aprovechar todos estos recursos!<\/p>\n<p>&nbsp;<\/p>\n<p>&nbsp;<\/p>\n<p><img loading=\"lazy\" decoding=\"async\" class=\"wp-image-686 aligncenter\" src=\"https:\/\/www.upo.es\/patio-colorado\/wp-content\/uploads\/2020\/03\/Captura-de-pantalla-10-300x90.png\" alt=\"\" width=\"410\" height=\"123\" srcset=\"https:\/\/www.upo.es\/patio-colorado\/wp-content\/uploads\/2020\/03\/Captura-de-pantalla-10-300x90.png 300w, https:\/\/www.upo.es\/patio-colorado\/wp-content\/uploads\/2020\/03\/Captura-de-pantalla-10-1024x307.png 1024w, https:\/\/www.upo.es\/patio-colorado\/wp-content\/uploads\/2020\/03\/Captura-de-pantalla-10-768x230.png 768w, https:\/\/www.upo.es\/patio-colorado\/wp-content\/uploads\/2020\/03\/Captura-de-pantalla-10.png 1346w\" sizes=\"auto, (max-width: 410px) 100vw, 410px\" \/><\/p>\n","protected":false},"excerpt":{"rendered":"<p>Espa\u00f1a entera vive en estos d\u00edas una situaci\u00f3n muy complicada debido a la r\u00e1pida propagaci\u00f3n del COVID-19, que se ha apoderado de todas las noticias, de cada minuto de telediario y de cada mensaje que nos llega por los grupos de WhatsApp. Entre todo ese bullicio, surgen cosas muy bonitas: museos que proponen visitas online, [&hellip;]<\/p>\n","protected":false},"author":18,"featured_media":686,"comment_status":"open","ping_status":"open","sticky":false,"template":"","format":"standard","meta":{"_acf_changed":false,"_monsterinsights_skip_tracking":false,"_monsterinsights_sitenote_active":false,"_monsterinsights_sitenote_note":"","_monsterinsights_sitenote_category":0,"footnotes":""},"categories":[45,46],"tags":[122,123,121],"class_list":["post-685","post","type-post","status-publish","format-standard","has-post-thumbnail","hentry","category-boletin-colorao","category-en-la-prensa","tag-archivos","tag-digitalizacion","tag-prensa"],"blocksy_meta":[],"acf":[],"jetpack_featured_media_url":"https:\/\/www.upo.es\/patio-colorado\/wp-content\/uploads\/2020\/03\/Captura-de-pantalla-10.png","_links":{"self":[{"href":"https:\/\/www.upo.es\/patio-colorado\/wp-json\/wp\/v2\/posts\/685","targetHints":{"allow":["GET"]}}],"collection":[{"href":"https:\/\/www.upo.es\/patio-colorado\/wp-json\/wp\/v2\/posts"}],"about":[{"href":"https:\/\/www.upo.es\/patio-colorado\/wp-json\/wp\/v2\/types\/post"}],"author":[{"embeddable":true,"href":"https:\/\/www.upo.es\/patio-colorado\/wp-json\/wp\/v2\/users\/18"}],"replies":[{"embeddable":true,"href":"https:\/\/www.upo.es\/patio-colorado\/wp-json\/wp\/v2\/comments?post=685"}],"version-history":[{"count":1,"href":"https:\/\/www.upo.es\/patio-colorado\/wp-json\/wp\/v2\/posts\/685\/revisions"}],"predecessor-version":[{"id":687,"href":"https:\/\/www.upo.es\/patio-colorado\/wp-json\/wp\/v2\/posts\/685\/revisions\/687"}],"wp:featuredmedia":[{"embeddable":true,"href":"https:\/\/www.upo.es\/patio-colorado\/wp-json\/wp\/v2\/media\/686"}],"wp:attachment":[{"href":"https:\/\/www.upo.es\/patio-colorado\/wp-json\/wp\/v2\/media?parent=685"}],"wp:term":[{"taxonomy":"category","embeddable":true,"href":"https:\/\/www.upo.es\/patio-colorado\/wp-json\/wp\/v2\/categories?post=685"},{"taxonomy":"post_tag","embeddable":true,"href":"https:\/\/www.upo.es\/patio-colorado\/wp-json\/wp\/v2\/tags?post=685"}],"curies":[{"name":"wp","href":"https:\/\/api.w.org\/{rel}","templated":true}]}}