{"id":6858,"date":"2023-05-21T16:49:05","date_gmt":"2023-05-21T16:49:05","guid":{"rendered":"https:\/\/www.upo.es\/patio-colorado\/?p=6858"},"modified":"2023-05-21T16:49:05","modified_gmt":"2023-05-21T16:49:05","slug":"feria-de-artesania-que-no-puedes-perder","status":"publish","type":"post","link":"https:\/\/www.upo.es\/patio-colorado\/2023\/05\/21\/feria-de-artesania-que-no-puedes-perder\/","title":{"rendered":"Feria de Artesan\u00eda que no puedes perder"},"content":{"rendered":"<p><span data-contrast=\"auto\">El tradicional encuentro de talleres artesanos vuelve a ofrecer una amplia muestra de productos hechos a mano. <\/span><\/p>\n<p><span data-contrast=\"auto\">La feria llamada \u201cHecho en Sevilla\u201d est\u00e1 esperando a amantes de artesan\u00eda hasta el 29 de mayo en la calle Fray Ceferino Gonz\u00e1lez, (entre el Archivo de Indias y la Catedral). All\u00ed podemos hacer compras art\u00edsticas en 31 puestos de talleres artesanales. Los vendedores ofrecen productos de alfarer\u00eda, cer\u00e1mica, cuero, joyer\u00eda, encuadernaci\u00f3n, mosaicos, forja, textil y otras m\u00faltiples opciones de productos exclusivos elaborados a mano por profesionales de la artesan\u00eda de Sevilla. En mi opini\u00f3n, la Feria de la Artesan\u00eda es una oportunidad incre\u00edble para conocer el arte local y hacer compras conscientes de souvenirs andaluces apoyando artistas de artesan\u00eda. <\/span><span data-ccp-props=\"{&quot;201341983&quot;:0,&quot;335559739&quot;:160,&quot;335559740&quot;:360}\">\u00a0<\/span><\/p>\n<p><span data-contrast=\"auto\">El horario de visita es de 10:00 a 14:30 por las ma\u00f1anas y de 17.30 a 21.00 horas por las tardes, de lunes a domingo.<\/span><span data-ccp-props=\"{&quot;201341983&quot;:0,&quot;335559739&quot;:160,&quot;335559740&quot;:360}\">\u00a0<\/span><\/p>\n<p><img loading=\"lazy\" decoding=\"async\" class=\"alignnone size-medium wp-image-6859\" src=\"https:\/\/www.upo.es\/patio-colorado\/wp-content\/uploads\/2023\/05\/Screenshot-2023-05-21-at-18.45.43-300x127.png\" alt=\"\" width=\"300\" height=\"127\" srcset=\"https:\/\/www.upo.es\/patio-colorado\/wp-content\/uploads\/2023\/05\/Screenshot-2023-05-21-at-18.45.43-300x127.png 300w, https:\/\/www.upo.es\/patio-colorado\/wp-content\/uploads\/2023\/05\/Screenshot-2023-05-21-at-18.45.43-1024x434.png 1024w, https:\/\/www.upo.es\/patio-colorado\/wp-content\/uploads\/2023\/05\/Screenshot-2023-05-21-at-18.45.43-768x326.png 768w, https:\/\/www.upo.es\/patio-colorado\/wp-content\/uploads\/2023\/05\/Screenshot-2023-05-21-at-18.45.43-1536x651.png 1536w, https:\/\/www.upo.es\/patio-colorado\/wp-content\/uploads\/2023\/05\/Screenshot-2023-05-21-at-18.45.43-2048x868.png 2048w\" sizes=\"auto, (max-width: 300px) 100vw, 300px\" \/><\/p>\n<p>\u00a1Buenas compras!<\/p>\n","protected":false},"excerpt":{"rendered":"<p>El tradicional encuentro de talleres artesanos vuelve a ofrecer una amplia muestra de productos hechos a mano. La feria llamada \u201cHecho en Sevilla\u201d est\u00e1 esperando a amantes de artesan\u00eda hasta el 29 de mayo en la calle Fray Ceferino Gonz\u00e1lez, (entre el Archivo de Indias y la Catedral). All\u00ed podemos hacer compras art\u00edsticas en 31 [&hellip;]<\/p>\n","protected":false},"author":119,"featured_media":6860,"comment_status":"open","ping_status":"open","sticky":false,"template":"","format":"standard","meta":{"_acf_changed":false,"_monsterinsights_skip_tracking":false,"_monsterinsights_sitenote_active":false,"_monsterinsights_sitenote_note":"","_monsterinsights_sitenote_category":0,"footnotes":""},"categories":[45,12],"tags":[838,15],"class_list":["post-6858","post","type-post","status-publish","format-standard","has-post-thumbnail","hentry","category-boletin-colorao","category-eventos","tag-feriadeartesania","tag-artesania"],"blocksy_meta":[],"acf":[],"jetpack_featured_media_url":"https:\/\/www.upo.es\/patio-colorado\/wp-content\/uploads\/2023\/05\/b3e0935d-eddc-45c7-bcad-6d23e40b86a3.png","_links":{"self":[{"href":"https:\/\/www.upo.es\/patio-colorado\/wp-json\/wp\/v2\/posts\/6858","targetHints":{"allow":["GET"]}}],"collection":[{"href":"https:\/\/www.upo.es\/patio-colorado\/wp-json\/wp\/v2\/posts"}],"about":[{"href":"https:\/\/www.upo.es\/patio-colorado\/wp-json\/wp\/v2\/types\/post"}],"author":[{"embeddable":true,"href":"https:\/\/www.upo.es\/patio-colorado\/wp-json\/wp\/v2\/users\/119"}],"replies":[{"embeddable":true,"href":"https:\/\/www.upo.es\/patio-colorado\/wp-json\/wp\/v2\/comments?post=6858"}],"version-history":[{"count":1,"href":"https:\/\/www.upo.es\/patio-colorado\/wp-json\/wp\/v2\/posts\/6858\/revisions"}],"predecessor-version":[{"id":6861,"href":"https:\/\/www.upo.es\/patio-colorado\/wp-json\/wp\/v2\/posts\/6858\/revisions\/6861"}],"wp:featuredmedia":[{"embeddable":true,"href":"https:\/\/www.upo.es\/patio-colorado\/wp-json\/wp\/v2\/media\/6860"}],"wp:attachment":[{"href":"https:\/\/www.upo.es\/patio-colorado\/wp-json\/wp\/v2\/media?parent=6858"}],"wp:term":[{"taxonomy":"category","embeddable":true,"href":"https:\/\/www.upo.es\/patio-colorado\/wp-json\/wp\/v2\/categories?post=6858"},{"taxonomy":"post_tag","embeddable":true,"href":"https:\/\/www.upo.es\/patio-colorado\/wp-json\/wp\/v2\/tags?post=6858"}],"curies":[{"name":"wp","href":"https:\/\/api.w.org\/{rel}","templated":true}]}}