{"id":6863,"date":"2023-05-21T18:58:18","date_gmt":"2023-05-21T18:58:18","guid":{"rendered":"https:\/\/www.upo.es\/patio-colorado\/?p=6863"},"modified":"2023-05-21T18:59:14","modified_gmt":"2023-05-21T18:59:14","slug":"este-ano-vuelve-a-sevilla-iconica-fest-2023","status":"publish","type":"post","link":"https:\/\/www.upo.es\/patio-colorado\/2023\/05\/21\/este-ano-vuelve-a-sevilla-iconica-fest-2023\/","title":{"rendered":"Este a\u00f1o vuelve a Sevilla: Ic\u00f3nica Fest 2023"},"content":{"rendered":"<p><span style=\"font-weight: 400\">Sevilla, conocida por su rica historia, su encanto arquitect\u00f3nico y su vibrante vida cultural, se prepara para recibir un evento que promete ser el punto culminante del a\u00f1o: Ic\u00f3nica Fest Sevilla 2023. En este encuentro musical se\u00a0brinda una variada selecci\u00f3n de g\u00e9neros que abarca los gustos de todos los asistentes. Desde pop y rock hasta electr\u00f3nica y flamenco, el festival se propone reflejar la diversidad musical y atraer a un p\u00fablico diverso y heterog\u00e9neo. Ic\u00f3nica Fest no es solo un festival, sino una oportunidad para descubrir y enamorarse de la ciudad de Sevilla en toda su magnificencia. Esta emocionante reuni\u00f3n tendr\u00e1 lugar del 15 de junio al 12 de julio en uno de los lugares m\u00e1s hermosos de la ciudad: la ic\u00f3nica Plaza de Espa\u00f1a.<\/span><\/p>\n<p>A continuaci\u00f3n, te presentamos la lista de los artistas invitados:<\/p>\n<p><img loading=\"lazy\" decoding=\"async\" class=\"wp-image-6864 alignleft\" src=\"https:\/\/www.upo.es\/patio-colorado\/wp-content\/uploads\/2023\/05\/Captura-de-Pantalla-2023-05-21-a-las-20.29.07-300x167.jpg\" alt=\"\" width=\"466\" height=\"259\" srcset=\"https:\/\/www.upo.es\/patio-colorado\/wp-content\/uploads\/2023\/05\/Captura-de-Pantalla-2023-05-21-a-las-20.29.07-300x167.jpg 300w, https:\/\/www.upo.es\/patio-colorado\/wp-content\/uploads\/2023\/05\/Captura-de-Pantalla-2023-05-21-a-las-20.29.07-1024x571.jpg 1024w, https:\/\/www.upo.es\/patio-colorado\/wp-content\/uploads\/2023\/05\/Captura-de-Pantalla-2023-05-21-a-las-20.29.07-768x428.jpg 768w, https:\/\/www.upo.es\/patio-colorado\/wp-content\/uploads\/2023\/05\/Captura-de-Pantalla-2023-05-21-a-las-20.29.07.jpg 1440w\" sizes=\"auto, (max-width: 466px) 100vw, 466px\" \/><\/p>\n<p><img loading=\"lazy\" decoding=\"async\" class=\"wp-image-6865 alignright\" src=\"https:\/\/www.upo.es\/patio-colorado\/wp-content\/uploads\/2023\/05\/Captura-de-Pantalla-2023-05-21-a-las-20.29.15-300x166.jpg\" alt=\"\" width=\"472\" height=\"261\" srcset=\"https:\/\/www.upo.es\/patio-colorado\/wp-content\/uploads\/2023\/05\/Captura-de-Pantalla-2023-05-21-a-las-20.29.15-300x166.jpg 300w, https:\/\/www.upo.es\/patio-colorado\/wp-content\/uploads\/2023\/05\/Captura-de-Pantalla-2023-05-21-a-las-20.29.15-1024x566.jpg 1024w, https:\/\/www.upo.es\/patio-colorado\/wp-content\/uploads\/2023\/05\/Captura-de-Pantalla-2023-05-21-a-las-20.29.15-768x425.jpg 768w, https:\/\/www.upo.es\/patio-colorado\/wp-content\/uploads\/2023\/05\/Captura-de-Pantalla-2023-05-21-a-las-20.29.15.jpg 1440w\" sizes=\"auto, (max-width: 472px) 100vw, 472px\" \/><\/p>\n<p><img loading=\"lazy\" decoding=\"async\" class=\"wp-image-6866 alignleft\" src=\"https:\/\/www.upo.es\/patio-colorado\/wp-content\/uploads\/2023\/05\/Captura-de-Pantalla-2023-05-21-a-las-20.29.22-300x166.jpg\" alt=\"\" width=\"482\" height=\"266\" srcset=\"https:\/\/www.upo.es\/patio-colorado\/wp-content\/uploads\/2023\/05\/Captura-de-Pantalla-2023-05-21-a-las-20.29.22-300x166.jpg 300w, https:\/\/www.upo.es\/patio-colorado\/wp-content\/uploads\/2023\/05\/Captura-de-Pantalla-2023-05-21-a-las-20.29.22-1024x568.jpg 1024w, https:\/\/www.upo.es\/patio-colorado\/wp-content\/uploads\/2023\/05\/Captura-de-Pantalla-2023-05-21-a-las-20.29.22-768x426.jpg 768w, https:\/\/www.upo.es\/patio-colorado\/wp-content\/uploads\/2023\/05\/Captura-de-Pantalla-2023-05-21-a-las-20.29.22.jpg 1440w\" sizes=\"auto, (max-width: 482px) 100vw, 482px\" \/><\/p>\n<p><img loading=\"lazy\" decoding=\"async\" class=\"wp-image-6867 alignright\" src=\"https:\/\/www.upo.es\/patio-colorado\/wp-content\/uploads\/2023\/05\/Captura-de-Pantalla-2023-05-21-a-las-20.29.29-300x169.jpg\" alt=\"\" width=\"487\" height=\"274\" srcset=\"https:\/\/www.upo.es\/patio-colorado\/wp-content\/uploads\/2023\/05\/Captura-de-Pantalla-2023-05-21-a-las-20.29.29-300x169.jpg 300w, https:\/\/www.upo.es\/patio-colorado\/wp-content\/uploads\/2023\/05\/Captura-de-Pantalla-2023-05-21-a-las-20.29.29-1024x577.jpg 1024w, https:\/\/www.upo.es\/patio-colorado\/wp-content\/uploads\/2023\/05\/Captura-de-Pantalla-2023-05-21-a-las-20.29.29-768x433.jpg 768w, https:\/\/www.upo.es\/patio-colorado\/wp-content\/uploads\/2023\/05\/Captura-de-Pantalla-2023-05-21-a-las-20.29.29.jpg 1440w\" sizes=\"auto, (max-width: 487px) 100vw, 487px\" \/><\/p>\n<p><img loading=\"lazy\" decoding=\"async\" class=\"wp-image-6868 alignleft\" src=\"https:\/\/www.upo.es\/patio-colorado\/wp-content\/uploads\/2023\/05\/Captura-de-Pantalla-2023-05-21-a-las-20.29.37-300x168.jpg\" alt=\"\" width=\"492\" height=\"276\" srcset=\"https:\/\/www.upo.es\/patio-colorado\/wp-content\/uploads\/2023\/05\/Captura-de-Pantalla-2023-05-21-a-las-20.29.37-300x168.jpg 300w, https:\/\/www.upo.es\/patio-colorado\/wp-content\/uploads\/2023\/05\/Captura-de-Pantalla-2023-05-21-a-las-20.29.37-1024x572.jpg 1024w, https:\/\/www.upo.es\/patio-colorado\/wp-content\/uploads\/2023\/05\/Captura-de-Pantalla-2023-05-21-a-las-20.29.37-768x429.jpg 768w, https:\/\/www.upo.es\/patio-colorado\/wp-content\/uploads\/2023\/05\/Captura-de-Pantalla-2023-05-21-a-las-20.29.37.jpg 1436w\" sizes=\"auto, (max-width: 492px) 100vw, 492px\" \/><\/p>\n<p>&nbsp;<\/p>\n<p>&nbsp;<\/p>\n<p>&nbsp;<\/p>\n<p>&nbsp;<\/p>\n<p>&nbsp;<\/p>\n<p>&nbsp;<\/p>\n<p>&nbsp;<\/p>\n<p>&nbsp;<\/p>\n<p>&nbsp;<\/p>\n<p>&nbsp;<\/p>\n<p>&nbsp;<\/p>\n<p>&nbsp;<\/p>\n<p>&nbsp;<\/p>\n<p>&nbsp;<\/p>\n<p>&nbsp;<\/p>\n<p>&nbsp;<\/p>\n<p>&nbsp;<\/p>\n<p>&nbsp;<\/p>\n<p>&nbsp;<\/p>\n<p>&nbsp;<\/p>\n<p>&nbsp;<\/p>\n<p>&nbsp;<\/p>\n<p>&nbsp;<\/p>\n<p>&nbsp;<\/p>\n<p>&nbsp;<\/p>\n<p>&nbsp;<\/p>\n<p>&nbsp;<\/p>\n<p>&nbsp;<\/p>\n<p>&nbsp;<\/p>\n<p>&nbsp;<\/p>\n<p>15 de junio: Solomun<\/p>\n<p>16 de junio: Pablo L\u00f3pez<\/p>\n<p>18 de junio: Bizarrap<\/p>\n<p>22 de junio: Juan Amodeo<\/p>\n<p>23 de junio: Pastora Soler<\/p>\n<p>24 de junio: Lola \u00cdndigo<\/p>\n<p>25 de junio: Alejandro Fern\u00e1ndez<\/p>\n<p>29 de junio: Vanesa Mart\u00edn<\/p>\n<p>01 de julio: Ana Torroja + Fangoria + Nancys Rubias<\/p>\n<p>02 de julio: Gala de Mariachi<\/p>\n<p>03 de julio: Kraftwerk<\/p>\n<p>04 de julio: Julieta Venegas y Bomba Est\u00e9reo<\/p>\n<p>05 de julio: Marco Antonio Sol\u00eds<\/p>\n<p>06 de julio: Fito Paez<\/p>\n<p>07 de julio: Beret<\/p>\n<p>09 de julio: Loquillo + Los Secretos<\/p>\n<p>11 de julio: Scorpions<\/p>\n<p>12 de julio: Nile Rodgers &amp; Chic<\/p>\n<p>13 de julio: \u00a0Ennio Morricone. The Official Concert Celebration<\/p>\n<p>14 de julio: Anastacia<\/p>\n<p>15 de julio: LP<\/p>\n<p>21 y 22 de julio: Laura Pausini<\/p>\n<p>Para obtener toda la informaci\u00f3n y adquirir las entradas para tu artista favorito, te invitamos a visitar la p\u00e1gina web oficial del evento: <a href=\"https:\/\/iconicafest.com\/iconica-music-sessions\/\">https:\/\/iconicafest.com\/iconica-music-sessions\/<\/a>. All\u00ed encontrar\u00e1s todos los detalles necesarios y podr\u00e1s asegurarte de no perderte ninguna de las emocionantes actuaciones.<\/p>\n","protected":false},"excerpt":{"rendered":"<p>Sevilla, conocida por su rica historia, su encanto arquitect\u00f3nico y su vibrante vida cultural, se prepara para recibir un evento que promete ser el punto culminante del a\u00f1o: Ic\u00f3nica Fest Sevilla 2023. En este encuentro musical se\u00a0brinda una variada selecci\u00f3n de g\u00e9neros que abarca los gustos de todos los asistentes. Desde pop y rock hasta [&hellip;]<\/p>\n","protected":false},"author":35,"featured_media":6869,"comment_status":"open","ping_status":"open","sticky":false,"template":"","format":"standard","meta":{"_acf_changed":false,"_monsterinsights_skip_tracking":false,"_monsterinsights_sitenote_active":false,"_monsterinsights_sitenote_note":"","_monsterinsights_sitenote_category":0,"footnotes":""},"categories":[45,12,35,23,44,301],"tags":[696,436,839,608],"class_list":["post-6863","post","type-post","status-publish","format-standard","has-post-thumbnail","hentry","category-boletin-colorao","category-eventos","category-fiestas-tradiciones","category-patrimonio-vivo","category-patrimonio","category-sevilla","tag-musicaenvivo","tag-festival","tag-iconicafest","tag-plaza-de-espana"],"blocksy_meta":[],"acf":[],"jetpack_featured_media_url":"https:\/\/www.upo.es\/patio-colorado\/wp-content\/uploads\/2023\/05\/Iconica_Raphael_2_Niccolo_Guasti_48-scaled-1-e1684694700964.jpg","_links":{"self":[{"href":"https:\/\/www.upo.es\/patio-colorado\/wp-json\/wp\/v2\/posts\/6863","targetHints":{"allow":["GET"]}}],"collection":[{"href":"https:\/\/www.upo.es\/patio-colorado\/wp-json\/wp\/v2\/posts"}],"about":[{"href":"https:\/\/www.upo.es\/patio-colorado\/wp-json\/wp\/v2\/types\/post"}],"author":[{"embeddable":true,"href":"https:\/\/www.upo.es\/patio-colorado\/wp-json\/wp\/v2\/users\/35"}],"replies":[{"embeddable":true,"href":"https:\/\/www.upo.es\/patio-colorado\/wp-json\/wp\/v2\/comments?post=6863"}],"version-history":[{"count":10,"href":"https:\/\/www.upo.es\/patio-colorado\/wp-json\/wp\/v2\/posts\/6863\/revisions"}],"predecessor-version":[{"id":6917,"href":"https:\/\/www.upo.es\/patio-colorado\/wp-json\/wp\/v2\/posts\/6863\/revisions\/6917"}],"wp:featuredmedia":[{"embeddable":true,"href":"https:\/\/www.upo.es\/patio-colorado\/wp-json\/wp\/v2\/media\/6869"}],"wp:attachment":[{"href":"https:\/\/www.upo.es\/patio-colorado\/wp-json\/wp\/v2\/media?parent=6863"}],"wp:term":[{"taxonomy":"category","embeddable":true,"href":"https:\/\/www.upo.es\/patio-colorado\/wp-json\/wp\/v2\/categories?post=6863"},{"taxonomy":"post_tag","embeddable":true,"href":"https:\/\/www.upo.es\/patio-colorado\/wp-json\/wp\/v2\/tags?post=6863"}],"curies":[{"name":"wp","href":"https:\/\/api.w.org\/{rel}","templated":true}]}}