{"id":6884,"date":"2023-05-22T13:16:36","date_gmt":"2023-05-22T13:16:36","guid":{"rendered":"https:\/\/www.upo.es\/patio-colorado\/?p=6884"},"modified":"2023-05-22T13:16:36","modified_gmt":"2023-05-22T13:16:36","slug":"las-sevillanas-como-bien-de-interes-cultural","status":"publish","type":"post","link":"https:\/\/www.upo.es\/patio-colorado\/2023\/05\/22\/las-sevillanas-como-bien-de-interes-cultural\/","title":{"rendered":"\u00bfLas sevillanas como bien de inter\u00e9s cultural?"},"content":{"rendered":"<p><span data-contrast=\"auto\">\u201cEl Correo\u201d anuncia que el Gobierno local ha decidido iniciar los tr\u00e1mites para solicitar que las sevillanas sean declaradas como bien de inter\u00e9s cultural. En \u201cPatio Colorao\u201d ya hemos publicado un texto sobre un arte local tan bonito que es la sevillana. Ahora el alcalde de Sevilla, Antonio Mu\u00f1oz, ha empezado los tr\u00e1mites para solicitar que el cante y baile por sevillanas sea declarado como bien de inter\u00e9s cultural. El alcalde pronunci\u00f3 que las sevillanas son \u00abalgo tan arraigado a la cultura y el folclore\u00bb de Sevilla. <\/span><span data-ccp-props=\"{&quot;201341983&quot;:0,&quot;335559739&quot;:160,&quot;335559740&quot;:360}\">\u00a0<\/span><\/p>\n<p><span data-contrast=\"auto\">\u00bfPero qu\u00e9 es bien de inter\u00e9s cultural? Bien de Inter\u00e9s Cultural (BIC) es un t\u00e9rmino utilizado en Espa\u00f1a para referirse a un tipo de protecci\u00f3n legal otorgada a ciertos elementos del patrimonio cultural del pa\u00eds. Se trata de una figura jur\u00eddica que busca preservar y salvaguardar aquellos bienes que se consideran de especial inter\u00e9s para la cultura, la historia, la arquitectura o cualquier otro \u00e1mbito relacionado con la identidad cultural de la naci\u00f3n.<\/span><span data-ccp-props=\"{&quot;201341983&quot;:0,&quot;335559739&quot;:160,&quot;335559740&quot;:360}\">\u00a0<\/span><\/p>\n<p><span data-contrast=\"auto\">Los bienes que pueden ser declarados como BIC abarcan una amplia variedad de categor\u00edas, como edificios, conjuntos hist\u00f3ricos, yacimientos arqueol\u00f3gicos, lugares de inter\u00e9s etnol\u00f3gico, jardines hist\u00f3ricos, obras de arte, archivos, bibliotecas, entre otros. Esta categorizaci\u00f3n permite que estos bienes reciban una protecci\u00f3n legal m\u00e1s rigurosa y espec\u00edfica, con el objetivo de garantizar su conservaci\u00f3n y promover su conocimiento y disfrute por parte de la sociedad.<\/span><span data-ccp-props=\"{&quot;201341983&quot;:0,&quot;335559739&quot;:160,&quot;335559740&quot;:360}\">\u00a0<\/span><\/p>\n<p><span data-contrast=\"auto\">La declaraci\u00f3n de un bien como BIC implica una serie de beneficios y obligaciones tanto para los propietarios como para las administraciones p\u00fablicas responsables de su protecci\u00f3n. Entre los beneficios se incluyen incentivos fiscales, acceso a ayudas y subvenciones para su conservaci\u00f3n, promoci\u00f3n y difusi\u00f3n, as\u00ed como la posibilidad de obtener financiaci\u00f3n p\u00fablica para proyectos de restauraci\u00f3n. Por otro lado, tambi\u00e9n implica restricciones en cuanto a las modificaciones que se pueden realizar en el bien, con el fin de preservar su valor hist\u00f3rico y cultural.<\/span><span data-ccp-props=\"{&quot;201341983&quot;:0,&quot;335559739&quot;:160,&quot;335559740&quot;:360}\"> \u00a0<\/span><\/p>\n<p>\u00a1Dedos cruzados para las sevillanas!<\/p>\n<p><span data-contrast=\"auto\">Fuente: <\/span><a href=\"https:\/\/elcorreoweb.es\/sevilla\/las-sevillanas-seran-declaradas-bien-de-interes-cultural-LE8503379\"><span data-contrast=\"none\">https:\/\/elcorreoweb.es\/sevilla\/las-sevillanas-seran-declaradas-bien-de-interes-cultural-LE8503379<\/span><\/a> <span data-ccp-props=\"{&quot;201341983&quot;:0,&quot;335559739&quot;:160,&quot;335559740&quot;:360}\">\u00a0<\/span><\/p>\n","protected":false},"excerpt":{"rendered":"<p>\u201cEl Correo\u201d anuncia que el Gobierno local ha decidido iniciar los tr\u00e1mites para solicitar que las sevillanas sean declaradas como bien de inter\u00e9s cultural. En \u201cPatio Colorao\u201d ya hemos publicado un texto sobre un arte local tan bonito que es la sevillana. Ahora el alcalde de Sevilla, Antonio Mu\u00f1oz, ha empezado los tr\u00e1mites para solicitar [&hellip;]<\/p>\n","protected":false},"author":119,"featured_media":6885,"comment_status":"open","ping_status":"open","sticky":false,"template":"","format":"standard","meta":{"_acf_changed":false,"_monsterinsights_skip_tracking":false,"_monsterinsights_sitenote_active":false,"_monsterinsights_sitenote_note":"","_monsterinsights_sitenote_category":0,"footnotes":""},"categories":[45,23],"tags":[730],"class_list":["post-6884","post","type-post","status-publish","format-standard","has-post-thumbnail","hentry","category-boletin-colorao","category-patrimonio-vivo","tag-sevillanas"],"blocksy_meta":[],"acf":[],"jetpack_featured_media_url":"https:\/\/www.upo.es\/patio-colorado\/wp-content\/uploads\/2023\/05\/archivo-fotos-1-27150-2715058_21080405_20230414171551.jpg","_links":{"self":[{"href":"https:\/\/www.upo.es\/patio-colorado\/wp-json\/wp\/v2\/posts\/6884","targetHints":{"allow":["GET"]}}],"collection":[{"href":"https:\/\/www.upo.es\/patio-colorado\/wp-json\/wp\/v2\/posts"}],"about":[{"href":"https:\/\/www.upo.es\/patio-colorado\/wp-json\/wp\/v2\/types\/post"}],"author":[{"embeddable":true,"href":"https:\/\/www.upo.es\/patio-colorado\/wp-json\/wp\/v2\/users\/119"}],"replies":[{"embeddable":true,"href":"https:\/\/www.upo.es\/patio-colorado\/wp-json\/wp\/v2\/comments?post=6884"}],"version-history":[{"count":1,"href":"https:\/\/www.upo.es\/patio-colorado\/wp-json\/wp\/v2\/posts\/6884\/revisions"}],"predecessor-version":[{"id":6886,"href":"https:\/\/www.upo.es\/patio-colorado\/wp-json\/wp\/v2\/posts\/6884\/revisions\/6886"}],"wp:featuredmedia":[{"embeddable":true,"href":"https:\/\/www.upo.es\/patio-colorado\/wp-json\/wp\/v2\/media\/6885"}],"wp:attachment":[{"href":"https:\/\/www.upo.es\/patio-colorado\/wp-json\/wp\/v2\/media?parent=6884"}],"wp:term":[{"taxonomy":"category","embeddable":true,"href":"https:\/\/www.upo.es\/patio-colorado\/wp-json\/wp\/v2\/categories?post=6884"},{"taxonomy":"post_tag","embeddable":true,"href":"https:\/\/www.upo.es\/patio-colorado\/wp-json\/wp\/v2\/tags?post=6884"}],"curies":[{"name":"wp","href":"https:\/\/api.w.org\/{rel}","templated":true}]}}