{"id":6892,"date":"2023-05-22T14:15:44","date_gmt":"2023-05-22T14:15:44","guid":{"rendered":"https:\/\/www.upo.es\/patio-colorado\/?p=6892"},"modified":"2023-05-22T14:15:44","modified_gmt":"2023-05-22T14:15:44","slug":"10a-edicion-de-la-noche-en-blanco-de-sevilla","status":"publish","type":"post","link":"https:\/\/www.upo.es\/patio-colorado\/2023\/05\/22\/10a-edicion-de-la-noche-en-blanco-de-sevilla\/","title":{"rendered":"10\u00aa Edici\u00f3n de la \u201cNoche en blanco\u201d de Sevilla"},"content":{"rendered":"<p><span style=\"font-weight: 400;\">El 6 de octubre se celebrar\u00e1 la 10\u00aa edici\u00f3n de la \u201cNoche en Blanco\u201d de Sevilla en la cual se proponen superar las 80.000 visitas del a\u00f1o anterior, contando con m\u00e1s de 120 actividades en diversos espacios. El principal objetivo de la edici\u00f3n de este a\u00f1o es lograr que salgan a la calle todos los ciudadanos y turistas y que disfruten de todas las actividades culturales asignadas para esa noche de viernes.\u00a0<\/span><\/p>\n<p><span style=\"font-weight: 400;\">Para lograr su objetivo los organizadores de este evento se han puesto en contacto con los participantes y las administraciones de las ediciones anteriores con el intuito de que estos vayan empezando a prepararse para la nueva edici\u00f3n de 2023. No solo utilizar\u00e1n las actividades exitosas de las anteriores ediciones, sino que les sumar\u00e1n nuevas y mejores propuestas con el objetivo de \u00abllegar a otro tipo de p\u00fablicos y seguir acercando la \u00abnoche de la cultura\u00bb a otros barrios diferentes al centro hist\u00f3rico de la capital andaluza\u201d.\u00a0<\/span><\/p>\n<p><span style=\"font-weight: 400;\">Los principales proveedores para la organizaci\u00f3n de este evento son los espacios peque\u00f1os, como las librer\u00edas, galer\u00edas de arte, hermandades, y exposiciones fotogr\u00e1ficas, sin embargo, la \u201cNoche en Blanco\u201d intenta llegar a los grandes espacios como son los museos, entre otros, para que los participantes puedan disfrutar de estos espacios emblem\u00e1ticos.<\/span><\/p>\n<p>&nbsp;<\/p>\n<p>&nbsp;<\/p>\n","protected":false},"excerpt":{"rendered":"<p>El 6 de octubre se celebrar\u00e1 la 10\u00aa edici\u00f3n de la \u201cNoche en Blanco\u201d de Sevilla en la cual se proponen superar las 80.000 visitas del a\u00f1o anterior, contando con m\u00e1s de 120 actividades en diversos espacios. El principal objetivo de la edici\u00f3n de este a\u00f1o es lograr que salgan a la calle todos los [&hellip;]<\/p>\n","protected":false},"author":121,"featured_media":0,"comment_status":"open","ping_status":"open","sticky":false,"template":"","format":"standard","meta":{"_acf_changed":false,"_monsterinsights_skip_tracking":false,"_monsterinsights_sitenote_active":false,"_monsterinsights_sitenote_note":"","_monsterinsights_sitenote_category":0,"footnotes":""},"categories":[12,35,170,301],"tags":[818,28,245,843,174],"class_list":["post-6892","post","type-post","status-publish","format-standard","hentry","category-eventos","category-fiestas-tradiciones","category-monumentos-y-turismo","category-sevilla","tag-actividades","tag-arte","tag-exposiciones","tag-noche-en-blanco","tag-ocio"],"blocksy_meta":[],"acf":[],"jetpack_featured_media_url":"","_links":{"self":[{"href":"https:\/\/www.upo.es\/patio-colorado\/wp-json\/wp\/v2\/posts\/6892","targetHints":{"allow":["GET"]}}],"collection":[{"href":"https:\/\/www.upo.es\/patio-colorado\/wp-json\/wp\/v2\/posts"}],"about":[{"href":"https:\/\/www.upo.es\/patio-colorado\/wp-json\/wp\/v2\/types\/post"}],"author":[{"embeddable":true,"href":"https:\/\/www.upo.es\/patio-colorado\/wp-json\/wp\/v2\/users\/121"}],"replies":[{"embeddable":true,"href":"https:\/\/www.upo.es\/patio-colorado\/wp-json\/wp\/v2\/comments?post=6892"}],"version-history":[{"count":1,"href":"https:\/\/www.upo.es\/patio-colorado\/wp-json\/wp\/v2\/posts\/6892\/revisions"}],"predecessor-version":[{"id":6894,"href":"https:\/\/www.upo.es\/patio-colorado\/wp-json\/wp\/v2\/posts\/6892\/revisions\/6894"}],"wp:attachment":[{"href":"https:\/\/www.upo.es\/patio-colorado\/wp-json\/wp\/v2\/media?parent=6892"}],"wp:term":[{"taxonomy":"category","embeddable":true,"href":"https:\/\/www.upo.es\/patio-colorado\/wp-json\/wp\/v2\/categories?post=6892"},{"taxonomy":"post_tag","embeddable":true,"href":"https:\/\/www.upo.es\/patio-colorado\/wp-json\/wp\/v2\/tags?post=6892"}],"curies":[{"name":"wp","href":"https:\/\/api.w.org\/{rel}","templated":true}]}}