{"id":6912,"date":"2023-05-22T16:14:09","date_gmt":"2023-05-22T16:14:09","guid":{"rendered":"https:\/\/www.upo.es\/patio-colorado\/?p=6912"},"modified":"2023-05-22T16:14:58","modified_gmt":"2023-05-22T16:14:58","slug":"la-odisea-de-magallanes-elcano-en-el-lope-de-vega","status":"publish","type":"post","link":"https:\/\/www.upo.es\/patio-colorado\/2023\/05\/22\/la-odisea-de-magallanes-elcano-en-el-lope-de-vega\/","title":{"rendered":"\u00abLa Odisea de Magallanes-Elcano\u00bb en el Lope de Vega"},"content":{"rendered":"<p><span style=\"font-weight: 400\">El Teatro Lope de Vega acoge el fin de semana del 26 al 28 de mayo a la compa\u00f1\u00eda Teatro Cl\u00e1sico de Sevilla con <\/span><i><span style=\"font-weight: 400\">La Odisea de Magallanes-Elcano<\/span><\/i><span style=\"font-weight: 400\">. Esta compa\u00f1\u00eda gan\u00f3 en 2021 el Premio Lorca a la Mejor Direcci\u00f3n y Mejor Escenograf\u00eda 2022 y tambi\u00e9n el premio al Mejor Actor que fue entregado al elenco al completo.\u00a0<\/span><\/p>\n<p><span style=\"font-weight: 400\">En esta obra se detallan algunos de los momentos m\u00e1s destacados del viaje de Fernando de Magallanes y Juan Sebasti\u00e1n Elcano, conmemorando as\u00ed el V Centenario de la primera vuelta al mundo.\u00a0<\/span><\/p>\n<p><img loading=\"lazy\" decoding=\"async\" class=\"size-medium wp-image-6913 aligncenter\" src=\"https:\/\/www.upo.es\/patio-colorado\/wp-content\/uploads\/2023\/05\/Captura-de-pantalla-2023-05-22-181139-300x197.png\" alt=\"\" width=\"300\" height=\"197\" srcset=\"https:\/\/www.upo.es\/patio-colorado\/wp-content\/uploads\/2023\/05\/Captura-de-pantalla-2023-05-22-181139-300x197.png 300w, https:\/\/www.upo.es\/patio-colorado\/wp-content\/uploads\/2023\/05\/Captura-de-pantalla-2023-05-22-181139.png 421w\" sizes=\"auto, (max-width: 300px) 100vw, 300px\" \/><\/p>\n<p style=\"text-align: center\">Recuperado de: <a href=\"https:\/\/www.sevillainfo.es\/noticias-de-cultura\/el-teatro-lope-de-vega-pone-a-la-venta-a-partir-de-este-martes-las-entradas-para-la-nueva-temporada\/\">https:\/\/www.sevillainfo.es\/noticias-de-cultura\/el-teatro-lope-de-vega-pone-a-la-venta-a-partir-de-este-martes-las-entradas-para-la-nueva-temporada\/<\/a><\/p>\n<p><span style=\"font-weight: 400\">La propuesta cuenta con la colaboraci\u00f3n del Ayuntamiento de Sevilla, la Junta de Andaluc\u00eda y el propio Lope de Vega y el sello de calidad de la Comisi\u00f3n Nacional de la Conmemoraci\u00f3n del V Centenario de la Primera Vuelta al Mundo. La compa\u00f1\u00eda ha apostado esta vez por una autor\u00eda coral en la que participar\u00e1n ocho autores de Andaluc\u00eda. Ejemplo de ello son: Javier Berger, Jos\u00e9 Luis de Blas, Borja de Diego, Paco G\u00e1mez, Ana Graciani y Carmen Pombero.<\/span><\/p>\n<p><span style=\"font-weight: 400\">La compa\u00f1\u00eda de teatro define la obra como \u201cuna aventura de locos\u201d y explican que es un gran y estimulante viaje teatral de un episodio hist\u00f3rico que deb\u00eda ser retratado sobre un escenario. En cuanto a la escenograf\u00eda y el dise\u00f1o del vestuario, se han encargado Curt Allen Wilmer y Leticia Gal\u00e1n (que hab\u00edan trabajado para la compa\u00f1\u00eda en ocasiones anteriores) unos artistas muy reconocidos con una gran trayectoria tras ellos. \u00a1No os perd\u00e1is esta maravillosa obra!<\/span><\/p>\n","protected":false},"excerpt":{"rendered":"<p>El Teatro Lope de Vega acoge el fin de semana del 26 al 28 de mayo a la compa\u00f1\u00eda Teatro Cl\u00e1sico de Sevilla con La Odisea de Magallanes-Elcano. Esta compa\u00f1\u00eda gan\u00f3 en 2021 el Premio Lorca a la Mejor Direcci\u00f3n y Mejor Escenograf\u00eda 2022 y tambi\u00e9n el premio al Mejor Actor que fue entregado al [&hellip;]<\/p>\n","protected":false},"author":31,"featured_media":6914,"comment_status":"open","ping_status":"open","sticky":false,"template":"","format":"standard","meta":{"_acf_changed":false,"_monsterinsights_skip_tracking":false,"_monsterinsights_sitenote_active":false,"_monsterinsights_sitenote_note":"","_monsterinsights_sitenote_category":0,"footnotes":""},"categories":[12,301],"tags":[854,855,853],"class_list":["post-6912","post","type-post","status-publish","format-standard","has-post-thumbnail","hentry","category-eventos","category-sevilla","tag-primera-vuelta-al-mundo","tag-teatro-clasico-de-sevilla","tag-teatro-lope-de-vega"],"blocksy_meta":[],"acf":[],"jetpack_featured_media_url":"https:\/\/www.upo.es\/patio-colorado\/wp-content\/uploads\/2023\/05\/Captura-de-pantalla-2023-05-22-180259.png","_links":{"self":[{"href":"https:\/\/www.upo.es\/patio-colorado\/wp-json\/wp\/v2\/posts\/6912","targetHints":{"allow":["GET"]}}],"collection":[{"href":"https:\/\/www.upo.es\/patio-colorado\/wp-json\/wp\/v2\/posts"}],"about":[{"href":"https:\/\/www.upo.es\/patio-colorado\/wp-json\/wp\/v2\/types\/post"}],"author":[{"embeddable":true,"href":"https:\/\/www.upo.es\/patio-colorado\/wp-json\/wp\/v2\/users\/31"}],"replies":[{"embeddable":true,"href":"https:\/\/www.upo.es\/patio-colorado\/wp-json\/wp\/v2\/comments?post=6912"}],"version-history":[{"count":2,"href":"https:\/\/www.upo.es\/patio-colorado\/wp-json\/wp\/v2\/posts\/6912\/revisions"}],"predecessor-version":[{"id":6916,"href":"https:\/\/www.upo.es\/patio-colorado\/wp-json\/wp\/v2\/posts\/6912\/revisions\/6916"}],"wp:featuredmedia":[{"embeddable":true,"href":"https:\/\/www.upo.es\/patio-colorado\/wp-json\/wp\/v2\/media\/6914"}],"wp:attachment":[{"href":"https:\/\/www.upo.es\/patio-colorado\/wp-json\/wp\/v2\/media?parent=6912"}],"wp:term":[{"taxonomy":"category","embeddable":true,"href":"https:\/\/www.upo.es\/patio-colorado\/wp-json\/wp\/v2\/categories?post=6912"},{"taxonomy":"post_tag","embeddable":true,"href":"https:\/\/www.upo.es\/patio-colorado\/wp-json\/wp\/v2\/tags?post=6912"}],"curies":[{"name":"wp","href":"https:\/\/api.w.org\/{rel}","templated":true}]}}