{"id":6919,"date":"2023-05-22T19:58:55","date_gmt":"2023-05-22T19:58:55","guid":{"rendered":"https:\/\/www.upo.es\/patio-colorado\/?p=6919"},"modified":"2023-05-22T19:58:55","modified_gmt":"2023-05-22T19:58:55","slug":"preestreno-para-jovenes-de-tosca-en-la-maestranza","status":"publish","type":"post","link":"https:\/\/www.upo.es\/patio-colorado\/2023\/05\/22\/preestreno-para-jovenes-de-tosca-en-la-maestranza\/","title":{"rendered":"Preestreno para j\u00f3venes de Tosca en la Maestranza"},"content":{"rendered":"<p>El pr\u00f3ximo 6 de junio de 2023 a las 20:00 horas, tendr\u00e1 lugar el preestreno de la opera Tosca en el Teatro de la Maestranza de Sevilla. Esta es una ocasi\u00f3n especial, ya que est\u00e1 dirigido a su publico joven, que permitir\u00e1 a los menores de 30 a\u00f1os asistir al prestreno por el precio \u00fanico de 10 euros. \u00a0Esta iniciativa dedicada a los jovenes se ha llevado a cabo gracias al \u00e9xito de la obra Jen\u016ffa, que tuvo lugar el pasado 14 de febrero.<\/p>\n<p>Esta \u00f3pera, compuesta por Giacomo Puccini, est\u00e1 dividida en tres actos y fue estrenada el 14 de enero de 1900 en Roma. El montaje actual cuenta con la direcci\u00f3n musical de Gianluca Marcian\u00f2 y con la direcci\u00f3n esc\u00e9nica de Rafael Rodr\u00edguez Villalobos. Estar\u00e1 interpretada por la Real Orquesta Sinf\u00f3nica de Sevilla (ROSS) y el Coro de la Asociaci\u00f3n de Amigos del Teatro de la Maestranza junto a un reparto encabezado por Yolanda Auyanet, Bryan Hymel y \u00c1ngel \u00d3dena. Ha sido coproducido por el Teatro de la Maestranza, La Moneda (Monnaie) de Bruselas, la \u00d3pera de Montpellier y el Gran Teatro del Liceo de Barcelona.<\/p>\n<p>Las entradas se podr\u00e1n adquirir en taquilla o en la del <a href=\"https:\/\/teatrodelamaestranza.koobin.events\/index.php?action=PU_evento&amp;Ev_id=1154&amp;idioma=ES\">pagina web<\/a> del teatro. Los asistentes deberan acreditar su edad con su DNI para acceder al teatro.<\/p>\n<p><strong>Bibliograf\u00eda<\/strong><\/p>\n<ul>\n<li>https:\/\/onsevilla.com\/tosca-teatro-maestranza-sevilla-2023<\/li>\n<li>https:\/\/teatrodelamaestranza.koobin.events\/index.php?action=PU_evento&amp;Ev_id=1154&amp;idioma=ES<\/li>\n<\/ul>\n","protected":false},"excerpt":{"rendered":"<p>El pr\u00f3ximo 6 de junio de 2023 a las 20:00 horas, tendr\u00e1 lugar el preestreno de la opera Tosca en el Teatro de la Maestranza de Sevilla. Esta es una ocasi\u00f3n especial, ya que est\u00e1 dirigido a su publico joven, que permitir\u00e1 a los menores de 30 a\u00f1os asistir al prestreno por el precio \u00fanico [&hellip;]<\/p>\n","protected":false},"author":40,"featured_media":6924,"comment_status":"open","ping_status":"open","sticky":false,"template":"","format":"standard","meta":{"_acf_changed":false,"_monsterinsights_skip_tracking":false,"_monsterinsights_sitenote_active":false,"_monsterinsights_sitenote_note":"","_monsterinsights_sitenote_category":0,"footnotes":""},"categories":[45,301],"tags":[674,852],"class_list":["post-6919","post","type-post","status-publish","format-standard","has-post-thumbnail","hentry","category-boletin-colorao","category-sevilla","tag-espectaculo","tag-opera"],"blocksy_meta":[],"acf":[],"jetpack_featured_media_url":"https:\/\/www.upo.es\/patio-colorado\/wp-content\/uploads\/2023\/05\/tosca-liceu-a-bofill-scaled.jpg","_links":{"self":[{"href":"https:\/\/www.upo.es\/patio-colorado\/wp-json\/wp\/v2\/posts\/6919","targetHints":{"allow":["GET"]}}],"collection":[{"href":"https:\/\/www.upo.es\/patio-colorado\/wp-json\/wp\/v2\/posts"}],"about":[{"href":"https:\/\/www.upo.es\/patio-colorado\/wp-json\/wp\/v2\/types\/post"}],"author":[{"embeddable":true,"href":"https:\/\/www.upo.es\/patio-colorado\/wp-json\/wp\/v2\/users\/40"}],"replies":[{"embeddable":true,"href":"https:\/\/www.upo.es\/patio-colorado\/wp-json\/wp\/v2\/comments?post=6919"}],"version-history":[{"count":3,"href":"https:\/\/www.upo.es\/patio-colorado\/wp-json\/wp\/v2\/posts\/6919\/revisions"}],"predecessor-version":[{"id":6923,"href":"https:\/\/www.upo.es\/patio-colorado\/wp-json\/wp\/v2\/posts\/6919\/revisions\/6923"}],"wp:featuredmedia":[{"embeddable":true,"href":"https:\/\/www.upo.es\/patio-colorado\/wp-json\/wp\/v2\/media\/6924"}],"wp:attachment":[{"href":"https:\/\/www.upo.es\/patio-colorado\/wp-json\/wp\/v2\/media?parent=6919"}],"wp:term":[{"taxonomy":"category","embeddable":true,"href":"https:\/\/www.upo.es\/patio-colorado\/wp-json\/wp\/v2\/categories?post=6919"},{"taxonomy":"post_tag","embeddable":true,"href":"https:\/\/www.upo.es\/patio-colorado\/wp-json\/wp\/v2\/tags?post=6919"}],"curies":[{"name":"wp","href":"https:\/\/api.w.org\/{rel}","templated":true}]}}