{"id":6951,"date":"2023-05-23T10:46:06","date_gmt":"2023-05-23T10:46:06","guid":{"rendered":"https:\/\/www.upo.es\/patio-colorado\/?p=6951"},"modified":"2023-05-23T10:46:06","modified_gmt":"2023-05-23T10:46:06","slug":"flamenco-puede-tener-sus-raices-en-africa","status":"publish","type":"post","link":"https:\/\/www.upo.es\/patio-colorado\/2023\/05\/23\/flamenco-puede-tener-sus-raices-en-africa\/","title":{"rendered":"Flamenco: \u00bfpuede tener sus ra\u00edces en \u00c1frica?"},"content":{"rendered":"<p><span style=\"font-weight: 400\">La bailaora de flamenco afrodescendiente, Yinka Esi Graves, se pregunt\u00f3 al ver bailar al Negro Meri si nadie ve\u00eda que era un baile \u201cnegro\u201d. Javier Padilla, que encarna al Negro Meri, es el primer bailaor que aparece en una grabaci\u00f3n de cine.<\/span><\/p>\n<p><span style=\"font-weight: 400\">Las investigaciones sobre el origen del flamenco han dado lugar a teor\u00edas sobre las influencias africanas en este baile. No ha sido hasta hace relativamente poco que los estudios han comenzado a ver la luz sobre la presencia africana en Andaluc\u00eda. Pero el papel de los africanos en la historia y la cultura espa\u00f1ola y occidental se suele invisibilizar. Un ejemplo ser\u00eda Juan de Pareja, un pintor que fue esclavo y, m\u00e1s tarde, disc\u00edpulo de Vel\u00e1zquez cuyos cuadros no quiso adquirir el Museo del Prado.\u00a0<\/span><\/p>\n<p><img loading=\"lazy\" decoding=\"async\" class=\"size-medium wp-image-6952 aligncenter\" src=\"https:\/\/www.upo.es\/patio-colorado\/wp-content\/uploads\/2023\/05\/Captura-de-pantalla-2023-05-23-124414-300x221.png\" alt=\"\" width=\"300\" height=\"221\" srcset=\"https:\/\/www.upo.es\/patio-colorado\/wp-content\/uploads\/2023\/05\/Captura-de-pantalla-2023-05-23-124414-300x221.png 300w, https:\/\/www.upo.es\/patio-colorado\/wp-content\/uploads\/2023\/05\/Captura-de-pantalla-2023-05-23-124414.png 417w\" sizes=\"auto, (max-width: 300px) 100vw, 300px\" \/><\/p>\n<p style=\"text-align: center\">Recuperado de: <a href=\"https:\/\/www.pinterest.es\/pin\/572520171362646906\/\">https:\/\/www.pinterest.es\/pin\/572520171362646906\/<\/a><\/p>\n<p><span style=\"font-weight: 400\">El flamenco es un arte joven ya que no se consolida hasta mediados del XIX, pero las investigaciones sobre sus or\u00edgenes son a\u00fan m\u00e1s recientes. El antrop\u00f3logo y m\u00fasico Ra\u00fal Rodr\u00edguez Qui\u00f1ones explica que la zarabanda fue el primer ritmo africano del que se tiene constancia en Sevilla durante el Siglo de Oro. Tanto la zarabanda como el flamenco tienen caracter\u00edsticas comunes como por ejemplo el comp\u00e1s de doce tiempos, el baile de brazos y zapateado, entre otras.<\/span><\/p>\n<p><span style=\"font-weight: 400\">Conforme pasaron los siglos, muchos esclavos pudieron comprar su libertad y vivieron en las mismas comunidades extramuros que los gitanos, moriscos y otros grupos sociales. Es por esto que podemos advertir que las comunidades gitanas vivieron muy mezcladas con la poblaci\u00f3n negra y morisca, llevando a cabo una mezcla de culturas que dar\u00edan lugar al flamenco.<\/span><\/p>\n","protected":false},"excerpt":{"rendered":"<p>La bailaora de flamenco afrodescendiente, Yinka Esi Graves, se pregunt\u00f3 al ver bailar al Negro Meri si nadie ve\u00eda que era un baile \u201cnegro\u201d. Javier Padilla, que encarna al Negro Meri, es el primer bailaor que aparece en una grabaci\u00f3n de cine. Las investigaciones sobre el origen del flamenco han dado lugar a teor\u00edas sobre [&hellip;]<\/p>\n","protected":false},"author":31,"featured_media":6953,"comment_status":"open","ping_status":"open","sticky":false,"template":"","format":"standard","meta":{"_acf_changed":false,"_monsterinsights_skip_tracking":false,"_monsterinsights_sitenote_active":false,"_monsterinsights_sitenote_note":"","_monsterinsights_sitenote_category":0,"footnotes":""},"categories":[1],"tags":[89,858,857],"class_list":["post-6951","post","type-post","status-publish","format-standard","has-post-thumbnail","hentry","category-sin-categoria","tag-flamenco","tag-africa","tag-origen"],"blocksy_meta":[],"acf":[],"jetpack_featured_media_url":"https:\/\/www.upo.es\/patio-colorado\/wp-content\/uploads\/2023\/05\/Captura-de-pantalla-2023-05-23-124209.png","_links":{"self":[{"href":"https:\/\/www.upo.es\/patio-colorado\/wp-json\/wp\/v2\/posts\/6951","targetHints":{"allow":["GET"]}}],"collection":[{"href":"https:\/\/www.upo.es\/patio-colorado\/wp-json\/wp\/v2\/posts"}],"about":[{"href":"https:\/\/www.upo.es\/patio-colorado\/wp-json\/wp\/v2\/types\/post"}],"author":[{"embeddable":true,"href":"https:\/\/www.upo.es\/patio-colorado\/wp-json\/wp\/v2\/users\/31"}],"replies":[{"embeddable":true,"href":"https:\/\/www.upo.es\/patio-colorado\/wp-json\/wp\/v2\/comments?post=6951"}],"version-history":[{"count":1,"href":"https:\/\/www.upo.es\/patio-colorado\/wp-json\/wp\/v2\/posts\/6951\/revisions"}],"predecessor-version":[{"id":6954,"href":"https:\/\/www.upo.es\/patio-colorado\/wp-json\/wp\/v2\/posts\/6951\/revisions\/6954"}],"wp:featuredmedia":[{"embeddable":true,"href":"https:\/\/www.upo.es\/patio-colorado\/wp-json\/wp\/v2\/media\/6953"}],"wp:attachment":[{"href":"https:\/\/www.upo.es\/patio-colorado\/wp-json\/wp\/v2\/media?parent=6951"}],"wp:term":[{"taxonomy":"category","embeddable":true,"href":"https:\/\/www.upo.es\/patio-colorado\/wp-json\/wp\/v2\/categories?post=6951"},{"taxonomy":"post_tag","embeddable":true,"href":"https:\/\/www.upo.es\/patio-colorado\/wp-json\/wp\/v2\/tags?post=6951"}],"curies":[{"name":"wp","href":"https:\/\/api.w.org\/{rel}","templated":true}]}}