{"id":6963,"date":"2023-05-23T13:53:42","date_gmt":"2023-05-23T13:53:42","guid":{"rendered":"https:\/\/www.upo.es\/patio-colorado\/?p=6963"},"modified":"2023-05-24T11:10:57","modified_gmt":"2023-05-24T11:10:57","slug":"liv-reunion-de-canta-jondo-en-la-puebla-de-cazalla","status":"publish","type":"post","link":"https:\/\/www.upo.es\/patio-colorado\/2023\/05\/23\/liv-reunion-de-canta-jondo-en-la-puebla-de-cazalla\/","title":{"rendered":"LIV Reuni\u00f3n de Cante Jondo en La Puebla de Cazalla"},"content":{"rendered":"<p>Como cada a\u00f1o desde 1968, el municipio sevillano de La Puebla de Cazalla celebra su Reuni\u00f3n de Cante Jondo. Este a\u00f1o, este festival que constituye uno de los espect\u00e1culos flamencos m\u00e1s exitosos y populares de Andaluc\u00eda, celebrar\u00e1 su LIV edici\u00f3n.<\/p>\n<p>El festival consiste en la celebraci\u00f3n de una gran noche en la que podr\u00e1s disfrutar de hasta ocho horas de cante jondo en boca de grandes cantaores como Jos\u00e9 de la Tomasa o la Yiya, al toque de Antonia Jim\u00e9nez, el Perla, Antonio Higuero y Antonio Carri\u00f3n y acompa\u00f1ados del baile de Eduardo Guerrero. Adem\u00e1s, a lo largo de toda la semana previa se oferta una amplia programaci\u00f3n de espect\u00e1culos que tienen lugar al anochecer en las distintas plazas del pueblo.<\/p>\n<p><img loading=\"lazy\" decoding=\"async\" class=\"alignnone size-full wp-image-6971\" src=\"https:\/\/www.upo.es\/patio-colorado\/wp-content\/uploads\/2023\/05\/descarga-23.jpg\" alt=\"\" width=\"287\" height=\"175\" \/> <img loading=\"lazy\" decoding=\"async\" class=\"alignnone size-full wp-image-6972\" src=\"https:\/\/www.upo.es\/patio-colorado\/wp-content\/uploads\/2023\/05\/images-1-1.jpg\" alt=\"\" width=\"275\" height=\"183\" \/><\/p>\n<p>Al igual que en el resto de ediciones, esta cita tendr\u00e1 lugar en el patio de la Hacienda Nuestra Se\u00f1ora del Carmen, conocida popularmente en la localidad como Hacienda La Fuenlonguilla. Esta hacienda data de 1858 y en su origen se dedicaba a actividades ganaderas y agr\u00edcolas. Lo m\u00e1s destacable del conjunto es la almazara, que todav\u00eda hoy se conserva en perfecto estado. Frente a ella, hay un peque\u00f1o parte en el que se encuentra la Fuente de la Plata y un abrevadero de origen \u00e1rabe.<\/p>\n<p><img loading=\"lazy\" decoding=\"async\" class=\"alignnone size-full wp-image-6967\" src=\"https:\/\/www.upo.es\/patio-colorado\/wp-content\/uploads\/2023\/05\/descarga-18.jpg\" alt=\"\" width=\"259\" height=\"194\" \/><img loading=\"lazy\" decoding=\"async\" class=\"size-full wp-image-6969 alignleft\" src=\"https:\/\/www.upo.es\/patio-colorado\/wp-content\/uploads\/2023\/05\/descarga-21.jpg\" alt=\"\" width=\"293\" height=\"172\" \/><\/p>\n<p>Adem\u00e1s de albergar el Museo del Aceite y el Mueso Arqueol\u00f3gico, tambi\u00e9n posee un Museo Flamenco en el que se expone la carteler\u00eda de las distintas ediciones del festival y la famosa l\u00e1mpara que alumbra cada a\u00f1o la noche del cante jondo, obra de Francisco y Jos\u00e9 Mar\u00eda Moreno Galv\u00e1n, originarios de la localidad. <img loading=\"lazy\" decoding=\"async\" class=\"size-medium wp-image-6966 alignright\" src=\"https:\/\/www.upo.es\/patio-colorado\/wp-content\/uploads\/2023\/05\/Museo-Del-Flamenco-Puebla-de-Cazalla-300x123.jpg\" alt=\"\" width=\"300\" height=\"123\" srcset=\"https:\/\/www.upo.es\/patio-colorado\/wp-content\/uploads\/2023\/05\/Museo-Del-Flamenco-Puebla-de-Cazalla-300x123.jpg 300w, https:\/\/www.upo.es\/patio-colorado\/wp-content\/uploads\/2023\/05\/Museo-Del-Flamenco-Puebla-de-Cazalla-768x314.jpg 768w, https:\/\/www.upo.es\/patio-colorado\/wp-content\/uploads\/2023\/05\/Museo-Del-Flamenco-Puebla-de-Cazalla.jpg 800w\" sizes=\"auto, (max-width: 300px) 100vw, 300px\" \/><\/p>\n<p>El flamenco y la historia de este pueblo sevillano est\u00e1n estrechamente ligados pues en \u00e9l han nacido importantes figuras del flamenco andaluz como Jos\u00e9 Meneses, Diego Clavel o Manuel Gerena, as\u00ed como los hermanos Moreno Galv\u00e1n anteriormente mencionados.<\/p>\n<p>La programaci\u00f3n completa est\u00e1 en el cartel, disponible el perfil oficial de la Reuni\u00f3n en Facebook:\u00a0<a href=\"https:\/\/www.facebook.com\/ReunionDeCanteJondo\/?locale=es_ES\">https:\/\/www.facebook.com\/ReunionDeCanteJondo\/?locale=es_ES<\/a><\/p>\n","protected":false},"excerpt":{"rendered":"<p>Como cada a\u00f1o desde 1968, el municipio sevillano de La Puebla de Cazalla celebra su Reuni\u00f3n de Cante Jondo. Este a\u00f1o, este festival que constituye uno de los espect\u00e1culos flamencos m\u00e1s exitosos y populares de Andaluc\u00eda, celebrar\u00e1 su LIV edici\u00f3n. El festival consiste en la celebraci\u00f3n de una gran noche en la que podr\u00e1s disfrutar [&hellip;]<\/p>\n","protected":false},"author":111,"featured_media":6970,"comment_status":"open","ping_status":"open","sticky":false,"template":"","format":"standard","meta":{"_acf_changed":false,"_monsterinsights_skip_tracking":false,"_monsterinsights_sitenote_active":false,"_monsterinsights_sitenote_note":"","_monsterinsights_sitenote_category":0,"footnotes":""},"categories":[45,46,12,35,403,186,23,301],"tags":[89,676,859,464],"class_list":["post-6963","post","type-post","status-publish","format-standard","has-post-thumbnail","hentry","category-boletin-colorao","category-en-la-prensa","category-eventos","category-fiestas-tradiciones","category-historias-y-mucho-mas","category-literatura-musica","category-patrimonio-vivo","category-sevilla","tag-flamenco","tag-baile","tag-cantejondo","tag-lapuebladecazalla"],"blocksy_meta":[],"acf":[],"jetpack_featured_media_url":"https:\/\/www.upo.es\/patio-colorado\/wp-content\/uploads\/2023\/05\/descarga-22.jpg","_links":{"self":[{"href":"https:\/\/www.upo.es\/patio-colorado\/wp-json\/wp\/v2\/posts\/6963","targetHints":{"allow":["GET"]}}],"collection":[{"href":"https:\/\/www.upo.es\/patio-colorado\/wp-json\/wp\/v2\/posts"}],"about":[{"href":"https:\/\/www.upo.es\/patio-colorado\/wp-json\/wp\/v2\/types\/post"}],"author":[{"embeddable":true,"href":"https:\/\/www.upo.es\/patio-colorado\/wp-json\/wp\/v2\/users\/111"}],"replies":[{"embeddable":true,"href":"https:\/\/www.upo.es\/patio-colorado\/wp-json\/wp\/v2\/comments?post=6963"}],"version-history":[{"count":2,"href":"https:\/\/www.upo.es\/patio-colorado\/wp-json\/wp\/v2\/posts\/6963\/revisions"}],"predecessor-version":[{"id":7018,"href":"https:\/\/www.upo.es\/patio-colorado\/wp-json\/wp\/v2\/posts\/6963\/revisions\/7018"}],"wp:featuredmedia":[{"embeddable":true,"href":"https:\/\/www.upo.es\/patio-colorado\/wp-json\/wp\/v2\/media\/6970"}],"wp:attachment":[{"href":"https:\/\/www.upo.es\/patio-colorado\/wp-json\/wp\/v2\/media?parent=6963"}],"wp:term":[{"taxonomy":"category","embeddable":true,"href":"https:\/\/www.upo.es\/patio-colorado\/wp-json\/wp\/v2\/categories?post=6963"},{"taxonomy":"post_tag","embeddable":true,"href":"https:\/\/www.upo.es\/patio-colorado\/wp-json\/wp\/v2\/tags?post=6963"}],"curies":[{"name":"wp","href":"https:\/\/api.w.org\/{rel}","templated":true}]}}