{"id":6981,"date":"2023-05-23T16:40:17","date_gmt":"2023-05-23T16:40:17","guid":{"rendered":"https:\/\/www.upo.es\/patio-colorado\/?p=6981"},"modified":"2023-05-23T16:40:17","modified_gmt":"2023-05-23T16:40:17","slug":"la-canteria-del-marmol-de-macael-entra-como-bic-en-el-catalogo-general-de-patrimonio-de-andalucia","status":"publish","type":"post","link":"https:\/\/www.upo.es\/patio-colorado\/2023\/05\/23\/la-canteria-del-marmol-de-macael-entra-como-bic-en-el-catalogo-general-de-patrimonio-de-andalucia\/","title":{"rendered":"La canter\u00eda del m\u00e1rmol de Macael entra como BIC en el Cat\u00e1logo General de Patrimonio de Andaluc\u00eda"},"content":{"rendered":"<p>El Consejo de Gobierno ha declarado hoy martes que la Canter\u00eda de Macael (Almer\u00eda) sea considerada como Bien de Inter\u00e9s Cultural (BIC) con la tipolog\u00eda de Actividad de Inter\u00e9s Etnol\u00f3gico. Esta pr\u00e1ctica se considera como inherente a la identidad del pueblo de Macael y lo reconoce como parte de su patrimonio cultural. Este decreto proteger\u00e1 esta pr\u00e1ctica ancestral as\u00ed como los oficios, t\u00e9cnicas y espacios naturales vinculados.<\/p>\n<p>La extracci\u00f3n y labra del m\u00e1rmol se lleva realizando en Macael de forma ininterrumpida desde el siglo IX hasta nuestros d\u00edas, pasado de generaci\u00f3n en generaci\u00f3n y se distingue por como se manifiesta en la toponomia, las expresiones orales, las festividades locales y los ritos religiosos del pueblo.<\/p>\n<p>El m\u00e1rmol de Macael se aprecia desde la antiguedad, siendo estimado gracias a sus cualidades est\u00e9ticas y propiedades fisicas, como lo demuestra su presencia en monumentos andaluces emblem\u00e1ticos como el Palacio de Madinat al-Zhara o en la Alhambra y el Generalife.<\/p>\n<p>En cuanto a los oficios vinculados a esta pr\u00e1ctica, no solo destaca el de cantero (uno de los m\u00e1s antiguos de la historia) si no que tambi\u00e9n se relaciona con los artesanos, marmolistas, artilleros, maquinistas, transportistas y lajadores. Adem\u00e1s, en el expediente de protecci\u00f3n de la canter\u00eda tambien se incluyen bienes muebles e inmuebles ligados con la actividad, como la Cruz de Mayo, la Cruz de los Mozos, la f\u00e1brica de aserrado de m\u00e1rmol de Los Pardo, el escudo episcopal, el Libro de Apeo y Repartimiento de Macael, las huellas de las carretas, la colecci\u00f3n de herramientas y los objetos vinculados a la explotaci\u00f3n de m\u00e1rmol.<\/p>\n<p><strong>Bibliograf\u00eda<\/strong><\/p>\n<ul>\n<li>https:\/\/www.juntadeandalucia.es\/presidencia\/portavoz\/cultura\/182870\/JuntadeAndalucia\/ConsejodeGobierno<\/li>\n<li>https:\/\/www.lavanguardia.com\/vida\/20230523\/8989120\/canteria-marmol-macael-almeria-declarada-interes-cultural.html<\/li>\n<\/ul>\n","protected":false},"excerpt":{"rendered":"<p>El Consejo de Gobierno ha declarado hoy martes que la Canter\u00eda de Macael (Almer\u00eda) sea considerada como Bien de Inter\u00e9s Cultural (BIC) con la tipolog\u00eda de Actividad de Inter\u00e9s Etnol\u00f3gico. Esta pr\u00e1ctica se considera como inherente a la identidad del pueblo de Macael y lo reconoce como parte de su patrimonio cultural. Este decreto proteger\u00e1 [&hellip;]<\/p>\n","protected":false},"author":40,"featured_media":6982,"comment_status":"open","ping_status":"open","sticky":false,"template":"","format":"standard","meta":{"_acf_changed":false,"_monsterinsights_skip_tracking":false,"_monsterinsights_sitenote_active":false,"_monsterinsights_sitenote_note":"","_monsterinsights_sitenote_category":0,"footnotes":""},"categories":[307,45],"tags":[463,578,784],"class_list":["post-6981","post","type-post","status-publish","format-standard","has-post-thumbnail","hentry","category-almeria","category-boletin-colorao","tag-almeria","tag-bic","tag-patrimonio-cultural"],"blocksy_meta":[],"acf":[],"jetpack_featured_media_url":"https:\/\/www.upo.es\/patio-colorado\/wp-content\/uploads\/2023\/05\/1654163251811MacaelEST.jpg","_links":{"self":[{"href":"https:\/\/www.upo.es\/patio-colorado\/wp-json\/wp\/v2\/posts\/6981","targetHints":{"allow":["GET"]}}],"collection":[{"href":"https:\/\/www.upo.es\/patio-colorado\/wp-json\/wp\/v2\/posts"}],"about":[{"href":"https:\/\/www.upo.es\/patio-colorado\/wp-json\/wp\/v2\/types\/post"}],"author":[{"embeddable":true,"href":"https:\/\/www.upo.es\/patio-colorado\/wp-json\/wp\/v2\/users\/40"}],"replies":[{"embeddable":true,"href":"https:\/\/www.upo.es\/patio-colorado\/wp-json\/wp\/v2\/comments?post=6981"}],"version-history":[{"count":6,"href":"https:\/\/www.upo.es\/patio-colorado\/wp-json\/wp\/v2\/posts\/6981\/revisions"}],"predecessor-version":[{"id":6988,"href":"https:\/\/www.upo.es\/patio-colorado\/wp-json\/wp\/v2\/posts\/6981\/revisions\/6988"}],"wp:featuredmedia":[{"embeddable":true,"href":"https:\/\/www.upo.es\/patio-colorado\/wp-json\/wp\/v2\/media\/6982"}],"wp:attachment":[{"href":"https:\/\/www.upo.es\/patio-colorado\/wp-json\/wp\/v2\/media?parent=6981"}],"wp:term":[{"taxonomy":"category","embeddable":true,"href":"https:\/\/www.upo.es\/patio-colorado\/wp-json\/wp\/v2\/categories?post=6981"},{"taxonomy":"post_tag","embeddable":true,"href":"https:\/\/www.upo.es\/patio-colorado\/wp-json\/wp\/v2\/tags?post=6981"}],"curies":[{"name":"wp","href":"https:\/\/api.w.org\/{rel}","templated":true}]}}