{"id":700,"date":"2020-03-24T17:22:44","date_gmt":"2020-03-24T17:22:44","guid":{"rendered":"https:\/\/www.upo.es\/patio-colorado\/?p=700"},"modified":"2020-04-19T09:24:05","modified_gmt":"2020-04-19T09:24:05","slug":"el-centro-de-estudios-andaluces-a-nuestro-alcance","status":"publish","type":"post","link":"https:\/\/www.upo.es\/patio-colorado\/2020\/03\/24\/el-centro-de-estudios-andaluces-a-nuestro-alcance\/","title":{"rendered":"El Centro de Estudios Andaluces a nuestro alcance"},"content":{"rendered":"<p><span style=\"font-weight: 400;\">Como ya sabemos todos, en nuestro pa\u00eds estamos viviendo una situaci\u00f3n sin precedentes debido a la r\u00e1pida expansi\u00f3n del COVID-19. Durante estos d\u00edas han ido surgiendo numerosas iniciativas que ya hemos comentado en nuestra p\u00e1gina como son los conciertos a trav\u00e9s de Instagram y otras muchas actividades que se han ido sumando alrededor de todo el pa\u00eds. En estos d\u00edas todos tenemos m\u00e1s tiempo libre para disfrutar de todos los recursos que se nos ofrecen, y ayer coment\u00e1bamos el acceso libre que el Ayuntamiento de Sevilla ha proporcionado para todos aquellos que quieran ojear su repositorio. Sin embargo, no\u00a0 es el \u00fanico medio de nuestra provincia que ha optado por la opci\u00f3n de ofrecer acceso libre a sus archivos, el <strong>Centro de Estudios Andaluces<\/strong> tambi\u00e9n se ha sumado a la iniciativa.<\/span><\/p>\n<p><span style=\"font-weight: 400;\">El Centro de Estudios Andaluces es una fundaci\u00f3n p\u00fablica con los objetivos de fomentar la investigaci\u00f3n cient\u00edfica y generar conocimiento sobre la realidad social, econ\u00f3mica y cultural de Andaluc\u00eda, para as\u00ed contribuir a la toma de decisiones de las instituciones p\u00fablicas y privadas que influyen en el desarrollo de nuestra Comunidad Aut\u00f3noma. Con sede en nuestra provincia, se centra desde su fundaci\u00f3n en el a\u00f1o 2001 en la educaci\u00f3n, conservaci\u00f3n y difusi\u00f3n de la memoria e identidad andaluzas. Entre sus actividades, destaca la publicaci\u00f3n de libros centrados en nuestra cultura.<\/span><\/p>\n<p><span style=\"font-weight: 400;\">Con motivo de la pandemia, el Centro de Estudios Andaluces ha puesto a nuestra disposici\u00f3n <strong>una decena de sus \u00faltimas obras publicadas<\/strong>, entre los que encontramos tres t\u00edtulos de la Biblioteca Blas Infante, dos Biograf\u00edas AH (Andaluc\u00eda en la Historia), dos ensayos de la colecci\u00f3n <\/span><i><span style=\"font-weight: 400;\">Imagen de Andaluc\u00eda<\/span><\/i><span style=\"font-weight: 400;\"> y varios vol\u00famenes de la serie <\/span><i><span style=\"font-weight: 400;\">Cuadernos de Andaluc\u00eda en la Historia Contempor\u00e1nea<\/span><\/i><span style=\"font-weight: 400;\"> y la monograf\u00eda <\/span><i><span style=\"font-weight: 400;\">Andaluc\u00eda en el laberinto espa\u00f1ol. Historia del proceso auton\u00f3mico andaluz<\/span><\/i><span style=\"font-weight: 400;\">.<\/span><\/p>\n<p><span style=\"font-weight: 400;\">Todas estas obras se pueden descargar en formato ePub, que es un formato espec\u00edfico para la visualizaci\u00f3n de libros en dispositivos digitales. A trav\u00e9s del siguiente enlace, podr\u00e1n descargar todos estos escritos. Los enlaces aparecen al final de la p\u00e1gina.<\/span><\/p>\n<p><a href=\"https:\/\/www.centrodeestudiosandaluces.es\/noticias\/el-centro-de-estudios-andaluces-pone-a-disposicion-de-los-lectores-una-decena-de-sus-ultimos-libros-publicados\">https:\/\/www.centrodeestudiosandaluces.es\/noticias\/el-centro-de-estudios-andaluces-pone-a-disposicion-de-los-lectores-una-decena-de-sus-ultimos-libros-publicados<\/a><\/p>\n<p><span style=\"font-weight: 400;\">\u00a1Espero que los disfruten!<\/span><\/p>\n<p>&nbsp;<\/p>\n","protected":false},"excerpt":{"rendered":"<p>Como ya sabemos todos, en nuestro pa\u00eds estamos viviendo una situaci\u00f3n sin precedentes debido a la r\u00e1pida expansi\u00f3n del COVID-19. Durante estos d\u00edas han ido surgiendo numerosas iniciativas que ya hemos comentado en nuestra p\u00e1gina como son los conciertos a trav\u00e9s de Instagram y otras muchas actividades que se han ido sumando alrededor de todo [&hellip;]<\/p>\n","protected":false},"author":19,"featured_media":701,"comment_status":"open","ping_status":"open","sticky":false,"template":"","format":"standard","meta":{"_acf_changed":false,"_monsterinsights_skip_tracking":false,"_monsterinsights_sitenote_active":false,"_monsterinsights_sitenote_note":"","_monsterinsights_sitenote_category":0,"footnotes":""},"categories":[168],"tags":[117],"class_list":["post-700","post","type-post","status-publish","format-standard","has-post-thumbnail","hentry","category-miscelanea","tag-mequedoencasa"],"blocksy_meta":[],"acf":[],"jetpack_featured_media_url":"https:\/\/www.upo.es\/patio-colorado\/wp-content\/uploads\/2020\/03\/ebooksfcea.jpg","_links":{"self":[{"href":"https:\/\/www.upo.es\/patio-colorado\/wp-json\/wp\/v2\/posts\/700","targetHints":{"allow":["GET"]}}],"collection":[{"href":"https:\/\/www.upo.es\/patio-colorado\/wp-json\/wp\/v2\/posts"}],"about":[{"href":"https:\/\/www.upo.es\/patio-colorado\/wp-json\/wp\/v2\/types\/post"}],"author":[{"embeddable":true,"href":"https:\/\/www.upo.es\/patio-colorado\/wp-json\/wp\/v2\/users\/19"}],"replies":[{"embeddable":true,"href":"https:\/\/www.upo.es\/patio-colorado\/wp-json\/wp\/v2\/comments?post=700"}],"version-history":[{"count":3,"href":"https:\/\/www.upo.es\/patio-colorado\/wp-json\/wp\/v2\/posts\/700\/revisions"}],"predecessor-version":[{"id":961,"href":"https:\/\/www.upo.es\/patio-colorado\/wp-json\/wp\/v2\/posts\/700\/revisions\/961"}],"wp:featuredmedia":[{"embeddable":true,"href":"https:\/\/www.upo.es\/patio-colorado\/wp-json\/wp\/v2\/media\/701"}],"wp:attachment":[{"href":"https:\/\/www.upo.es\/patio-colorado\/wp-json\/wp\/v2\/media?parent=700"}],"wp:term":[{"taxonomy":"category","embeddable":true,"href":"https:\/\/www.upo.es\/patio-colorado\/wp-json\/wp\/v2\/categories?post=700"},{"taxonomy":"post_tag","embeddable":true,"href":"https:\/\/www.upo.es\/patio-colorado\/wp-json\/wp\/v2\/tags?post=700"}],"curies":[{"name":"wp","href":"https:\/\/api.w.org\/{rel}","templated":true}]}}