{"id":7218,"date":"2023-06-14T21:19:43","date_gmt":"2023-06-14T21:19:43","guid":{"rendered":"https:\/\/www.upo.es\/patio-colorado\/?p=7218"},"modified":"2023-06-14T21:19:43","modified_gmt":"2023-06-14T21:19:43","slug":"el-archivo-de-indias-presenta-el-tratado-de-tordesillas-tras-su-restauracion","status":"publish","type":"post","link":"https:\/\/www.upo.es\/patio-colorado\/2023\/06\/14\/el-archivo-de-indias-presenta-el-tratado-de-tordesillas-tras-su-restauracion\/","title":{"rendered":"El Archivo de Indias presenta el Tratado de Tordesillas tras su restauraci\u00f3n"},"content":{"rendered":"<p>\u00a1Un emocionante acontecimiento ha tenido lugar en el Archivo de Indias de Sevilla con la presentaci\u00f3n del Tratado de Tordesillas restaurado!<\/p>\n<p>El Archivo de Indias, un tesoro hist\u00f3rico que alberga documentos de gran importancia relacionados con la historia de la exploraci\u00f3n y colonizaci\u00f3n de Am\u00e9rica, ha sido el escenario perfecto para la presentaci\u00f3n de esta joya hist\u00f3rica. Despu\u00e9s de a\u00f1os de trabajo y dedicaci\u00f3n por parte de expertos en conservaci\u00f3n y restauraci\u00f3n, el Tratado de Tordesillas ha sido devuelto a su antigua gloria y esplendor.<\/p>\n<p><img loading=\"lazy\" decoding=\"async\" class=\"aligncenter\" src=\"https:\/\/ipce.culturaydeporte.gob.es\/.imaging\/mte\/mcd-theme\/contenido-cim-md\/dam\/mcd\/cultura\/areas\/patrimonio\/mc\/ipce\/noticias\/2023\/2023-06-07-tordesillas\/web-presentaci-n-img-20230607-wa0009\/jcr:content\/web-presentaci-n-img-20230607-wa0009.jpg.jpg\" alt=\"El IPCE finaliza la restauraci\u00f3n del Tratado de Tordesillas que vuelve al  Archivo de Indias de Sevilla - Instituto del Patrimonio Cultural de Espa\u00f1a  | Ministerio de Cultura y Deporte\" width=\"220\" height=\"272\" \/><\/p>\n<p>En este significativo evento, dignatarios, acad\u00e9micos, historiadores y amantes de la historia se reunieron para presenciar un momento trascendental. Las puertas del Archivo de Indias se abrieron de par en par para dar la bienvenida a aquellos que estaban ansiosos por ver este documento hist\u00f3rico en persona.<\/p>\n<p>El Tratado de Tordesillas, fechado en 1494, dividi\u00f3 el mundo conocido entre Espa\u00f1a y Portugal, estableciendo l\u00edmites y derechos exclusivos sobre las regiones descubiertas por ambos pa\u00edses. Este acuerdo fue fundamental en la configuraci\u00f3n del mapa mundial y el reparto de territorios durante la era de los descubrimientos. Su restauraci\u00f3n ha sido un paso importante para preservar y promover su legado hist\u00f3rico.<\/p>\n<p>El tratado, cuidadosamente restaurado y protegido, fue colocado en una vitrina herm\u00e9tica para su exhibici\u00f3n. Los visitantes tuvieron la oportunidad de admirar de cerca este valioso documento que ha sobrevivido a trav\u00e9s de los siglos y ha sido testigo de los eventos que han dado forma a la historia mundial.<\/p>\n<p><img loading=\"lazy\" decoding=\"async\" class=\"aligncenter\" src=\"https:\/\/www.tordesillasaldia.com\/wp-content\/uploads\/2023\/06\/230607-ipce-tratado-tordesillas-archivo-indias-2.jpeg\" alt=\"El Archivo General de Indias presenta el Tratado de Tordesillas tras la  restauraci\u00f3n realizada por el Instituto del Patrimonio Cultural de Espa\u00f1a -  Tordesillas al D\u00eda\" width=\"386\" height=\"289\" \/><\/p>\n<p>Adem\u00e1s de la presentaci\u00f3n del tratado, se llev\u00f3 a cabo una serie de conferencias y charlas en las que expertos y acad\u00e9micos destacaron la importancia hist\u00f3rica y las implicaciones del Tratado de Tordesillas. Los asistentes tuvieron la oportunidad de profundizar en los detalles del tratado y comprender mejor su papel en la expansi\u00f3n colonial de Espa\u00f1a y Portugal.<\/p>\n<p>La restauraci\u00f3n y presentaci\u00f3n del Tratado de Tordesillas en el Archivo de Indias no solo ha permitido que los visitantes se sumerjan en la historia, sino que tambi\u00e9n ha destacado la importancia de preservar y proteger nuestro patrimonio cultural. Este evento ha recordado a todos la necesidad de salvaguardar los documentos hist\u00f3ricos para las generaciones futuras y promover una mayor conciencia sobre la importancia de la historia y la herencia compartida.<\/p>\n<p><img loading=\"lazy\" decoding=\"async\" class=\"aligncenter\" src=\"https:\/\/cadenaser.com\/resizer\/3Da1BMR4kGtNNEmVY6yeCuM0Z0k=\/1772x1261\/filters:quality(70)\/cloudfront-eu-central-1.images.arcpublishing.com\/prisaradio\/XNI3DXBERNGO3JTZVEUL2PTO4M.jpg\" alt=\"El Archivo General de Indias presenta el Tratado de Tordesillas tras su  restauraci\u00f3n | Ocio y cultura | Cadena SER\" width=\"364\" height=\"259\" \/><\/p>\n","protected":false},"excerpt":{"rendered":"<p>\u00a1Un emocionante acontecimiento ha tenido lugar en el Archivo de Indias de Sevilla con la presentaci\u00f3n del Tratado de Tordesillas restaurado! El Archivo de Indias, un tesoro hist\u00f3rico que alberga documentos de gran importancia relacionados con la historia de la exploraci\u00f3n y colonizaci\u00f3n de Am\u00e9rica, ha sido el escenario perfecto para la presentaci\u00f3n de esta [&hellip;]<\/p>\n","protected":false},"author":115,"featured_media":7225,"comment_status":"open","ping_status":"open","sticky":false,"template":"","format":"standard","meta":{"_acf_changed":false,"_monsterinsights_skip_tracking":false,"_monsterinsights_sitenote_active":false,"_monsterinsights_sitenote_note":"","_monsterinsights_sitenote_category":0,"footnotes":""},"categories":[24,44],"tags":[725,932,931,933,19,18,930],"class_list":["post-7218","post","type-post","status-publish","format-standard","has-post-thumbnail","hentry","category-conservacion-y-restauracion","category-patrimonio","tag-cultura-sevilla","tag-historia-patrimoniohistorico","tag-patrimoniomateria","tag-archivodeindias","tag-conservacion","tag-restauracion","tag-tratadodetordesillas"],"blocksy_meta":[],"acf":[],"jetpack_featured_media_url":"https:\/\/www.upo.es\/patio-colorado\/wp-content\/uploads\/2023\/06\/portada-tratado.jpg","_links":{"self":[{"href":"https:\/\/www.upo.es\/patio-colorado\/wp-json\/wp\/v2\/posts\/7218","targetHints":{"allow":["GET"]}}],"collection":[{"href":"https:\/\/www.upo.es\/patio-colorado\/wp-json\/wp\/v2\/posts"}],"about":[{"href":"https:\/\/www.upo.es\/patio-colorado\/wp-json\/wp\/v2\/types\/post"}],"author":[{"embeddable":true,"href":"https:\/\/www.upo.es\/patio-colorado\/wp-json\/wp\/v2\/users\/115"}],"replies":[{"embeddable":true,"href":"https:\/\/www.upo.es\/patio-colorado\/wp-json\/wp\/v2\/comments?post=7218"}],"version-history":[{"count":1,"href":"https:\/\/www.upo.es\/patio-colorado\/wp-json\/wp\/v2\/posts\/7218\/revisions"}],"predecessor-version":[{"id":7226,"href":"https:\/\/www.upo.es\/patio-colorado\/wp-json\/wp\/v2\/posts\/7218\/revisions\/7226"}],"wp:featuredmedia":[{"embeddable":true,"href":"https:\/\/www.upo.es\/patio-colorado\/wp-json\/wp\/v2\/media\/7225"}],"wp:attachment":[{"href":"https:\/\/www.upo.es\/patio-colorado\/wp-json\/wp\/v2\/media?parent=7218"}],"wp:term":[{"taxonomy":"category","embeddable":true,"href":"https:\/\/www.upo.es\/patio-colorado\/wp-json\/wp\/v2\/categories?post=7218"},{"taxonomy":"post_tag","embeddable":true,"href":"https:\/\/www.upo.es\/patio-colorado\/wp-json\/wp\/v2\/tags?post=7218"}],"curies":[{"name":"wp","href":"https:\/\/api.w.org\/{rel}","templated":true}]}}