{"id":7233,"date":"2023-06-14T22:00:18","date_gmt":"2023-06-14T22:00:18","guid":{"rendered":"https:\/\/www.upo.es\/patio-colorado\/?p=7233"},"modified":"2023-06-14T22:00:18","modified_gmt":"2023-06-14T22:00:18","slug":"exposicion-de-arte-contemporaneo-en-el-castillo-de-guzman-el-bueno","status":"publish","type":"post","link":"https:\/\/www.upo.es\/patio-colorado\/2023\/06\/14\/exposicion-de-arte-contemporaneo-en-el-castillo-de-guzman-el-bueno\/","title":{"rendered":"Exposici\u00f3n de arte contempor\u00e1neo en el Castillo de Guzm\u00e1n el Bueno"},"content":{"rendered":"<p>Te invitamos a descubrir la fascinante exposici\u00f3n colectiva de arte contempor\u00e1neo \u00ab960 d.C.\u00bb en el Castillo de Guzm\u00e1n el Bueno, Tarifa.<\/p>\n<p><img loading=\"lazy\" decoding=\"async\" class=\"aligncenter\" src=\"https:\/\/www.tarifaaldia.es\/media\/tarifaaldia\/images\/2023\/06\/10\/2023061012040988170.jpg\" alt=\"El Castillo de Guzm\u00e1n el Bueno acoge la exposici\u00f3n colectiva de arte  contempor\u00e1neo \ufffd...\" width=\"495\" height=\"245\" \/><\/p>\n<p>Este castillo-fortaleza, con su imponente presencia hist\u00f3rica y su ubicaci\u00f3n privilegiada frente al mar, se convierte en el escenario perfecto para esta muestra de arte contempor\u00e1neo. La exposici\u00f3n re\u00fane a reconocidos artistas locales e internacionales que exploran el tema del encuentro cultural y la intersecci\u00f3n de diferentes tradiciones en el a\u00f1o 960 d.C.<\/p>\n<p>Este per\u00edodo hist\u00f3rico marc\u00f3 un momento crucial en la historia de Tarifa y su entorno. Fue durante este a\u00f1o cuando la ciudad fue reconquistada por las tropas cristianas, poniendo fin a la dominaci\u00f3n musulmana en la regi\u00f3n. La exposici\u00f3n busca explorar las complejas din\u00e1micas culturales que se produjeron durante este per\u00edodo y c\u00f3mo influyeron en el desarrollo art\u00edstico de la \u00e9poca.<\/p>\n<p><img loading=\"lazy\" decoding=\"async\" class=\"aligncenter\" src=\"https:\/\/content3.cdnprado.net\/imagenes\/Documentos\/imgsem\/98\/98a9\/98a9c6de-0280-47c9-a393-596d8c64ec21\/9d345dfc-6f34-4470-81b8-0fab52e414b0.jpg\" alt=\"Guzm\u00e1n el Bueno - Colecci\u00f3n - Museo Nacional del Prado\" width=\"329\" height=\"235\" \/><\/p>\n<p>La exhibici\u00f3n presenta una amplia variedad de obras de arte contempor\u00e1neo que reflejan la diversidad y la riqueza cultural de Tarifa en aquel momento hist\u00f3rico.\u00a0Los artistas participantes han trabajado de manera meticulosa para capturar la esencia de ese momento y transmitir su interpretaci\u00f3n a trav\u00e9s de sus obras, pues cada pieza es una invitaci\u00f3n a reflexionar sobre la historia, la identidad y el legado cultural de Tarifa, estableciendo un di\u00e1logo entre el pasado y el presente.<\/p>\n<p>La exposici\u00f3n tambi\u00e9n ofrece actividades complementarias que enriquecen la experiencia del visitante. Se organizan charlas, talleres y visitas guiadas donde los artistas comparten su proceso creativo y su visi\u00f3n sobre la historia de Tarifa en el a\u00f1o 960 d.C. Estas actividades brindan una oportunidad \u00fanica de interactuar con los artistas y sumergirse a\u00fan m\u00e1s en el contexto hist\u00f3rico y art\u00edstico de la exposici\u00f3n.<\/p>\n<p>El Castillo de Guzm\u00e1n el Bueno, con sus impresionantes muros y vistas panor\u00e1micas al mar, agrega un elemento adicional de belleza y encanto a la exposici\u00f3n. Los visitantes pueden explorar las distintas salas y espacios del castillo mientras disfrutan del arte contempor\u00e1neo en un entorno hist\u00f3rico y majestuoso.<\/p>\n<p><img loading=\"lazy\" decoding=\"async\" class=\"aligncenter\" src=\"https:\/\/arqueoalandalus.files.wordpress.com\/2016\/09\/1903403_10202974250784754_1326966741_n.jpg?w=584&amp;h=390\" alt=\"Tarifa. Castillo de Guzm\u00e1n el Bueno | Al-Andalus, Arqueolog\u00eda e Historia\" width=\"333\" height=\"222\" \/><\/p>\n<p>En resumen, la exposici\u00f3n colectiva de arte contempor\u00e1neo \u00ab960 d.C.\u00bb en el Castillo de Guzm\u00e1n el Bueno es una experiencia \u00fanica que combina historia y arte en un escenario cautivador. Los visitantes tienen la oportunidad de explorar la intersecci\u00f3n cultural de Tarifa en el a\u00f1o 960 d.C. a trav\u00e9s de una variedad de obras de arte contempor\u00e1neo y participar en actividades que enriquecen su comprensi\u00f3n y aprecio por el legado cultural de la regi\u00f3n.<\/p>\n","protected":false},"excerpt":{"rendered":"<p>Te invitamos a descubrir la fascinante exposici\u00f3n colectiva de arte contempor\u00e1neo \u00ab960 d.C.\u00bb en el Castillo de Guzm\u00e1n el Bueno, Tarifa. Este castillo-fortaleza, con su imponente presencia hist\u00f3rica y su ubicaci\u00f3n privilegiada frente al mar, se convierte en el escenario perfecto para esta muestra de arte contempor\u00e1neo. La exposici\u00f3n re\u00fane a reconocidos artistas locales e [&hellip;]<\/p>\n","protected":false},"author":115,"featured_media":7234,"comment_status":"open","ping_status":"open","sticky":false,"template":"","format":"standard","meta":{"_acf_changed":false,"_monsterinsights_skip_tracking":false,"_monsterinsights_sitenote_active":false,"_monsterinsights_sitenote_note":"","_monsterinsights_sitenote_category":0,"footnotes":""},"categories":[45,12,167],"tags":[381,160,938,936,85,937,668],"class_list":["post-7233","post","type-post","status-publish","format-standard","has-post-thumbnail","hentry","category-boletin-colorao","category-eventos","category-pintura-escultura","tag-artecontemporaneo","tag-pintura","tag-al-andalus","tag-castillo-de-guzman-el-bueno","tag-exposicion","tag-intercambio-cultural","tag-tarifa"],"blocksy_meta":[],"acf":[],"jetpack_featured_media_url":"https:\/\/www.upo.es\/patio-colorado\/wp-content\/uploads\/2023\/06\/CARTEL-NOTA-PRENSA-EXPO-TARIFA.jpg","_links":{"self":[{"href":"https:\/\/www.upo.es\/patio-colorado\/wp-json\/wp\/v2\/posts\/7233","targetHints":{"allow":["GET"]}}],"collection":[{"href":"https:\/\/www.upo.es\/patio-colorado\/wp-json\/wp\/v2\/posts"}],"about":[{"href":"https:\/\/www.upo.es\/patio-colorado\/wp-json\/wp\/v2\/types\/post"}],"author":[{"embeddable":true,"href":"https:\/\/www.upo.es\/patio-colorado\/wp-json\/wp\/v2\/users\/115"}],"replies":[{"embeddable":true,"href":"https:\/\/www.upo.es\/patio-colorado\/wp-json\/wp\/v2\/comments?post=7233"}],"version-history":[{"count":1,"href":"https:\/\/www.upo.es\/patio-colorado\/wp-json\/wp\/v2\/posts\/7233\/revisions"}],"predecessor-version":[{"id":7235,"href":"https:\/\/www.upo.es\/patio-colorado\/wp-json\/wp\/v2\/posts\/7233\/revisions\/7235"}],"wp:featuredmedia":[{"embeddable":true,"href":"https:\/\/www.upo.es\/patio-colorado\/wp-json\/wp\/v2\/media\/7234"}],"wp:attachment":[{"href":"https:\/\/www.upo.es\/patio-colorado\/wp-json\/wp\/v2\/media?parent=7233"}],"wp:term":[{"taxonomy":"category","embeddable":true,"href":"https:\/\/www.upo.es\/patio-colorado\/wp-json\/wp\/v2\/categories?post=7233"},{"taxonomy":"post_tag","embeddable":true,"href":"https:\/\/www.upo.es\/patio-colorado\/wp-json\/wp\/v2\/tags?post=7233"}],"curies":[{"name":"wp","href":"https:\/\/api.w.org\/{rel}","templated":true}]}}