{"id":7305,"date":"2023-06-17T08:45:24","date_gmt":"2023-06-17T08:45:24","guid":{"rendered":"https:\/\/www.upo.es\/patio-colorado\/?p=7305"},"modified":"2023-06-17T08:45:24","modified_gmt":"2023-06-17T08:45:24","slug":"el-mayor-palacio-imperial-romano-en-cordoba","status":"publish","type":"post","link":"https:\/\/www.upo.es\/patio-colorado\/2023\/06\/17\/el-mayor-palacio-imperial-romano-en-cordoba\/","title":{"rendered":"El mayor palacio imperial Romano \u00bfen C\u00f3rdoba?"},"content":{"rendered":"<p>Probablemente, nunca hayas o\u00eddo hablar de un palacio romano de incalculables dimensiones ubicado en la actual ciudad de C\u00f3rdoba, no es de extra\u00f1ar, pues en el a\u00f1o 1991 los pol\u00edticos de nuestra provincia y nuestro pa\u00eds se pusieron de acuerdo para apoyar la destrucci\u00f3n de uno de los mayores yacimientos arqueol\u00f3gicos hallados hasta la fecha, en favor de la construcci\u00f3n del AVE que se hab\u00eda planteado de cara a la Expo de Sevilla.<\/p>\n<p>Se trataba de un palacio imperial romano del siglo III d. C., mandado a construir por Maximiliano Herc\u00faleo entre 293 y 305. Todo lo que hoy sabemos se debe a la gran labor llevada por los arque\u00f3logos que trataron con todas sus fuerzas de evitar el desastre inminente, los profesionales trabajaron durante casi un a\u00f1o sin descanso, tratando de ganar la batalla a las excavadoras que segu\u00edan las \u00f3rdenes del gobierno. La prensa del momento hablaba de l\u00e1pidas, mosaicos, un teatro romano, un templo, un circo, un anfiteatro, \u2026 todo destruido, lapidado por las obras que no cesaron.<\/p>\n<p><img decoding=\"async\" src=\"https:\/\/assets.arquitecturaviva.com\/assets\/uploads\/articulos\/72848\/av_190270.jpeg?h=20fbe0aa\" alt=\"C\u00f3rdoba destruy\u00f3 con alta velocidad un palacio romano - Vicente G. Olaya |  Arquitectura Viva\" \/><\/p>\n<p>Esta es una de las im\u00e1genes de la excavaci\u00f3n, en la que deducimos la estructura del palacio.<\/p>\n<p>&nbsp;<\/p>\n<p>Lo que pas\u00f3 en las excavaciones de Cercadilla fue un aut\u00e9ntico expolio, rodeado de falacias, que el gobierno dirig\u00eda a los insistentes arque\u00f3logos, \u201cSe dec\u00eda que, si no se arrasaba el yacimiento, el AVE nunca llegar\u00eda a C\u00f3rdoba; que lo hallado carec\u00eda de valor, que los arque\u00f3logos nos est\u00e1bamos haciendo ricos con las excavaciones; que los restos iban a integrarse en la estaci\u00f3n y, finalmente, que se cambiar\u00eda el trazado de todas las v\u00edas del tren. Todo era absolutamente falso\u201d, comenta Fuertes, uno de los implicados en las excavaciones.<\/p>\n<p>Los arque\u00f3logos no cesaron en su haza\u00f1a, pidieron ayuda a organismos internacionales, solicitaron que se le concediese al yacimiento la declaraci\u00f3n de Bien de Inter\u00e9s Cultural para poder frenar las obras, trabajaban a contra reloj e incluso durmieron en el yacimiento. La Junta de Andaluc\u00eda no prest\u00f3 atenci\u00f3n a esta petici\u00f3n, los arque\u00f3logos estaban desesperados.<\/p>\n<p><img decoding=\"async\" src=\"https:\/\/assets.arquitecturaviva.com\/assets\/uploads\/articulos\/72848\/av_190267.jpeg?h=20fbe0aa\" alt=\"C\u00f3rdoba destruy\u00f3 con alta velocidad un palacio romano - Vicente G. Olaya |  Arquitectura Viva\" \/><\/p>\n<p>Estas ser\u00edan las dimensiones del palacio, superpuestas sobre una foto actual<\/p>\n<p>&nbsp;<\/p>\n<p>En septiembre de 1992, una comisi\u00f3n internacional de expertos advirti\u00f3 de que se podr\u00eda estar \u201cante un monumento \u00fanico en el mundo que deb\u00eda respetarse y ser estudiado\u201d. Sin embargo, tanto el alcalde como la Junta de Andaluc\u00eda se negaron a cambiar sus planes, el AVE ser\u00eda inaugurado en 1992, deb\u00eda estar listo para la Expo de Sevilla.<\/p>\n<p>Cinco a\u00f1os m\u00e1s tarde, en 1997, el yacimiento fue declarado BIC, tarde para dar marcha atr\u00e1s y rectificar. \u201cEra uno de los pocos palacios imperiales existentes en el mundo. Ya no podemos hacer nada. Es una herida en el coraz\u00f3n de C\u00f3rdoba que a\u00fan no se ha sabido curar\u201d, insiste Fuertes.<\/p>\n<p>En el a\u00f1o 2006, algunas de las piezas que pudieron salvarse fueron abiertas al p\u00fablico, se encuentran adosadas a los muros exteriores de la actual estaci\u00f3n. En 2015, la Junta de Andaluc\u00eda cedi\u00f3 al Ayuntamiento de C\u00f3rdoba la gesti\u00f3n de este espacio, desde entonces el peque\u00f1o yacimiento permanece cerrado, no se habla de nuevas pol\u00edticas de conservaci\u00f3n del patrimonio, el Ayuntamiento vuelve a hacer o\u00eddos sordos, haciendo que este terrible episodio quede en el olvido.<\/p>\n<p><img decoding=\"async\" src=\"https:\/\/assets.arquitecturaviva.com\/assets\/uploads\/articulos\/72848\/av_190268.jpeg?h=20fbe0aa\" alt=\"C\u00f3rdoba destruy\u00f3 con alta velocidad un palacio romano - Vicente G. Olaya |  Arquitectura Viva\" \/><\/p>\n<p>Aqu\u00ed vemos una maqueta de lo que habr\u00eda podido ser parte del palacio<\/p>\n<p>&nbsp;<\/p>\n<p>As\u00ed fue, como uno de los grandes yacimientos de la historia ha desaparecido del mapa, la cultura necesita a gobiernos que amparen la conservaci\u00f3n del Patrimonio, no podemos seguir destruyendo cultura en favor de intereses pol\u00edticos.<\/p>\n<p>&nbsp;<\/p>\n<p>&nbsp;<\/p>\n<p>&nbsp;<\/p>\n<p>Bibliograf\u00eda<\/p>\n<p>Hidalgo, R. 2021. El Espa\u00f1ol. Las obras del AVE que sepultaron el mayor palacio romano de Hispania. https:\/\/www.elespanol.com\/cultura\/patrimonio\/20210721\/obras-ave-sepultaron-mayor-palacio-romano-hispania\/597940990_0.html<\/p>\n<p>Olaya, V. El pa\u00eds. 2021. C\u00f3rdoba gan\u00f3 una estaci\u00f3n de AVE y perdi\u00f3 el mayor palacio del Imperio Romano. https:\/\/elpais.com\/cultura\/2021-06-02\/cordoba-gano-una-estacion-de-ave-y-perdio-el-mayor-palacio-del-imperio-romano.html?event_log=go<\/p>\n","protected":false},"excerpt":{"rendered":"<p>Probablemente, nunca hayas o\u00eddo hablar de un palacio romano de incalculables dimensiones ubicado en la actual ciudad de C\u00f3rdoba, no es de extra\u00f1ar, pues en el a\u00f1o 1991 los pol\u00edticos de nuestra provincia y nuestro pa\u00eds se pusieron de acuerdo para apoyar la destrucci\u00f3n de uno de los mayores yacimientos arqueol\u00f3gicos hallados hasta la fecha, [&hellip;]<\/p>\n","protected":false},"author":114,"featured_media":7306,"comment_status":"open","ping_status":"open","sticky":false,"template":"","format":"standard","meta":{"_acf_changed":false,"_monsterinsights_skip_tracking":false,"_monsterinsights_sitenote_active":false,"_monsterinsights_sitenote_note":"","_monsterinsights_sitenote_category":0,"footnotes":""},"categories":[1,304,166,44],"tags":[345,19,989,990],"class_list":["post-7305","post","type-post","status-publish","format-standard","has-post-thumbnail","hentry","category-sin-categoria","category-cordoba","category-historia-arqueologia","category-patrimonio","tag-cordoba","tag-conservacion","tag-destruccion-del-patrimonio","tag-palacio-romano"],"blocksy_meta":[],"acf":[],"jetpack_featured_media_url":"https:\/\/www.upo.es\/patio-colorado\/wp-content\/uploads\/2023\/06\/maximiano-yacimiento-cercadilla-kMMI-1200x630@abc.jpg","_links":{"self":[{"href":"https:\/\/www.upo.es\/patio-colorado\/wp-json\/wp\/v2\/posts\/7305","targetHints":{"allow":["GET"]}}],"collection":[{"href":"https:\/\/www.upo.es\/patio-colorado\/wp-json\/wp\/v2\/posts"}],"about":[{"href":"https:\/\/www.upo.es\/patio-colorado\/wp-json\/wp\/v2\/types\/post"}],"author":[{"embeddable":true,"href":"https:\/\/www.upo.es\/patio-colorado\/wp-json\/wp\/v2\/users\/114"}],"replies":[{"embeddable":true,"href":"https:\/\/www.upo.es\/patio-colorado\/wp-json\/wp\/v2\/comments?post=7305"}],"version-history":[{"count":1,"href":"https:\/\/www.upo.es\/patio-colorado\/wp-json\/wp\/v2\/posts\/7305\/revisions"}],"predecessor-version":[{"id":7307,"href":"https:\/\/www.upo.es\/patio-colorado\/wp-json\/wp\/v2\/posts\/7305\/revisions\/7307"}],"wp:featuredmedia":[{"embeddable":true,"href":"https:\/\/www.upo.es\/patio-colorado\/wp-json\/wp\/v2\/media\/7306"}],"wp:attachment":[{"href":"https:\/\/www.upo.es\/patio-colorado\/wp-json\/wp\/v2\/media?parent=7305"}],"wp:term":[{"taxonomy":"category","embeddable":true,"href":"https:\/\/www.upo.es\/patio-colorado\/wp-json\/wp\/v2\/categories?post=7305"},{"taxonomy":"post_tag","embeddable":true,"href":"https:\/\/www.upo.es\/patio-colorado\/wp-json\/wp\/v2\/tags?post=7305"}],"curies":[{"name":"wp","href":"https:\/\/api.w.org\/{rel}","templated":true}]}}