{"id":731,"date":"2020-03-28T13:02:23","date_gmt":"2020-03-28T13:02:23","guid":{"rendered":"https:\/\/www.upo.es\/patio-colorado\/?p=731"},"modified":"2020-03-28T13:02:23","modified_gmt":"2020-03-28T13:02:23","slug":"laliga-santander-fest-musica-y-futbol-se-unen-en-la-lucha-contra-el-covid-19","status":"publish","type":"post","link":"https:\/\/www.upo.es\/patio-colorado\/2020\/03\/28\/laliga-santander-fest-musica-y-futbol-se-unen-en-la-lucha-contra-el-covid-19\/","title":{"rendered":"LaLiga Santander Fest: m\u00fasica y f\u00fatbol se unen en la lucha contra el COVID-19"},"content":{"rendered":"<p>Hoy, s\u00e1bado 28 de marzo a las 18:00 horas, tendr\u00e1 lugar un acontecimiento \u00fanico dentro del panorama musical debido a las circunstancias de confinamiento que estamos viviendo estos d\u00edas por la r\u00e1pida propagaci\u00f3n del COVID-19. El deporte y la m\u00fasica se unen para dar un espect\u00e1culo sin igual, con el fin de recaudar fondos para la adquisici\u00f3n de material sanitario y, asimismo, apoyar a todos los aficionados que se ven obligados a permanecer en sus casas estos d\u00edas.<\/p>\n<p>El concierto, que ha sido organizado por LaLiga en colaboraci\u00f3n con el Banco Santander, los artistas, futbolistas y clubes participantes, adem\u00e1s de Universal Music y un grupo de patrocinadores, unir\u00e1 de manera telem\u00e1tica a m\u00e1s de 20 artistas y a jugadores que representar\u00e1n a los 20 clubes de Primera Divisi\u00f3n. Asimismo, el espect\u00e1culo contar\u00e1 con los presentadores Eva Gonz\u00e1lez y Toni Aguilar y con Rafa Nadal como embajador del Banco Santander.<\/p>\n<p>La singularidad de este proyecto es que todos los participantes actuar\u00e1n desde sus casas. Podemos destacar que, de entre todos ellos, encontramos un gran n\u00famero de artistas andaluces, como El Arrebato, David Bisbal, Beret, Jos\u00e9 Merc\u00e9, Vanesa Mart\u00edn o Pablo L\u00f3pez. En total, los artistas que participar\u00e1n en este proyecto son Aitana, Alejandro Sanz, Antonio Carmona, Antonio Jos\u00e9, Antonio Orozco, Ainhoa Arteta, Beret, Cami, Danna Paola, David Bisbal, Diogo Pi\u00e7arra, El Arrebato, Jos\u00e9 Merc\u00e9, Juanes, Juan Magan, Lang Lang, Lola \u00cdndigo, Lucas Vidal, Luciano, Pereyra, Luis Fonsi, Manuel Carrasco, Miriam Rodr\u00edguez, Mon Laferte, Morat, Pablo Albor\u00e1n, Pablo L\u00f3pez, Raphael, Rosario, Sebasti\u00e1n Yatra, Taburete, Tini y Vanesa Mart\u00edn.<\/p>\n<p>Asimismo, el f\u00fatbol jugar\u00e1 tambi\u00e9n un papel muy importante en este festival. Los futbolistas que han confirmado su asistencia son los siguientes: Iker Muniain (Athletic), Koke y Sa\u00fal (Atl\u00e9tico), Oier Sanjurjo (Osasuna), Manu Garc\u00eda (Alav\u00e9s), Piqu\u00e9 y Rakitic (Barcelona), Jorge Molina y Mata (Getafe), V\u00edctor D\u00edaz (Granada), Morales (Levante), Hugo Mallo (Celta), Javi L\u00f3pez y Wu Lei (Espanyol), Xisco Campos (Mallorca), Joaqu\u00edn (Betis), Sergio Ramos y Lucas V\u00e1zquez (Madrid), Illarramendi (Real Sociedad), Javi Moyano (Valladolid), Sergi Enrich (Eibar), Jes\u00fas Navas (Sevilla), Dani Parejo y Rodrigo Moreno (Valencia) y Santi Cazorla (Villarreal).<\/p>\n<p>El espect\u00e1culo se televisar\u00e1 en todo el mundo a trav\u00e9s de los canales de Movistar LaLiga, GOL TV y otros internacionales. Adem\u00e1s, podr\u00e1 verse en las redes sociales, ya que se transmitir\u00e1 a trav\u00e9s del Facebook y del canal de Youtube de LaLiga. LaLigaSportsTV y las redes sociales del Banco Santander tambi\u00e9n emitir\u00e1n el festival.<\/p>\n<p>Es una oportunidad \u00fanica de amenizar la tarde con buena m\u00fasica y con las personalidades m\u00e1s relevantes del f\u00fatbol espa\u00f1ol. \u00bfTe lo vas a perder?<\/p>\n<p>&nbsp;<\/p>\n<p><img loading=\"lazy\" decoding=\"async\" class=\"photo lazy aligncenter\" src=\"https:\/\/www.diariodesevilla.es\/2020\/03\/27\/deportes\/Cartel-LaLigaSantander-Fest_1450065519_119108611_667x375.jpg\" alt=\"Cartel de LaLigaSantander Fest.\" width=\"667\" height=\"375\" data-src=\"\/2020\/03\/27\/deportes\/Cartel-LaLigaSantander-Fest_1450065519_119108611_667x375.jpg\" \/><\/p>\n","protected":false},"excerpt":{"rendered":"<p>Hoy, s\u00e1bado 28 de marzo a las 18:00 horas, tendr\u00e1 lugar un acontecimiento \u00fanico dentro del panorama musical debido a las circunstancias de confinamiento que estamos viviendo estos d\u00edas por la r\u00e1pida propagaci\u00f3n del COVID-19. El deporte y la m\u00fasica se unen para dar un espect\u00e1culo sin igual, con el fin de recaudar fondos para [&hellip;]<\/p>\n","protected":false},"author":18,"featured_media":732,"comment_status":"open","ping_status":"open","sticky":false,"template":"","format":"standard","meta":{"_acf_changed":false,"_monsterinsights_skip_tracking":false,"_monsterinsights_sitenote_active":false,"_monsterinsights_sitenote_note":"","_monsterinsights_sitenote_category":0,"footnotes":""},"categories":[46,12],"tags":[128,129,130,53],"class_list":["post-731","post","type-post","status-publish","format-standard","has-post-thumbnail","hentry","category-en-la-prensa","category-eventos","tag-artistas","tag-futbol","tag-laligasantanderfest","tag-musica"],"blocksy_meta":[],"acf":[],"jetpack_featured_media_url":"https:\/\/www.upo.es\/patio-colorado\/wp-content\/uploads\/2020\/03\/Cartel-LaLigaSantander-Fest_1450065519_119108611_667x375.jpg","_links":{"self":[{"href":"https:\/\/www.upo.es\/patio-colorado\/wp-json\/wp\/v2\/posts\/731","targetHints":{"allow":["GET"]}}],"collection":[{"href":"https:\/\/www.upo.es\/patio-colorado\/wp-json\/wp\/v2\/posts"}],"about":[{"href":"https:\/\/www.upo.es\/patio-colorado\/wp-json\/wp\/v2\/types\/post"}],"author":[{"embeddable":true,"href":"https:\/\/www.upo.es\/patio-colorado\/wp-json\/wp\/v2\/users\/18"}],"replies":[{"embeddable":true,"href":"https:\/\/www.upo.es\/patio-colorado\/wp-json\/wp\/v2\/comments?post=731"}],"version-history":[{"count":1,"href":"https:\/\/www.upo.es\/patio-colorado\/wp-json\/wp\/v2\/posts\/731\/revisions"}],"predecessor-version":[{"id":733,"href":"https:\/\/www.upo.es\/patio-colorado\/wp-json\/wp\/v2\/posts\/731\/revisions\/733"}],"wp:featuredmedia":[{"embeddable":true,"href":"https:\/\/www.upo.es\/patio-colorado\/wp-json\/wp\/v2\/media\/732"}],"wp:attachment":[{"href":"https:\/\/www.upo.es\/patio-colorado\/wp-json\/wp\/v2\/media?parent=731"}],"wp:term":[{"taxonomy":"category","embeddable":true,"href":"https:\/\/www.upo.es\/patio-colorado\/wp-json\/wp\/v2\/categories?post=731"},{"taxonomy":"post_tag","embeddable":true,"href":"https:\/\/www.upo.es\/patio-colorado\/wp-json\/wp\/v2\/tags?post=731"}],"curies":[{"name":"wp","href":"https:\/\/api.w.org\/{rel}","templated":true}]}}