{"id":7351,"date":"2023-07-05T19:23:39","date_gmt":"2023-07-05T19:23:39","guid":{"rendered":"https:\/\/www.upo.es\/patio-colorado\/?p=7351"},"modified":"2023-07-12T09:53:54","modified_gmt":"2023-07-12T09:53:54","slug":"rincones-y-lugares-de-cordoba-iglesias-fernandinas","status":"publish","type":"post","link":"https:\/\/www.upo.es\/patio-colorado\/2023\/07\/05\/rincones-y-lugares-de-cordoba-iglesias-fernandinas\/","title":{"rendered":"RINCONES Y LUGARES DE C\u00d3RDOBA: Iglesias fernandinas"},"content":{"rendered":"<p>Las Iglesias fernandinas tienen lugar tras la conquista de C\u00f3rdoba el 29 de junio de 1236 de la mano de Fernando III el Santo, a quien el pr\u00edncipe de la ciudad Abul-l- Casan le entrega las llaves de la ciudad.\u00a0 Estas eran anteriormente mezquitas que tras la conquista son transformadas en iglesias, por ello sus campanarios suelen ser los antiguos alminares de los templos isl\u00e1micos. Estas iglesias no solo funcionaban como templos, sino que tambi\u00e9n eran centro administrativos y cabecera de los distintos barrios de la ciudad en la Edad Media. Tambi\u00e9n tuvieron una funci\u00f3n demogr\u00e1fica pues se erigieron en lugares donde la densidad de poblaci\u00f3n era baja con la intenci\u00f3n de repoblar la zona. En C\u00f3rdoba encontramos hasta siete iglesias de este tipo repartidas por todo el centro hist\u00f3rico de la ciudad. Nosotros nos vamos a centrar en cuatro de ellas: San Miguel, Santa Marina, San Lorenzo y San Nicol\u00e1s.<\/p>\n<p>La iglesia de San Miguel, situada en la plaza hom\u00f3nima, es la manifestaci\u00f3n del paso del rom\u00e1nico al g\u00f3tico ojival. Est\u00e1 considerada Bien de Inter\u00e9s Cultural desde 1931. Con una planta semicuadrada, columnas que emergen junto al muro, con un interior de tres naves y una \u00e1bside central poligonal. Destaca su retablo mayor realizado en m\u00e1rmol, realizado por Juan Navajas junto con Andr\u00e9s Antonio del Pino y Toribio de Bada. Visualmente interesante su portada lateral derecha que probablemente corresponda a la \u00e9poca califal. La iglesia ha sufrido numerosas transformaciones con el paso de los a\u00f1os, siendo la capilla del sagrario anteriormente el \u00e1bside del evangelio desde la segunda mitad del siglo XVIII. En los a\u00f1o 60 se intent\u00f3 volver a recuperar su car\u00e1cter original, recuperando su b\u00f3vedas de crucer\u00eda t\u00edpicamente g\u00f3ticas y los artesanados de madera mud\u00e9jar. Entre sus elementos m\u00e1s destacados podemos apreciar un retablo de la Virgen de la Leche del siglo XV, tema com\u00fan en el medievo, en el \u00e1bside de la ep\u00edstola (lado derecho). Tambi\u00e9n llama la atenci\u00f3n el fresco situado encima del confesionario que desgraciadamente se encuentra en un deplorable estado, pero que nos permite ver a la escena en su totalidad, y que pese al reducido espacio el autor an\u00f3nimo consigue incorporar elementos como Dios Padre y la presencia de una tercera figura en la obra que podemos considerar como el donante.<\/p>\n<figure id=\"attachment_7352\" aria-describedby=\"caption-attachment-7352\" style=\"width: 334px\" class=\"wp-caption aligncenter\"><a href=\"https:\/\/guiadigital.iaph.es\/sys\/productos\/PinturaMural\/Paseos\/Paseo1\/sanmiguel.html\"><img loading=\"lazy\" decoding=\"async\" class=\"wp-image-7352\" src=\"https:\/\/www.upo.es\/patio-colorado\/wp-content\/uploads\/2023\/07\/059.gif\" alt=\"\" width=\"334\" height=\"274\" \/><\/a><figcaption id=\"caption-attachment-7352\" class=\"wp-caption-text\">Fuente: Instituto Andaluz del Patrimonio Hist\u00f3rico<\/figcaption><\/figure>\n<figure id=\"attachment_7353\" aria-describedby=\"caption-attachment-7353\" style=\"width: 209px\" class=\"wp-caption aligncenter\"><a href=\"https:\/\/guiadigital.iaph.es\/sys\/productos\/PinturaMural\/Paseos\/Paseo1\/sanmiguel.html\"><img loading=\"lazy\" decoding=\"async\" class=\"wp-image-7353\" src=\"https:\/\/www.upo.es\/patio-colorado\/wp-content\/uploads\/2023\/07\/058.gif\" alt=\"\" width=\"209\" height=\"321\" \/><\/a><figcaption id=\"caption-attachment-7353\" class=\"wp-caption-text\">Fuente: Instituto Andaluz del Patrimonio Hist\u00f3rico<\/figcaption><\/figure>\n<p>&nbsp;<\/p>\n<p>En cuanto a la iglesia de Santa Marina es una de la iglesias m\u00e1s antiguas de C\u00f3rdoba por ello una de las m\u00e1s emblem\u00e1ticas, teniendo su origen en \u00e9poca visigoda, m\u00e1s tarde transformada en mezquita, y tras la conquista reconstruida para volver a ser iglesia. El templo tiene una planta basilical que se divide en tres naves con el \u00e1bside a la cabecera, realizada en sillares de piedra. Su torre es m\u00e1s tard\u00eda, del siglo XVI realizada por Hern\u00e1n Ruiz II el Joven, maestro mayor de las catedrales de C\u00f3rdoba y Sevilla. Desde el exterior son notables sus contrafuertes con forma c\u00f3nica, adem\u00e1s de su protagonista roset\u00f3n. De estilo mud\u00e9jar, que mezcla estos elementos con otros de car\u00e1cter renacentista y g\u00f3tico. Su nave central conserva el artesanado de madera original de gran calidad y belleza. Tambi\u00e9n de gran importancia los cuadros realizados por Antonio del Castillo como son la Inmaculada del retablo del Sagrario pintada en 1645, as\u00ed como un san Juan Evangelista de gran calidad y manufactura.<\/p>\n<figure id=\"attachment_7362\" aria-describedby=\"caption-attachment-7362\" style=\"width: 239px\" class=\"wp-caption aligncenter\"><a href=\"https:\/\/fr.m.wikipedia.org\/wiki\/Fichier:Retablo_de_San_Juan_Bautista,_Iglesia_de_Santa_Marina_%28C%C3%B3rdoba%29.jpg\"><img loading=\"lazy\" decoding=\"async\" class=\"wp-image-7362 size-medium\" src=\"https:\/\/www.upo.es\/patio-colorado\/wp-content\/uploads\/2023\/07\/Retablo_de_San_Juan_Bautista_Iglesia_de_Santa_Marina_Cordoba-scaled-e1688583574391-239x300.jpg\" alt=\"\" width=\"239\" height=\"300\" srcset=\"https:\/\/www.upo.es\/patio-colorado\/wp-content\/uploads\/2023\/07\/Retablo_de_San_Juan_Bautista_Iglesia_de_Santa_Marina_Cordoba-scaled-e1688583574391-239x300.jpg 239w, https:\/\/www.upo.es\/patio-colorado\/wp-content\/uploads\/2023\/07\/Retablo_de_San_Juan_Bautista_Iglesia_de_Santa_Marina_Cordoba-scaled-e1688583574391-815x1024.jpg 815w, https:\/\/www.upo.es\/patio-colorado\/wp-content\/uploads\/2023\/07\/Retablo_de_San_Juan_Bautista_Iglesia_de_Santa_Marina_Cordoba-scaled-e1688583574391-768x965.jpg 768w, https:\/\/www.upo.es\/patio-colorado\/wp-content\/uploads\/2023\/07\/Retablo_de_San_Juan_Bautista_Iglesia_de_Santa_Marina_Cordoba-scaled-e1688583574391-1222x1536.jpg 1222w, https:\/\/www.upo.es\/patio-colorado\/wp-content\/uploads\/2023\/07\/Retablo_de_San_Juan_Bautista_Iglesia_de_Santa_Marina_Cordoba-scaled-e1688583574391-1630x2048.jpg 1630w, https:\/\/www.upo.es\/patio-colorado\/wp-content\/uploads\/2023\/07\/Retablo_de_San_Juan_Bautista_Iglesia_de_Santa_Marina_Cordoba-scaled-e1688583574391.jpg 1920w\" sizes=\"auto, (max-width: 239px) 100vw, 239px\" \/><\/a><figcaption id=\"caption-attachment-7362\" class=\"wp-caption-text\">Fuente; commons.wikimedia.org<\/figcaption><\/figure>\n<p>La Iglesia de San Lorenzo, al igual que la de Santa Marina, pertenece a \u00e9poca visigoda y tuvo la misma transici\u00f3n de mezquita a templo cat\u00f3lico. Entre 1244 a 1300 se construye un templo en torno al alminar con un car\u00e1cter rom\u00e1nico, g\u00f3tico y musulm\u00e1n, constituyendo una riza mezcla de estilos. Hern\u00e1n Ruiz II ser\u00e1 tambi\u00e9n el responsable de la introducci\u00f3n del roset\u00f3n y la transformaci\u00f3n del aminar en campanario. Tras un incendio en 1647 se apuesta por restaurarla siguiendo un estilo barroco, se encalan las paredes tapando los murales y el artesanado tambi\u00e9n es cubierto con b\u00f3vedas de ladrillo y yeso. En los a\u00f1os 60 se quiere volver a traer la esencia original de la construcci\u00f3n, redescubriendo las pinturas que hab\u00edan quedado ocultas desde el siglo XVII. En 1985 es declarado BIC y entre 2007 y 2008 se realiza una gran restauraci\u00f3n que le confiere el aspecto actual a su fachada, as\u00ed como se lleva a cabo la restauraci\u00f3n de sus frescos. Estos sin duda son lo m\u00e1s caracter\u00edstico del templo realizados mediante temple con oro en los siglos XIV y XV. Ocupan la \u00e1bside central recordando al arte bizantino y podemos diferenciar entre frescos de santos y profetas, escenas del Calvario, y querubines y serafines.<\/p>\n<figure id=\"attachment_7363\" aria-describedby=\"caption-attachment-7363\" style=\"width: 300px\" class=\"wp-caption aligncenter\"><a href=\"https:\/\/commons.wikimedia.org\/wiki\/File:Pinturas_de_la_capilla_mayor_de_la_Iglesia_de_San_Lorenzo_%28C%C3%B3rdoba%29.jpg\"><img loading=\"lazy\" decoding=\"async\" class=\"wp-image-7363 size-medium\" src=\"https:\/\/www.upo.es\/patio-colorado\/wp-content\/uploads\/2023\/07\/900px-Pinturas_de_la_capilla_mayor_de_la_Iglesia_de_San_Lorenzo_Cordoba-300x300.jpg\" alt=\"\" width=\"300\" height=\"300\" srcset=\"https:\/\/www.upo.es\/patio-colorado\/wp-content\/uploads\/2023\/07\/900px-Pinturas_de_la_capilla_mayor_de_la_Iglesia_de_San_Lorenzo_Cordoba-300x300.jpg 300w, https:\/\/www.upo.es\/patio-colorado\/wp-content\/uploads\/2023\/07\/900px-Pinturas_de_la_capilla_mayor_de_la_Iglesia_de_San_Lorenzo_Cordoba-150x150.jpg 150w, https:\/\/www.upo.es\/patio-colorado\/wp-content\/uploads\/2023\/07\/900px-Pinturas_de_la_capilla_mayor_de_la_Iglesia_de_San_Lorenzo_Cordoba-768x768.jpg 768w, https:\/\/www.upo.es\/patio-colorado\/wp-content\/uploads\/2023\/07\/900px-Pinturas_de_la_capilla_mayor_de_la_Iglesia_de_San_Lorenzo_Cordoba.jpg 900w\" sizes=\"auto, (max-width: 300px) 100vw, 300px\" \/><\/a><figcaption id=\"caption-attachment-7363\" class=\"wp-caption-text\">Fuente: commons.wikimedia.org<\/figcaption><\/figure>\n<p>Por \u00faltimo, La iglesia de San Nicol\u00e1s sigue la misma estructura de tres naves, con la central de mayor anchura y altura que el resto. La nave central est\u00e1 decorada con un bello artesanado de madera de 1558, estructura poligonal a base de oct\u00e1gonos. Su fachada actual no es la original ya que est\u00e1 se ech\u00f3 abajo para construcci\u00f3n del coro, as\u00ed como para la introducci\u00f3n del roset\u00f3n. Sin embargo, la portada del lado de la ep\u00edstola s\u00ed mantiene su car\u00e1cter medieval. Su torre fue erigida en 1496 seg\u00fan la inscripci\u00f3n que encontramos en ella. La gran parte de sus retablos est\u00e1n realizados por Jorge Mej\u00eda. Entre sus elementos m\u00e1s caracter\u00edsticos su capilla bautismal dise\u00f1ada por Hern\u00e1n Ruiz II y decorada por Sebasti\u00e1n de Pe\u00f1arredonda entre 1540 y 1555. Representa la coronaci\u00f3n de la Virgen Mar\u00eda predominando los colores celestes, ocres y dorados. Su retablo mayor es del siglo XVIII realizado por Mej\u00eda en madera dorada, presidido por el santo que da nombre al lugar, san Nicol\u00e1s de Bari; en sus laterales se encuentran san Miguel y san Rafael. Arriba cercano a la b\u00f3veda una representaci\u00f3n del Calvario del Manuel G\u00f3mez y G\u00f3ngora de en torno a 1801.<\/p>\n<figure style=\"width: 473px\" class=\"wp-caption aligncenter\"><a href=\"https:\/\/palios.wordpress.com\/2023\/02\/12\/capilla-bautismal-iglesia-de-san-nicolas-de-la-villa-cordoba\/\"><img loading=\"lazy\" decoding=\"async\" src=\"https:\/\/live.staticflickr.com\/65535\/52477459854_54e982fe8c_5k.jpg\" alt=\"\" width=\"473\" height=\"355\" \/><\/a><figcaption class=\"wp-caption-text\">Fuente: palios.wordpress.com<\/figcaption><\/figure>\n<p>Con este cap\u00edtulo terminamos nuestros art\u00edculos sobre lugares y rincones de C\u00f3rdoba que esperemos que hayan disfrutado y les haya animado a visitar en persona.<\/p>\n<p><strong>BIBLIOGRAF\u00cdA<\/strong><\/p>\n<ul>\n<li>Iglesia de San Nicol\u00e1s de la Villa: El Edificio. <em>Artencordoba<\/em>. https:\/\/www.artencordoba.com\/iglesias-fernandinas\/iglesia-san-nicolas-villa-edificio\/.<\/li>\n<li>Iglesia de San Nicol\u00e1s de la Villa: Altares y Capillas. <em>Artencordoba<\/em>. https:\/\/www.artencordoba.com\/iglesias-fernandinas\/altares-capillas-iglesia-san-nicolas-villa\/.<\/li>\n<li>Iglesia San Lorenzo. <em>Amedina C\u00f3rdoba<\/em>. https:\/\/amedinacordoba.com\/iglesia-san-lorenzo\/<\/li>\n<li>Iglesia de Santa Marina. <em>Amedina C\u00f3rdoba<\/em>. https:\/\/amedinacordoba.com\/iglesia-de-santa-marina\/<\/li>\n<li>Iglesia de Santa Marina: El Edificio. <em>Artencordoba<\/em>.\u00a0 https:\/\/www.artencordoba.com\/iglesias-fernandinas\/iglesia-santa-marina-edificio\/.<\/li>\n<li>Iglesia de Santa Marina: Altares y Capillas. <em>Artencordoba<\/em>.\u00a0 https:\/\/www.artencordoba.com\/iglesias-fernandinas\/altares-capillas-iglesia-santa-marina\/<\/li>\n<li>Iglesias fernandinas. <em>C\u00f3rdobapedia.\u00a0 https:\/\/cordobapedia.wikanda.es\/wiki\/Iglesias_fernandinas.<\/em><\/li>\n<li>Iglesia de San Miguel: Altares y Capillas. <em>Artencordoba<\/em>.\u00a0 https:\/\/www.artencordoba.com\/iglesias-fernandinas\/altares-capillas-iglesia-san-miguel\/.<\/li>\n<\/ul>\n","protected":false},"excerpt":{"rendered":"<p>Las Iglesias fernandinas tienen lugar tras la conquista de C\u00f3rdoba el 29 de junio de 1236 de la mano de Fernando III el Santo, a quien el pr\u00edncipe de la ciudad Abul-l- Casan le entrega las llaves de la ciudad.\u00a0 Estas eran anteriormente mezquitas que tras la conquista son transformadas en iglesias, por ello sus [&hellip;]<\/p>\n","protected":false},"author":28,"featured_media":7368,"comment_status":"open","ping_status":"open","sticky":false,"template":"","format":"standard","meta":{"_acf_changed":false,"_monsterinsights_skip_tracking":false,"_monsterinsights_sitenote_active":false,"_monsterinsights_sitenote_note":"","_monsterinsights_sitenote_category":0,"footnotes":""},"categories":[304],"tags":[345,578,776,994,690],"class_list":["post-7351","post","type-post","status-publish","format-standard","has-post-thumbnail","hentry","category-cordoba","tag-cordoba","tag-bic","tag-catolica","tag-fernando-iii","tag-iglesias"],"blocksy_meta":[],"acf":[],"jetpack_featured_media_url":"https:\/\/www.upo.es\/patio-colorado\/wp-content\/uploads\/2023\/07\/Captura-de-pantalla-2023-07-05-213945.jpg","_links":{"self":[{"href":"https:\/\/www.upo.es\/patio-colorado\/wp-json\/wp\/v2\/posts\/7351","targetHints":{"allow":["GET"]}}],"collection":[{"href":"https:\/\/www.upo.es\/patio-colorado\/wp-json\/wp\/v2\/posts"}],"about":[{"href":"https:\/\/www.upo.es\/patio-colorado\/wp-json\/wp\/v2\/types\/post"}],"author":[{"embeddable":true,"href":"https:\/\/www.upo.es\/patio-colorado\/wp-json\/wp\/v2\/users\/28"}],"replies":[{"embeddable":true,"href":"https:\/\/www.upo.es\/patio-colorado\/wp-json\/wp\/v2\/comments?post=7351"}],"version-history":[{"count":13,"href":"https:\/\/www.upo.es\/patio-colorado\/wp-json\/wp\/v2\/posts\/7351\/revisions"}],"predecessor-version":[{"id":7394,"href":"https:\/\/www.upo.es\/patio-colorado\/wp-json\/wp\/v2\/posts\/7351\/revisions\/7394"}],"wp:featuredmedia":[{"embeddable":true,"href":"https:\/\/www.upo.es\/patio-colorado\/wp-json\/wp\/v2\/media\/7368"}],"wp:attachment":[{"href":"https:\/\/www.upo.es\/patio-colorado\/wp-json\/wp\/v2\/media?parent=7351"}],"wp:term":[{"taxonomy":"category","embeddable":true,"href":"https:\/\/www.upo.es\/patio-colorado\/wp-json\/wp\/v2\/categories?post=7351"},{"taxonomy":"post_tag","embeddable":true,"href":"https:\/\/www.upo.es\/patio-colorado\/wp-json\/wp\/v2\/tags?post=7351"}],"curies":[{"name":"wp","href":"https:\/\/api.w.org\/{rel}","templated":true}]}}