{"id":7384,"date":"2023-07-11T14:46:08","date_gmt":"2023-07-11T14:46:08","guid":{"rendered":"https:\/\/www.upo.es\/patio-colorado\/?p=7384"},"modified":"2023-07-11T14:46:08","modified_gmt":"2023-07-11T14:46:08","slug":"homenaje-a-picasso-promovido-por-loving-art-andalucia","status":"publish","type":"post","link":"https:\/\/www.upo.es\/patio-colorado\/2023\/07\/11\/homenaje-a-picasso-promovido-por-loving-art-andalucia\/","title":{"rendered":"Homenaje a Picasso promovido por Loving Art Andaluc\u00eda"},"content":{"rendered":"<p>La organizaci\u00f3n sin \u00e1nimo de lucro Loving Art Andaluc\u00eda ha inaugurado en Madrid una nueva exposici\u00f3n de 25 artistas contempor\u00e1neos que rinden homenaje a Picasso con su obra, inspirada en la imagen de los arlequines.<br \/>\nOrganizada con motivo de la celebraci\u00f3n del 50 aniversario de la muerte de uno de los artistas espa\u00f1oles, la exposici\u00f3n tiene la m\u00e1xima proyecci\u00f3n internacional. La exposici\u00f3n se inaugurar\u00e1 el 14 de junio y estar\u00e1 abierta al p\u00fablico hasta el 14 de julio en la sede madrile\u00f1a de la Facultad de Ingenier\u00eda, Caminos, Canales y Puertos.<br \/>\nLa exposici\u00f3n de pinturas &#8216;Arlequines&#8217; muestra las obras de 23 mujeres y 2 hombres de perfil contempor\u00e1neo y una importante trayectoria art\u00edstica. Se trata de: \u00c1ngela Sol\u00eds Oneill, Macarena Garc\u00eda Jim\u00e9nez, Beatriz Zerolo Dur\u00e1n, Carmen Ib\u00e1\u00f1ez Caballero, Concha Bar\u00f3n Fern\u00e1ndez de C\u00f3rdoba, Laura Di Marco, Elisa Sainz de Vicu\u00f1a, M. Fernanda Nu\u00f1ez Iba\u00f1ez, Gema Climent, Herminia Gil Algar, In\u00e9s Marichalar, Joe Ongie, Mar\u00eda Dolores Tirado Serrano, Mar\u00eda Jos\u00e9 Forn\u00e9, Margarita V\u00e1zquez Espinosa, Miriam Cubiles Ricca, Mar\u00eda Pilar Garc\u00eda Abril, Roc\u00edo Acosta, Rita Del R\u00edo Rodr\u00edguez, Roc\u00edo Melgarejo, Sonia Beatriz Marcianesi, Teresa Pe\u00f1a, Mar\u00eda Teresa Izquierdo y William Travis Moore.<\/p>\n<p>Fuente: Diario de Sevilla<\/p>\n","protected":false},"excerpt":{"rendered":"<p>La organizaci\u00f3n sin \u00e1nimo de lucro Loving Art Andaluc\u00eda ha inaugurado en Madrid una nueva exposici\u00f3n de 25 artistas contempor\u00e1neos que rinden homenaje a Picasso con su obra, inspirada en la imagen de los arlequines. Organizada con motivo de la celebraci\u00f3n del 50 aniversario de la muerte de uno de los artistas espa\u00f1oles, la exposici\u00f3n [&hellip;]<\/p>\n","protected":false},"author":102,"featured_media":0,"comment_status":"open","ping_status":"open","sticky":false,"template":"","format":"standard","meta":{"_acf_changed":false,"_monsterinsights_skip_tracking":false,"_monsterinsights_sitenote_active":false,"_monsterinsights_sitenote_note":"","_monsterinsights_sitenote_category":0,"footnotes":""},"categories":[12,167],"tags":[80,55,128,99,28],"class_list":["post-7384","post","type-post","status-publish","format-standard","hentry","category-eventos","category-pintura-escultura","tag-actualidad","tag-andalucia","tag-artistas","tag-cultura","tag-arte"],"blocksy_meta":[],"acf":[],"jetpack_featured_media_url":"","_links":{"self":[{"href":"https:\/\/www.upo.es\/patio-colorado\/wp-json\/wp\/v2\/posts\/7384","targetHints":{"allow":["GET"]}}],"collection":[{"href":"https:\/\/www.upo.es\/patio-colorado\/wp-json\/wp\/v2\/posts"}],"about":[{"href":"https:\/\/www.upo.es\/patio-colorado\/wp-json\/wp\/v2\/types\/post"}],"author":[{"embeddable":true,"href":"https:\/\/www.upo.es\/patio-colorado\/wp-json\/wp\/v2\/users\/102"}],"replies":[{"embeddable":true,"href":"https:\/\/www.upo.es\/patio-colorado\/wp-json\/wp\/v2\/comments?post=7384"}],"version-history":[{"count":1,"href":"https:\/\/www.upo.es\/patio-colorado\/wp-json\/wp\/v2\/posts\/7384\/revisions"}],"predecessor-version":[{"id":7385,"href":"https:\/\/www.upo.es\/patio-colorado\/wp-json\/wp\/v2\/posts\/7384\/revisions\/7385"}],"wp:attachment":[{"href":"https:\/\/www.upo.es\/patio-colorado\/wp-json\/wp\/v2\/media?parent=7384"}],"wp:term":[{"taxonomy":"category","embeddable":true,"href":"https:\/\/www.upo.es\/patio-colorado\/wp-json\/wp\/v2\/categories?post=7384"},{"taxonomy":"post_tag","embeddable":true,"href":"https:\/\/www.upo.es\/patio-colorado\/wp-json\/wp\/v2\/tags?post=7384"}],"curies":[{"name":"wp","href":"https:\/\/api.w.org\/{rel}","templated":true}]}}