{"id":7396,"date":"2023-07-12T16:25:14","date_gmt":"2023-07-12T16:25:14","guid":{"rendered":"https:\/\/www.upo.es\/patio-colorado\/?p=7396"},"modified":"2023-07-12T16:26:48","modified_gmt":"2023-07-12T16:26:48","slug":"se-recupeta-la-entrada-mas-antigua-del-alcazar-de-cordoba","status":"publish","type":"post","link":"https:\/\/www.upo.es\/patio-colorado\/2023\/07\/12\/se-recupeta-la-entrada-mas-antigua-del-alcazar-de-cordoba\/","title":{"rendered":"Se recupeta la entrada m\u00e1s antigua del Alc\u00e1zar de C\u00f3rdoba"},"content":{"rendered":"<p>c\u00f3rdoba recupera su entrada m\u00e1s antigua descubierta hasta la fecha. Procedente de tiempos almohades hab\u00eda estado oculta desde siglo XII, tras la portada tardobarroca que da al r\u00edo Guadalquivir.<\/p>\n<figure style=\"width: 500px\" class=\"wp-caption aligncenter\"><a href=\"https:\/\/www.diariocordoba.com\/fotos\/cordoba-ciudad\/2023\/03\/30\/restaurada-puerta-barroca-alcazar-reyes-85381103.html#foto=8\"><img loading=\"lazy\" decoding=\"async\" src=\"https:\/\/estaticos-cdn.prensaiberica.es\/clip\/5b2ddd41-5270-478d-b533-98a0b3057963_source-aspect-ratio_25p_0.jpg\" alt=\"Restaurada la puerta barroca del Alc\u00e1zar de los Reyes Cristianos de C\u00f3rdoba - Diario C\u00f3rdoba\" width=\"500\" height=\"333\" \/><\/a><figcaption class=\"wp-caption-text\">Fuente: diariocordoba.com<\/figcaption><\/figure>\n<p>Tal como nos dice Juan Murillo, arque\u00f3logo, el alc\u00e1zar ha estado muy condicionado por el devenir del tiempo pasando por numerosas transformaciones pasando de ser un espacio palatino a c\u00e1rcel de la inquisici\u00f3n, posteriormente\u00a0 prisi\u00f3n provincial y luego espacio representativo de la ciudad a mediados del siglo XX. Por tanto, sus primeros recorridos no eran los originales y l\u00f3gicos . Por lo que recuperar este acceso va a garantizar la l\u00f3gica del recorrido para el visitante, as\u00ed como posibilitar hacerlo accesible para personas impedidas.<\/p>\n<p>Seg\u00fan, Alberto Le\u00f3n catedr\u00e1tico de la Universidad de C\u00f3rdoba, la transformaci\u00f3n ha sido fruto de una investigaci\u00f3n desarrollada desde hace m\u00e1s de veinte a\u00f1os, recuperada a principios de siglo con la excavaci\u00f3n del Patio de Mujeres; permitiendo cambiar la historia del edificio; pudiendo permitir la modificaci\u00f3n y lectura del edificio de otra manera. Como conclusi\u00f3n de estas excavaciones se plantea que en realidad el alc\u00e1zar supone una reconstrucci\u00f3n muro por muro del antiguo palacio almohade de finales del siglo XII.<\/p>\n<p>Fuentes:<\/p>\n<ul>\n<li>CanalSur.es<\/li>\n<li>Eldiadecordoba.es<\/li>\n<\/ul>\n","protected":false},"excerpt":{"rendered":"<p>c\u00f3rdoba recupera su entrada m\u00e1s antigua descubierta hasta la fecha. Procedente de tiempos almohades hab\u00eda estado oculta desde siglo XII, tras la portada tardobarroca que da al r\u00edo Guadalquivir. Tal como nos dice Juan Murillo, arque\u00f3logo, el alc\u00e1zar ha estado muy condicionado por el devenir del tiempo pasando por numerosas transformaciones pasando de ser un [&hellip;]<\/p>\n","protected":false},"author":28,"featured_media":7398,"comment_status":"open","ping_status":"open","sticky":false,"template":"","format":"standard","meta":{"_acf_changed":false,"_monsterinsights_skip_tracking":false,"_monsterinsights_sitenote_active":false,"_monsterinsights_sitenote_note":"","_monsterinsights_sitenote_category":0,"footnotes":""},"categories":[1],"tags":[345,565,996],"class_list":["post-7396","post","type-post","status-publish","format-standard","has-post-thumbnail","hentry","category-sin-categoria","tag-cordoba","tag-alcazar","tag-almohade"],"blocksy_meta":[],"acf":[],"jetpack_featured_media_url":"https:\/\/www.upo.es\/patio-colorado\/wp-content\/uploads\/2023\/07\/5b2ddd41-5270-478d-b533-98a0b3057963_source-aspect-ratio_50p_0.jpg","_links":{"self":[{"href":"https:\/\/www.upo.es\/patio-colorado\/wp-json\/wp\/v2\/posts\/7396","targetHints":{"allow":["GET"]}}],"collection":[{"href":"https:\/\/www.upo.es\/patio-colorado\/wp-json\/wp\/v2\/posts"}],"about":[{"href":"https:\/\/www.upo.es\/patio-colorado\/wp-json\/wp\/v2\/types\/post"}],"author":[{"embeddable":true,"href":"https:\/\/www.upo.es\/patio-colorado\/wp-json\/wp\/v2\/users\/28"}],"replies":[{"embeddable":true,"href":"https:\/\/www.upo.es\/patio-colorado\/wp-json\/wp\/v2\/comments?post=7396"}],"version-history":[{"count":1,"href":"https:\/\/www.upo.es\/patio-colorado\/wp-json\/wp\/v2\/posts\/7396\/revisions"}],"predecessor-version":[{"id":7397,"href":"https:\/\/www.upo.es\/patio-colorado\/wp-json\/wp\/v2\/posts\/7396\/revisions\/7397"}],"wp:featuredmedia":[{"embeddable":true,"href":"https:\/\/www.upo.es\/patio-colorado\/wp-json\/wp\/v2\/media\/7398"}],"wp:attachment":[{"href":"https:\/\/www.upo.es\/patio-colorado\/wp-json\/wp\/v2\/media?parent=7396"}],"wp:term":[{"taxonomy":"category","embeddable":true,"href":"https:\/\/www.upo.es\/patio-colorado\/wp-json\/wp\/v2\/categories?post=7396"},{"taxonomy":"post_tag","embeddable":true,"href":"https:\/\/www.upo.es\/patio-colorado\/wp-json\/wp\/v2\/tags?post=7396"}],"curies":[{"name":"wp","href":"https:\/\/api.w.org\/{rel}","templated":true}]}}