{"id":7399,"date":"2023-07-12T16:40:58","date_gmt":"2023-07-12T16:40:58","guid":{"rendered":"https:\/\/www.upo.es\/patio-colorado\/?p=7399"},"modified":"2023-07-12T16:41:27","modified_gmt":"2023-07-12T16:41:27","slug":"situadas-la-instalaciones-portuarias-del-reino-de-taifa-de-niebla-y-epoca-romana-en-san-juan-del-puerto","status":"publish","type":"post","link":"https:\/\/www.upo.es\/patio-colorado\/2023\/07\/12\/situadas-la-instalaciones-portuarias-del-reino-de-taifa-de-niebla-y-epoca-romana-en-san-juan-del-puerto\/","title":{"rendered":"Situadas la instalaciones portuarias del reino de taifa de Niebla y \u00e9poca romana en San Juan del Puerto"},"content":{"rendered":"<p>David Gonz\u00e1lez Cruz, catedr\u00e1tico de Historia Moderna de la Universidad de Huelva, y Javier Bermejo Men\u00e9ndez, profesor titular del \u00e1rea de Arqueolog\u00eda de la misma universidad, han publicado el art\u00edculo titulado \u00abSan Juan del Puerto como estrat\u00e9gico enclave comercial en la Edad Moderna: antecedentes hist\u00f3ricos y navegabilidad del r\u00edo Tinto\u00bb en la revista cient\u00edfica \u00abV\u00ednculos de Historia\u00bb donde sit\u00faan las instalaciones portuarias procedentes del reino Taifa de Niebla, as\u00ed como de \u00e9poca romana en la localidad de San Juan del Puerto.<\/p>\n<p><img loading=\"lazy\" decoding=\"async\" class=\" wp-image-7404 aligncenter\" src=\"https:\/\/www.upo.es\/patio-colorado\/wp-content\/uploads\/2023\/07\/s-juan-del-puerto.jpg\" alt=\"\" width=\"233\" height=\"302\" \/><\/p>\n<p>&nbsp;<\/p>\n<p>Para ello se basan en el testimonio dado por Ab\u016b Abd All\u0101h Muhammad al-Idr\u012bs\u012b, que plantea el brazo del r\u00edo Tinto, situado entre San Juan y Niebla como el lugar d\u00f3nde los barcos navegaban llegando a punto con un acentuado estrechamiento. En sus propias palabras: \u00abAll\u00ed hay un brazo de mar que coincide con la desembocadura del r\u00edo de Niebla y que se ensancha hasta tener casi una milla, y los barcos lo remontan sin cesar hasta el punto en que se estrecha, y no tiene m\u00e1s ancho que el del r\u00edo, es decir, la mitad de un tiro de piedra\u201d.<\/p>\n<p>Este testimonio adem\u00e1s fue contrastado con la informaci\u00f3n cartogr\u00e1fica que existe de ese lugar a lo largo de la historia, como el mapa del holand\u00e9s Lucas Jansz Waghenaer de 1583, donde sit\u00faa este estrechamiento del r\u00edo en el termino municipal de San Juan del Puerto. Tambi\u00e9n se han usado testimonios de Rodrigo Caro de su obra de 1634 o el ilustrado Antonio Jacobo del Barco a mediados del XVII.<\/p>\n<p>Fuentes:<\/p>\n<ul>\n<li>DiariodeHuelva.es<\/li>\n<li>Gonz\u00e1lez Cruz, D.\u00a0 y Bermejo Men\u00e9ndez, J. (2022). San Juan del Puerto como estrat\u00e9gico enclave comercial en la Edad Moderna: antecedentes hist\u00f3ricos y navegabilidad del r\u00edo Tinto.\u00a0 <em>V\u00ednculos de Historia<\/em>, 12 (2023), 285-296. https:\/\/doi.org\/10.18239\/vdh_2023.12.14<\/li>\n<\/ul>\n","protected":false},"excerpt":{"rendered":"<p>David Gonz\u00e1lez Cruz, catedr\u00e1tico de Historia Moderna de la Universidad de Huelva, y Javier Bermejo Men\u00e9ndez, profesor titular del \u00e1rea de Arqueolog\u00eda de la misma universidad, han publicado el art\u00edculo titulado \u00abSan Juan del Puerto como estrat\u00e9gico enclave comercial en la Edad Moderna: antecedentes hist\u00f3ricos y navegabilidad del r\u00edo Tinto\u00bb en la revista cient\u00edfica \u00abV\u00ednculos [&hellip;]<\/p>\n","protected":false},"author":28,"featured_media":7404,"comment_status":"open","ping_status":"open","sticky":false,"template":"","format":"standard","meta":{"_acf_changed":false,"_monsterinsights_skip_tracking":false,"_monsterinsights_sitenote_active":false,"_monsterinsights_sitenote_note":"","_monsterinsights_sitenote_category":0,"footnotes":""},"categories":[45,46,303],"tags":[516,377,997],"class_list":["post-7399","post","type-post","status-publish","format-standard","has-post-thumbnail","hentry","category-boletin-colorao","category-en-la-prensa","category-huelva","tag-niebla","tag-huelva","tag-san-juan-del-puerto"],"blocksy_meta":[],"acf":[],"jetpack_featured_media_url":"https:\/\/www.upo.es\/patio-colorado\/wp-content\/uploads\/2023\/07\/s-juan-del-puerto.jpg","_links":{"self":[{"href":"https:\/\/www.upo.es\/patio-colorado\/wp-json\/wp\/v2\/posts\/7399","targetHints":{"allow":["GET"]}}],"collection":[{"href":"https:\/\/www.upo.es\/patio-colorado\/wp-json\/wp\/v2\/posts"}],"about":[{"href":"https:\/\/www.upo.es\/patio-colorado\/wp-json\/wp\/v2\/types\/post"}],"author":[{"embeddable":true,"href":"https:\/\/www.upo.es\/patio-colorado\/wp-json\/wp\/v2\/users\/28"}],"replies":[{"embeddable":true,"href":"https:\/\/www.upo.es\/patio-colorado\/wp-json\/wp\/v2\/comments?post=7399"}],"version-history":[{"count":2,"href":"https:\/\/www.upo.es\/patio-colorado\/wp-json\/wp\/v2\/posts\/7399\/revisions"}],"predecessor-version":[{"id":7405,"href":"https:\/\/www.upo.es\/patio-colorado\/wp-json\/wp\/v2\/posts\/7399\/revisions\/7405"}],"wp:featuredmedia":[{"embeddable":true,"href":"https:\/\/www.upo.es\/patio-colorado\/wp-json\/wp\/v2\/media\/7404"}],"wp:attachment":[{"href":"https:\/\/www.upo.es\/patio-colorado\/wp-json\/wp\/v2\/media?parent=7399"}],"wp:term":[{"taxonomy":"category","embeddable":true,"href":"https:\/\/www.upo.es\/patio-colorado\/wp-json\/wp\/v2\/categories?post=7399"},{"taxonomy":"post_tag","embeddable":true,"href":"https:\/\/www.upo.es\/patio-colorado\/wp-json\/wp\/v2\/tags?post=7399"}],"curies":[{"name":"wp","href":"https:\/\/api.w.org\/{rel}","templated":true}]}}