{"id":7413,"date":"2024-02-05T08:41:01","date_gmt":"2024-02-05T08:41:01","guid":{"rendered":"https:\/\/www.upo.es\/patio-colorado\/?p=7413"},"modified":"2024-02-16T08:41:53","modified_gmt":"2024-02-16T08:41:53","slug":"conoce-y-visita-la-exposicion-malgorzata-mirga-tas-remembranza-y-resignificacion-en-el-caac","status":"publish","type":"post","link":"https:\/\/www.upo.es\/patio-colorado\/2024\/02\/05\/conoce-y-visita-la-exposicion-malgorzata-mirga-tas-remembranza-y-resignificacion-en-el-caac\/","title":{"rendered":"Conoce y visita la exposici\u00f3n \u00abMA\u0141GORZATA MIRGA-TAS. Remembranza y resignificaci\u00f3n\u00bb en el CAAC"},"content":{"rendered":"<div><img loading=\"lazy\" decoding=\"async\" class=\"size-medium wp-image-7414 aligncenter\" src=\"https:\/\/www.upo.es\/patio-colorado\/wp-content\/uploads\/2024\/02\/Imagen-1-300x177.jpg\" alt=\"\" width=\"300\" height=\"177\" srcset=\"https:\/\/www.upo.es\/patio-colorado\/wp-content\/uploads\/2024\/02\/Imagen-1-300x177.jpg 300w, https:\/\/www.upo.es\/patio-colorado\/wp-content\/uploads\/2024\/02\/Imagen-1.jpg 425w\" sizes=\"auto, (max-width: 300px) 100vw, 300px\" \/>Desde el pasado mes de septiembre y hasta el 31 de marzo, el Centro Andaluz de Arte Contempor\u00e1neo (CAAC) acoge la exposici\u00f3n \u00abMa\u0142gorzata Mirga-Tas. Remembranza y resignificaci\u00f3n\u00bb. Por solo 1,80\u00a0\u20ac (gratis los s\u00e1bados de 11 a 21 horas y de martes a viernes de 19 a 21 horas), el espectador puede hacer un recorrido por seis proyectos de la autora. Tuve la oportunidad de visitarla en diciembre y es, sin lugar a duda, una obra que no deja a nadie indiferente.<\/div>\n<p style=\"font-weight: 400\">Ma\u0142gorzata Mirga-Tas es una creadora roman\u00ed de origen polaco que reescribe la historia de los gitanos a su paso por Polonia mediante obras que retratan la vida cotidiana de numerosas personas. Los bienes se exponen en la antigua iglesia cartuja, que contrasta sobremanera con el arte colorido e innovador de la artista.<\/p>\n<p style=\"font-weight: 400\">M\u00e1s presente en algunas salas que en otras, los animales son, por lo general, un denominador com\u00fan en la obra de la autora. Los dibujos de gallinas, junto con las verdaderas plumas de estas, est\u00e1n presente en casi todo momento. Una caracter\u00edstica fundamental de la exposici\u00f3n es la combinaci\u00f3n de materiales nada tradicionales y a los que el espectador no est\u00e1 acostumbrado. La madera, el textil, la pintura y algunos objetos de la vida cotidiana \u2014como rosarios\u2014 son los verdaderos protagonistas de las creaciones y permiten retratar a la perfecci\u00f3n a las narradoras de la historia.<\/p>\n<p style=\"font-weight: 400\">No es mi intenci\u00f3n destripar aqu\u00ed los misterios de la exposici\u00f3n, ya que creo que gran parte de su encanto reside en no saber qu\u00e9 vendr\u00e1 a continuaci\u00f3n. Sin embargo, veo necesario destacar las obras que m\u00e1s me han impresionado.<\/p>\n<p style=\"font-weight: 400\"><em>Si ya te has decantado por visitarla, es el momento de dejar de leer si no quieres que te desvele lo m\u00e1s interesante\u2026<\/em><\/p>\n<p style=\"font-weight: 400\">En primer lugar, cuatro biombos preparan al espectador para lo que ver\u00e1 a continuaci\u00f3n, pues supone una buena representaci\u00f3n de la exposici\u00f3n en su conjunto. En la imagen se puede apreciar el rosario del que hablaba hace unas l\u00edneas, y es que el rezo es una parte fundamental del d\u00eda a d\u00eda de las mujeres roman\u00edes.<img loading=\"lazy\" decoding=\"async\" class=\"size-medium wp-image-7416 aligncenter\" src=\"https:\/\/www.upo.es\/patio-colorado\/wp-content\/uploads\/2024\/02\/Imagen-1-1-257x300.jpg\" alt=\"\" width=\"257\" height=\"300\" srcset=\"https:\/\/www.upo.es\/patio-colorado\/wp-content\/uploads\/2024\/02\/Imagen-1-1-257x300.jpg 257w, https:\/\/www.upo.es\/patio-colorado\/wp-content\/uploads\/2024\/02\/Imagen-1-1.jpg 476w\" sizes=\"auto, (max-width: 257px) 100vw, 257px\" \/><\/p>\n<p style=\"font-weight: 400\">A continuaci\u00f3n, diez tapices cuadrados de unos cinco metros de ancho y largo presiden la segunda sala. En esta obra, cobra especial importancia la simbolog\u00eda astrol\u00f3gica: La segunda banda de cada tapiz est\u00e1 protagonizada por signos del zodiaco. La banda superior narra el mito del viaje y la llegada de las comunidades roman\u00edes a Europa. Por \u00faltimo, en la banda inferior se retratan escenas de la vida diaria de su comunidad, como tejer, desplumar gallinas, tender la ropa, coser, beber y rezar.<\/p>\n<p style=\"font-weight: 400\"><img loading=\"lazy\" decoding=\"async\" class=\"size-medium wp-image-7417 aligncenter\" src=\"https:\/\/www.upo.es\/patio-colorado\/wp-content\/uploads\/2024\/02\/Imagen-2-225x300.jpg\" alt=\"\" width=\"225\" height=\"300\" srcset=\"https:\/\/www.upo.es\/patio-colorado\/wp-content\/uploads\/2024\/02\/Imagen-2-225x300.jpg 225w, https:\/\/www.upo.es\/patio-colorado\/wp-content\/uploads\/2024\/02\/Imagen-2.jpg 385w\" sizes=\"auto, (max-width: 225px) 100vw, 225px\" \/><\/p>\n<p style=\"font-weight: 400\">La tercera sala contiene tres peque\u00f1as capillas, inspiradas en el arte popular y religioso de su localidad natal. Las protagonistas de esta obra son la t\u00eda, la abuela y la bisabuela de la autora, todas ellas mujeres que han tenido un papel importante en su vida.<\/p>\n<p style=\"font-weight: 400\"><img loading=\"lazy\" decoding=\"async\" class=\"size-medium wp-image-7418 aligncenter\" src=\"https:\/\/www.upo.es\/patio-colorado\/wp-content\/uploads\/2024\/02\/Imagen-3-300x262.jpg\" alt=\"\" width=\"300\" height=\"262\" srcset=\"https:\/\/www.upo.es\/patio-colorado\/wp-content\/uploads\/2024\/02\/Imagen-3-300x262.jpg 300w, https:\/\/www.upo.es\/patio-colorado\/wp-content\/uploads\/2024\/02\/Imagen-3.jpg 485w\" sizes=\"auto, (max-width: 300px) 100vw, 300px\" \/><\/p>\n<p style=\"font-weight: 400\">La cuarta sala obliga al espectador a mirar un poco m\u00e1s arriba. Envueltos en las molduras de Rold\u00e1n que antes alojaban cuadros de Zurbar\u00e1n, estos tres cuadros retratan a mujeres gitanas andaluzas de distintos tiempos y lugares, y lo hace, como siempre, integrando diferentes tejidos para dotar a los cuadros de la m\u00e1xima textura posible.<img loading=\"lazy\" decoding=\"async\" class=\"size-medium wp-image-7419 aligncenter\" src=\"https:\/\/www.upo.es\/patio-colorado\/wp-content\/uploads\/2024\/02\/Imagen-4-226x300.jpg\" alt=\"\" width=\"226\" height=\"300\" srcset=\"https:\/\/www.upo.es\/patio-colorado\/wp-content\/uploads\/2024\/02\/Imagen-4-226x300.jpg 226w, https:\/\/www.upo.es\/patio-colorado\/wp-content\/uploads\/2024\/02\/Imagen-4.jpg 430w\" sizes=\"auto, (max-width: 226px) 100vw, 226px\" \/><\/p>\n<p style=\"font-weight: 400\">La quinta obra reproduce la instalaci\u00f3n presente en el museo The Sa\u0328decki Ethnographic Park, que consta de diferentes estilos de viviendas y supone una s\u00edntesis de los grupos \u00e9tnicos de la regi\u00f3n, pero tambi\u00e9n pone en duda la experiencia muse\u00edstica tradicional.<\/p>\n<p style=\"font-weight: 400\"><img loading=\"lazy\" decoding=\"async\" class=\"size-medium wp-image-7420 aligncenter\" src=\"https:\/\/www.upo.es\/patio-colorado\/wp-content\/uploads\/2024\/02\/Imagen-5-226x300.jpg\" alt=\"\" width=\"226\" height=\"300\" srcset=\"https:\/\/www.upo.es\/patio-colorado\/wp-content\/uploads\/2024\/02\/Imagen-5-226x300.jpg 226w, https:\/\/www.upo.es\/patio-colorado\/wp-content\/uploads\/2024\/02\/Imagen-5.jpg 427w\" sizes=\"auto, (max-width: 226px) 100vw, 226px\" \/><\/p>\n<p style=\"font-weight: 400\">Por \u00faltimo, la sexta obra, la que m\u00e1s difiere de las dem\u00e1s, se trata de un monumento <em>in memoriam<\/em> de las 29 personas roman\u00edes asesinadas a manos de los nazis en un bosque de Polonia en julio de 1942. La artista realizo\u0301 una similar hace unos an\u0303os, pero el auge de la ultraderecha en Polonia dio lugar a su destruccio\u0301n. Una vez reconstruida, decidio\u0301 tomar como punto de partida su primera obra para crear la serie <em>29 <\/em>en exclusiva para la exposicio\u0301n.<img loading=\"lazy\" decoding=\"async\" class=\"size-medium wp-image-7421 aligncenter\" src=\"https:\/\/www.upo.es\/patio-colorado\/wp-content\/uploads\/2024\/02\/Imagen-6-164x300.jpg\" alt=\"\" width=\"164\" height=\"300\" srcset=\"https:\/\/www.upo.es\/patio-colorado\/wp-content\/uploads\/2024\/02\/Imagen-6-164x300.jpg 164w, https:\/\/www.upo.es\/patio-colorado\/wp-content\/uploads\/2024\/02\/Imagen-6.jpg 385w\" sizes=\"auto, (max-width: 164px) 100vw, 164px\" \/><\/p>\n<p style=\"font-weight: 400\">Si te has quedado con ganas de conocer en profundidad estas obras, te invito a que visites el CAAC y te dejes maravillar por las dimensiones, los colores y las texturas de la exposici\u00f3n.<\/p>\n<p style=\"font-weight: 400\"><span style=\"text-decoration: underline\">Referencias<\/span>:<\/p>\n<p style=\"font-weight: 400\">Centro Andaluz de Arte Contempora\u0301neo (CAAC), (2023). <em>Ma\u0142gorzata Mirga-Tas. Remembranza y resignificacio\u0301n <\/em>[Archivo PDF] http:\/\/www.caac.es\/descargas\/CartelasMirgaTas.pdf<\/p>\n<p style=\"font-weight: 400\">Imagen 1: Junta de Andaluci\u0301a (2023). [Fotografi\u0301a] https:\/\/www.juntadeandalucia.es\/presidencia\/portavoz\/cultura\/186248\/MalgorzataMir gaTas\/CAAC\/exposicion\/holocausto\/puebloromani\/ConsejeriadeTurismo\/CulturayDe porte<\/p>\n","protected":false},"excerpt":{"rendered":"<p>Desde el pasado mes de septiembre y hasta el 31 de marzo, el Centro Andaluz de Arte Contempor\u00e1neo (CAAC) acoge la exposici\u00f3n \u00abMa\u0142gorzata Mirga-Tas. Remembranza y resignificaci\u00f3n\u00bb. Por solo 1,80\u00a0\u20ac (gratis los s\u00e1bados de 11 a 21 horas y de martes a viernes de 19 a 21 horas), el espectador puede hacer un recorrido por [&hellip;]<\/p>\n","protected":false},"author":132,"featured_media":7414,"comment_status":"open","ping_status":"open","sticky":false,"template":"","format":"standard","meta":{"_acf_changed":false,"_monsterinsights_skip_tracking":false,"_monsterinsights_sitenote_active":false,"_monsterinsights_sitenote_note":"","_monsterinsights_sitenote_category":0,"footnotes":""},"categories":[170,301],"tags":[],"class_list":["post-7413","post","type-post","status-publish","format-standard","has-post-thumbnail","hentry","category-monumentos-y-turismo","category-sevilla"],"blocksy_meta":[],"acf":[],"jetpack_featured_media_url":"https:\/\/www.upo.es\/patio-colorado\/wp-content\/uploads\/2024\/02\/Imagen-1.jpg","_links":{"self":[{"href":"https:\/\/www.upo.es\/patio-colorado\/wp-json\/wp\/v2\/posts\/7413","targetHints":{"allow":["GET"]}}],"collection":[{"href":"https:\/\/www.upo.es\/patio-colorado\/wp-json\/wp\/v2\/posts"}],"about":[{"href":"https:\/\/www.upo.es\/patio-colorado\/wp-json\/wp\/v2\/types\/post"}],"author":[{"embeddable":true,"href":"https:\/\/www.upo.es\/patio-colorado\/wp-json\/wp\/v2\/users\/132"}],"replies":[{"embeddable":true,"href":"https:\/\/www.upo.es\/patio-colorado\/wp-json\/wp\/v2\/comments?post=7413"}],"version-history":[{"count":6,"href":"https:\/\/www.upo.es\/patio-colorado\/wp-json\/wp\/v2\/posts\/7413\/revisions"}],"predecessor-version":[{"id":7476,"href":"https:\/\/www.upo.es\/patio-colorado\/wp-json\/wp\/v2\/posts\/7413\/revisions\/7476"}],"wp:featuredmedia":[{"embeddable":true,"href":"https:\/\/www.upo.es\/patio-colorado\/wp-json\/wp\/v2\/media\/7414"}],"wp:attachment":[{"href":"https:\/\/www.upo.es\/patio-colorado\/wp-json\/wp\/v2\/media?parent=7413"}],"wp:term":[{"taxonomy":"category","embeddable":true,"href":"https:\/\/www.upo.es\/patio-colorado\/wp-json\/wp\/v2\/categories?post=7413"},{"taxonomy":"post_tag","embeddable":true,"href":"https:\/\/www.upo.es\/patio-colorado\/wp-json\/wp\/v2\/tags?post=7413"}],"curies":[{"name":"wp","href":"https:\/\/api.w.org\/{rel}","templated":true}]}}