{"id":7447,"date":"2024-02-15T07:56:56","date_gmt":"2024-02-15T07:56:56","guid":{"rendered":"https:\/\/www.upo.es\/patio-colorado\/?p=7447"},"modified":"2024-02-27T12:06:34","modified_gmt":"2024-02-27T12:06:34","slug":"sierra-nevada-escenario-natural-andaluz-para-el-cine-espanol","status":"publish","type":"post","link":"https:\/\/www.upo.es\/patio-colorado\/2024\/02\/15\/sierra-nevada-escenario-natural-andaluz-para-el-cine-espanol\/","title":{"rendered":"Sierra Nevada: escenario natural andaluz para el cine espa\u00f1ol"},"content":{"rendered":"<p>El cineasta Juan Antonio Bayona ha sido el art\u00edfice de una de las pel\u00edculas espa\u00f1olas m\u00e1s exitosas en los \u00faltimos tiempos: <em>La Sociedad de la nieve,<\/em> una adaptaci\u00f3n audiovisual de la obra de Pablo Vierci, con el mismo nombre. El director \u00a0barcelon\u00e9s, conocido por dirigir pel\u00edculas como\u00a0<em>El orfanato\u00a0<\/em>o\u00a0<em>Lo Imposible<\/em>, apost\u00f3 por contar la historia de los supervivientes de la tragedia de los Andes, en Octubre de 1972. La pel\u00edcula, galardonada con 12 premios Goya en su 38\u00aa edici\u00f3n celebrada el pasado 10 de Febrero ha sido tan bien recibida, que llama la atenci\u00f3n que una pel\u00edcula cuyo idioma original sea el espa\u00f1ol haya obtenido un \u00e9xito casi hist\u00f3rico.<\/p>\n<p>El rodaje de esta pel\u00edcula ya mundialmente conocida, se llev\u00f3 a cabo en la primavera de 2022 en Sierra Nevada, Granada. \u00bfPor qu\u00e9 Bayona eligi\u00f3 este escenario andaluz para grabar su nueva pel\u00edcula? \u00a0El director consider\u00f3 que las horas de luz y las caracter\u00edsticas de las nevadas monta\u00f1as del enclave proporcionaban el escenario perfecto para el rodaje de una pel\u00edcula ambientada en las monta\u00f1as andinas, que como consecuencia del cambio clim\u00e1tico, han perdido casi en su totalidad su manto blanco.<\/p>\n<p>&nbsp;<\/p>\n<p>La ciudad de Granada se volc\u00f3 durante el rodaje y presumi\u00f3 de ser el escenario elegido para llevar a cabo una producci\u00f3n de tal nivel que sin duda solo puede impulsar el turismo a la ciudad y que da a conocer los tesoros de Andaluc\u00eda.<\/p>\n<p>&nbsp;<\/p>\n<p>&nbsp;<\/p>\n","protected":false},"excerpt":{"rendered":"<p>El cineasta Juan Antonio Bayona ha sido el art\u00edfice de una de las pel\u00edculas espa\u00f1olas m\u00e1s exitosas en los \u00faltimos tiempos: La Sociedad de la nieve, una adaptaci\u00f3n audiovisual de la obra de Pablo Vierci, con el mismo nombre. El director \u00a0barcelon\u00e9s, conocido por dirigir pel\u00edculas como\u00a0El orfanato\u00a0o\u00a0Lo Imposible, apost\u00f3 por contar la historia de [&hellip;]<\/p>\n","protected":false},"author":137,"featured_media":7611,"comment_status":"open","ping_status":"open","sticky":false,"template":"","format":"standard","meta":{"_acf_changed":false,"_monsterinsights_skip_tracking":false,"_monsterinsights_sitenote_active":false,"_monsterinsights_sitenote_note":"","_monsterinsights_sitenote_category":0,"footnotes":""},"categories":[169,305,403,702],"tags":[],"class_list":["post-7447","post","type-post","status-publish","format-standard","has-post-thumbnail","hentry","category-cine-artes-audiovisuales","category-granada","category-historias-y-mucho-mas","category-patrimonio-paisajistico"],"blocksy_meta":[],"acf":[],"jetpack_featured_media_url":"https:\/\/www.upo.es\/patio-colorado\/wp-content\/uploads\/2024\/02\/Unknown-1.jpeg","_links":{"self":[{"href":"https:\/\/www.upo.es\/patio-colorado\/wp-json\/wp\/v2\/posts\/7447","targetHints":{"allow":["GET"]}}],"collection":[{"href":"https:\/\/www.upo.es\/patio-colorado\/wp-json\/wp\/v2\/posts"}],"about":[{"href":"https:\/\/www.upo.es\/patio-colorado\/wp-json\/wp\/v2\/types\/post"}],"author":[{"embeddable":true,"href":"https:\/\/www.upo.es\/patio-colorado\/wp-json\/wp\/v2\/users\/137"}],"replies":[{"embeddable":true,"href":"https:\/\/www.upo.es\/patio-colorado\/wp-json\/wp\/v2\/comments?post=7447"}],"version-history":[{"count":2,"href":"https:\/\/www.upo.es\/patio-colorado\/wp-json\/wp\/v2\/posts\/7447\/revisions"}],"predecessor-version":[{"id":7612,"href":"https:\/\/www.upo.es\/patio-colorado\/wp-json\/wp\/v2\/posts\/7447\/revisions\/7612"}],"wp:featuredmedia":[{"embeddable":true,"href":"https:\/\/www.upo.es\/patio-colorado\/wp-json\/wp\/v2\/media\/7611"}],"wp:attachment":[{"href":"https:\/\/www.upo.es\/patio-colorado\/wp-json\/wp\/v2\/media?parent=7447"}],"wp:term":[{"taxonomy":"category","embeddable":true,"href":"https:\/\/www.upo.es\/patio-colorado\/wp-json\/wp\/v2\/categories?post=7447"},{"taxonomy":"post_tag","embeddable":true,"href":"https:\/\/www.upo.es\/patio-colorado\/wp-json\/wp\/v2\/tags?post=7447"}],"curies":[{"name":"wp","href":"https:\/\/api.w.org\/{rel}","templated":true}]}}