{"id":7473,"date":"2024-02-15T15:46:07","date_gmt":"2024-02-15T15:46:07","guid":{"rendered":"https:\/\/www.upo.es\/patio-colorado\/?p=7473"},"modified":"2024-02-15T15:46:07","modified_gmt":"2024-02-15T15:46:07","slug":"exposicion-trasmundo-de-goya-en-el-cicus","status":"publish","type":"post","link":"https:\/\/www.upo.es\/patio-colorado\/2024\/02\/15\/exposicion-trasmundo-de-goya-en-el-cicus\/","title":{"rendered":"Exposici\u00f3n \u00abTrasmundo de Goya\u00bb en el CICUS"},"content":{"rendered":"<p><span style=\"font-weight: 400\">Desde el viernes 19 de enero, el Centro de Iniciativas de la Universidad de Sevilla inaugura la exposici\u00f3n \u00abTrasmundo de Goya\u00bb. A partir de las 20:00 horas, las puertas se abrir\u00e1n para recibir al p\u00fablico deseoso de disfrutar de la genialidad del c\u00e9lebre pintor espa\u00f1ol.<\/span><\/p>\n<p><span style=\"font-weight: 400\">Adem\u00e1s de poder visitar la exposici\u00f3n, desde las 19:00 horas, en el Auditorio, tendr\u00e1 lugar una charla entre Pedro G. Romero y los editores de Media Vaca, Bego\u00f1a Lobo Abascal y Vicente Ferrer Acoiti. En este encuentro, se explorar\u00e1n los aspectos m\u00e1s profundos y enigm\u00e1ticos de la obra de Goya, brindando a los asistentes una visi\u00f3n privilegiada del genio creativo que marc\u00f3 una \u00e9poca en la historia del arte.<\/span><\/p>\n<p><span style=\"font-weight: 400\">La exposici\u00f3n, que estar\u00e1 abierta al p\u00fablico hasta el 15 de marzo en la Sala Cajas\u00fas del CICUS, es el fruto de la reciente publicaci\u00f3n del libro \u00abTrasmundo de Goya\u00bb de Edith Helman por La Fuga Ediciones. Este libro puede considerarse una gu\u00eda para adentrarse en el mundo de Goya.\u00a0<\/span><\/p>\n<p><span style=\"font-weight: 400\">El coraz\u00f3n de esta muestra reside en la serie de Alenza, una colecci\u00f3n invaluable custodiada por el Metropolitan Museum de Nueva York. Ante la dificultad log\u00edstica y econ\u00f3mica que supondr\u00eda trasladar estas obras hasta Sevilla, se ha recurrido a una soluci\u00f3n creativa: se ha encomendado a un selecto grupo de artistas la tarea de recrear \u00abcopias\u00bb de los caprichos goyescos de Alenza. Entre ellos se encuentran creadores como Efr\u00e9n \u00c1lvarez, Nathalie Bell\u00f3n, Misha Bies Golas, Ricardo Cadenas, Salom\u00e9 del Campo, y muchos m\u00e1s, quienes han dado vida a estas obras con su interpretaci\u00f3n \u00fanica y personal, rindiendo as\u00ed un sentido homenaje a la maestr\u00eda de Goya.<\/span><\/p>\n<p><img loading=\"lazy\" decoding=\"async\" class=\"aligncenter\" src=\"https:\/\/cicus.us.es\/wp-content\/uploads\/2023\/12\/evento1215b-800x511.jpg\" width=\"476\" height=\"304\" \/><\/p>\n<p>&nbsp;<\/p>\n<p>&nbsp;<\/p>\n<p>&nbsp;<\/p>\n<p>&nbsp;<\/p>\n<p>&nbsp;<\/p>\n<p>&nbsp;<\/p>\n<p>&nbsp;<\/p>\n<p>&nbsp;<\/p>\n<p>&nbsp;<\/p>\n<p>&nbsp;<\/p>\n<p>&nbsp;<\/p>\n<p>&nbsp;<\/p>\n<p>&nbsp;<\/p>\n<p>&nbsp;<\/p>\n<p>&nbsp;<\/p>\n<p>&nbsp;<\/p>\n<p>&nbsp;<\/p>\n<p>&nbsp;<\/p>\n<p>&nbsp;<\/p>\n<p>&nbsp;<\/p>\n<p>&nbsp;<\/p>\n","protected":false},"excerpt":{"rendered":"<p>Desde el viernes 19 de enero, el Centro de Iniciativas de la Universidad de Sevilla inaugura la exposici\u00f3n \u00abTrasmundo de Goya\u00bb. A partir de las 20:00 horas, las puertas se abrir\u00e1n para recibir al p\u00fablico deseoso de disfrutar de la genialidad del c\u00e9lebre pintor espa\u00f1ol. Adem\u00e1s de poder visitar la exposici\u00f3n, desde las 19:00 horas, [&hellip;]<\/p>\n","protected":false},"author":126,"featured_media":0,"comment_status":"open","ping_status":"open","sticky":false,"template":"","format":"standard","meta":{"_acf_changed":false,"_monsterinsights_skip_tracking":false,"_monsterinsights_sitenote_active":false,"_monsterinsights_sitenote_note":"","_monsterinsights_sitenote_category":0,"footnotes":""},"categories":[1],"tags":[],"class_list":["post-7473","post","type-post","status-publish","format-standard","hentry","category-sin-categoria"],"blocksy_meta":[],"acf":[],"jetpack_featured_media_url":"","_links":{"self":[{"href":"https:\/\/www.upo.es\/patio-colorado\/wp-json\/wp\/v2\/posts\/7473","targetHints":{"allow":["GET"]}}],"collection":[{"href":"https:\/\/www.upo.es\/patio-colorado\/wp-json\/wp\/v2\/posts"}],"about":[{"href":"https:\/\/www.upo.es\/patio-colorado\/wp-json\/wp\/v2\/types\/post"}],"author":[{"embeddable":true,"href":"https:\/\/www.upo.es\/patio-colorado\/wp-json\/wp\/v2\/users\/126"}],"replies":[{"embeddable":true,"href":"https:\/\/www.upo.es\/patio-colorado\/wp-json\/wp\/v2\/comments?post=7473"}],"version-history":[{"count":1,"href":"https:\/\/www.upo.es\/patio-colorado\/wp-json\/wp\/v2\/posts\/7473\/revisions"}],"predecessor-version":[{"id":7474,"href":"https:\/\/www.upo.es\/patio-colorado\/wp-json\/wp\/v2\/posts\/7473\/revisions\/7474"}],"wp:attachment":[{"href":"https:\/\/www.upo.es\/patio-colorado\/wp-json\/wp\/v2\/media?parent=7473"}],"wp:term":[{"taxonomy":"category","embeddable":true,"href":"https:\/\/www.upo.es\/patio-colorado\/wp-json\/wp\/v2\/categories?post=7473"},{"taxonomy":"post_tag","embeddable":true,"href":"https:\/\/www.upo.es\/patio-colorado\/wp-json\/wp\/v2\/tags?post=7473"}],"curies":[{"name":"wp","href":"https:\/\/api.w.org\/{rel}","templated":true}]}}