{"id":7488,"date":"2024-02-16T19:38:55","date_gmt":"2024-02-16T19:38:55","guid":{"rendered":"https:\/\/www.upo.es\/patio-colorado\/?p=7488"},"modified":"2024-02-16T19:38:55","modified_gmt":"2024-02-16T19:38:55","slug":"rincones-ocultos-de-andalucia-setenil-de-las-bodegas","status":"publish","type":"post","link":"https:\/\/www.upo.es\/patio-colorado\/2024\/02\/16\/rincones-ocultos-de-andalucia-setenil-de-las-bodegas\/","title":{"rendered":"Rincones ocultos de Andaluc\u00eda: Setenil de las Bodegas"},"content":{"rendered":"<p>En toda Andaluc\u00eda hay miles de preciosos pueblos cl\u00e1sicos, y no tan cl\u00e1sicos, que la gente no conoce. Su belleza, su gente y su gastronom\u00eda est\u00e1n ocultas cara al p\u00fablico porque ser\u00eda imposible conocer todos los pueblos y ciudades que alberga nuestra maravillosa comunidad aut\u00f3noma, pero siempre se puede conocer uno m\u00e1s.<\/p>\n<p>En este caso, os voy a presentar Setenil de las Bodegas, un pueblo ubicado en la provincia de C\u00e1diz. Es un pintoresco lugar por su arquitectura \u00fanica, es decir, muchas de sus casas est\u00e1n construidas en las paredes de las cuevas de la zona. Esto hace que desde el a\u00f1o 2019, forme parte de la lista de <em>Los Pueblos M\u00e1s Bonitos de Espa\u00f1a<\/em>.<\/p>\n<p>Adem\u00e1s de la est\u00e9tica, su rica gastronom\u00eda y su maravilloso clima c\u00e1lido, en parte gracias a estar dentro de una cueva, tambi\u00e9n es necesario hablar de su riqueza hist\u00f3rica. Tiene una historia muy completa, ya que esta tierra ha sido habitada por romanos, \u00e1rabes y cristianos. Sus calles estrechas y monumentos, como el Castillo de Setenil, muestran que no solo es una cara bonita.<\/p>\n<p>Tenemos que echar la vista muy atr\u00e1s para encontrarnos con las ra\u00edces de esta ciudad, ya que nos podemos remontar a tiempos prehist\u00f3ricos. Gracias a los restos arqueol\u00f3gicos encontrados en las cuevas, se puede ver que esta ciudad tiene mucha m\u00e1s historia escondida.<\/p>\n<p>Sin embargo, su auge fue durante el per\u00edodo de Al-\u00c1ndalus, con la dominaci\u00f3n \u00e1rabe. <em>Setenil<\/em>, el nombre que recib\u00eda en esa \u00e9poca, se convirti\u00f3 en una fortaleza clave entre los reinos musulmanes y cristianos gracias a su ubicaci\u00f3n estrat\u00e9gica.<\/p>\n<p>Hoy en d\u00eda es un lugar tur\u00edstico que enamora a quien lo visita, por su encanto rustico y natural.<\/p>\n","protected":false},"excerpt":{"rendered":"<p>En toda Andaluc\u00eda hay miles de preciosos pueblos cl\u00e1sicos, y no tan cl\u00e1sicos, que la gente no conoce. Su belleza, su gente y su gastronom\u00eda est\u00e1n ocultas cara al p\u00fablico porque ser\u00eda imposible conocer todos los pueblos y ciudades que alberga nuestra maravillosa comunidad aut\u00f3noma, pero siempre se puede conocer uno m\u00e1s. En este caso, [&hellip;]<\/p>\n","protected":false},"author":131,"featured_media":0,"comment_status":"open","ping_status":"open","sticky":false,"template":"","format":"standard","meta":{"_acf_changed":false,"_monsterinsights_skip_tracking":false,"_monsterinsights_sitenote_active":false,"_monsterinsights_sitenote_note":"","_monsterinsights_sitenote_category":0,"footnotes":""},"categories":[1],"tags":[],"class_list":["post-7488","post","type-post","status-publish","format-standard","hentry","category-sin-categoria"],"blocksy_meta":[],"acf":[],"jetpack_featured_media_url":"","_links":{"self":[{"href":"https:\/\/www.upo.es\/patio-colorado\/wp-json\/wp\/v2\/posts\/7488","targetHints":{"allow":["GET"]}}],"collection":[{"href":"https:\/\/www.upo.es\/patio-colorado\/wp-json\/wp\/v2\/posts"}],"about":[{"href":"https:\/\/www.upo.es\/patio-colorado\/wp-json\/wp\/v2\/types\/post"}],"author":[{"embeddable":true,"href":"https:\/\/www.upo.es\/patio-colorado\/wp-json\/wp\/v2\/users\/131"}],"replies":[{"embeddable":true,"href":"https:\/\/www.upo.es\/patio-colorado\/wp-json\/wp\/v2\/comments?post=7488"}],"version-history":[{"count":1,"href":"https:\/\/www.upo.es\/patio-colorado\/wp-json\/wp\/v2\/posts\/7488\/revisions"}],"predecessor-version":[{"id":7498,"href":"https:\/\/www.upo.es\/patio-colorado\/wp-json\/wp\/v2\/posts\/7488\/revisions\/7498"}],"wp:attachment":[{"href":"https:\/\/www.upo.es\/patio-colorado\/wp-json\/wp\/v2\/media?parent=7488"}],"wp:term":[{"taxonomy":"category","embeddable":true,"href":"https:\/\/www.upo.es\/patio-colorado\/wp-json\/wp\/v2\/categories?post=7488"},{"taxonomy":"post_tag","embeddable":true,"href":"https:\/\/www.upo.es\/patio-colorado\/wp-json\/wp\/v2\/tags?post=7488"}],"curies":[{"name":"wp","href":"https:\/\/api.w.org\/{rel}","templated":true}]}}