{"id":7548,"date":"2024-02-21T17:15:01","date_gmt":"2024-02-21T17:15:01","guid":{"rendered":"https:\/\/www.upo.es\/patio-colorado\/?p=7548"},"modified":"2024-02-21T17:16:27","modified_gmt":"2024-02-21T17:16:27","slug":"naturaleza-arte-y-vida-la-hoja-de-ruta-de-luis-celorio-y-javier-flores","status":"publish","type":"post","link":"https:\/\/www.upo.es\/patio-colorado\/2024\/02\/21\/naturaleza-arte-y-vida-la-hoja-de-ruta-de-luis-celorio-y-javier-flores\/","title":{"rendered":"\u00abNaturaleza, arte y vida\u00bb, la Hoja de Ruta de Luis Celorio y Javier Flores"},"content":{"rendered":"<p>\u00bfPara qu\u00e9 sirve el arte? Aunque las definiciones de arte son diversas e imprecisas, el consenso se concentra en la afirmaci\u00f3n de que el arte surge de la expresi\u00f3n. Dar forma a un sentimiento en medios m\u00e1s o menos delicados y m\u00e1s o menos est\u00e9ticos, con una m\u00e1s o menos detallada y m\u00e1s o menos estudiada t\u00e9cnica. As\u00ed, el artista comunica y el espectador se convierte en el receptor de un mensaje que debe descifrar (con m\u00e1s o menos dificultad). Este proceso se repite a lo largo de toda la Historia del Arte, con creaciones que se guiaban por impulsos, sentimientos y pensamientos de artistas que proyectaron las circunstancias de su entorno en su obra.<\/p>\n<p><span style=\"font-weight: 400\">Siguiendo esta l\u00ednea, los artistas cordobeses Javier Flores y Luis Celorio se unieron para dar forma a un mensaje com\u00fan, materializ\u00e1ndolo en una reflexiva colecci\u00f3n que combina arm\u00f3nicamente pintura y escultura bajo el nombre <a href=\"https:\/\/fundacionculturaandaluza.org\/la-sala-david-puentes-acoge-la-exposicion-hoja-de-ruta\/\">Hoja de Ruta<\/a>. Mediante las piezas que la conforman, Flores y Celorio han buscado la conexi\u00f3n del individuo con la naturaleza y el medio ambiente para hacer un llamamiento a la conciencia ecol\u00f3gica, \u00abentendida como una necesidad de aproximarnos a la naturaleza para valorarla, respetarla y sentirnos una parte indisociable de ella, buscando la relaci\u00f3n arm\u00f3nica entre <\/span><b>naturaleza, arte y vida<\/b><span style=\"font-weight: 400\">\u00bb (FUNDECA, 2024).<\/span><\/p>\n<p><span style=\"font-weight: 400\">De este modo, cada elemento tiene su propia carga de significado. As\u00ed, cada composici\u00f3n se comunica con m\u00e9todos variados; apelando a las formas y texturas de la naturaleza vegetal o reflejando sus propios procesos de vida y muerte, pero marcando equivalencias y\u00a0 potenciando un acercamiento a la vida humana y sus expresiones. En esta exposici\u00f3n podemos encontrar el paralelismo directo de la morfolog\u00eda humana con flores u <\/span><span style=\"font-weight: 400\">hojas; <\/span>\u00a0o tal vez la proyecci\u00f3n de car\u00e1cter en la interacci\u00f3n entre plantas.<\/p>\n<p><img loading=\"lazy\" decoding=\"async\" class=\"wp-image-7549 alignright\" src=\"https:\/\/www.upo.es\/patio-colorado\/wp-content\/uploads\/2024\/02\/20240220_210546-scaled-e1708467674184-204x300.jpg\" alt=\"\" width=\"175\" height=\"257\" srcset=\"https:\/\/www.upo.es\/patio-colorado\/wp-content\/uploads\/2024\/02\/20240220_210546-scaled-e1708467674184-204x300.jpg 204w, https:\/\/www.upo.es\/patio-colorado\/wp-content\/uploads\/2024\/02\/20240220_210546-scaled-e1708467674184-698x1024.jpg 698w, https:\/\/www.upo.es\/patio-colorado\/wp-content\/uploads\/2024\/02\/20240220_210546-scaled-e1708467674184-768x1127.jpg 768w, https:\/\/www.upo.es\/patio-colorado\/wp-content\/uploads\/2024\/02\/20240220_210546-scaled-e1708467674184-1047x1536.jpg 1047w, https:\/\/www.upo.es\/patio-colorado\/wp-content\/uploads\/2024\/02\/20240220_210546-scaled-e1708467674184-1396x2048.jpg 1396w, https:\/\/www.upo.es\/patio-colorado\/wp-content\/uploads\/2024\/02\/20240220_210546-scaled-e1708467674184.jpg 1442w\" sizes=\"auto, (max-width: 175px) 100vw, 175px\" \/><\/p>\n<p><img loading=\"lazy\" decoding=\"async\" class=\"wp-image-7551 alignleft\" src=\"https:\/\/www.upo.es\/patio-colorado\/wp-content\/uploads\/2024\/02\/20240220_205536-scaled-e1708468146380-300x203.jpg\" alt=\"\" width=\"242\" height=\"164\" srcset=\"https:\/\/www.upo.es\/patio-colorado\/wp-content\/uploads\/2024\/02\/20240220_205536-scaled-e1708468146380-300x203.jpg 300w, https:\/\/www.upo.es\/patio-colorado\/wp-content\/uploads\/2024\/02\/20240220_205536-scaled-e1708468146380-1024x692.jpg 1024w, https:\/\/www.upo.es\/patio-colorado\/wp-content\/uploads\/2024\/02\/20240220_205536-scaled-e1708468146380-768x519.jpg 768w, https:\/\/www.upo.es\/patio-colorado\/wp-content\/uploads\/2024\/02\/20240220_205536-scaled-e1708468146380.jpg 1124w\" sizes=\"auto, (max-width: 242px) 100vw, 242px\" \/><\/p>\n<p>&nbsp;<\/p>\n<p style=\"text-align: right\"><span style=\"color: #808080\"><em>Desmadejada<\/em>, Javier Flores<\/span><\/p>\n<p>&nbsp;<\/p>\n<p style=\"text-align: left\"><span style=\"color: #808080\"><em>Batalla de flo<\/em><\/span><em style=\"color: #808080\">res<\/em><span style=\"color: #808080\">,<\/span><em style=\"color: #808080\">\u00a0<\/em><span style=\"color: #808080\">Lui<\/span><span style=\"color: #808080\">s Celorio<\/span><\/p>\n<p>&nbsp;<\/p>\n<p>&nbsp;<\/p>\n<p><span style=\"font-weight: 400\">Pues, si est\u00e1s en Sevilla, \u00a1aprovecha!, ya que la <\/span><span style=\"font-weight: 400\">Fundaci\u00f3n de Cultura Andaluza (FUNDECA) tiene <\/span>la fortuna de poder contar con parte de esta colecci\u00f3n durante las pr\u00f3ximas semanas para su presentaci\u00f3n en la sala de exposiciones David Puentes, situada en la calle Salmedina, 3. Esta exposici\u00f3n, inaugurada el pasado viernes 16 de febrero, se mantendr\u00e1 hasta el 15 de marzo, con un horario de visita de lunes a viernes desde las 18 hasta las 21 horas.<\/p>\n<p><strong>Referencias:<\/strong><\/p>\n<p>Fundaci\u00f3n de Cultura Andaluza (2024).\u00a0<em>Fundaci\u00f3n de Cultura Andaluza. <\/em>La sala David Puentes acoge la exposici\u00f3n \u00abHoja de Ruta\u00bb. https:\/\/fundacionculturaandaluza.org\/la-sala-david-puentes-acoge-la-exposicion-hoja-de-ruta\/<\/p>\n","protected":false},"excerpt":{"rendered":"<p>\u00bfPara qu\u00e9 sirve el arte? Aunque las definiciones de arte son diversas e imprecisas, el consenso se concentra en la afirmaci\u00f3n de que el arte surge de la expresi\u00f3n. Dar forma a un sentimiento en medios m\u00e1s o menos delicados y m\u00e1s o menos est\u00e9ticos, con una m\u00e1s o menos detallada y m\u00e1s o menos [&hellip;]<\/p>\n","protected":false},"author":129,"featured_media":7551,"comment_status":"open","ping_status":"open","sticky":false,"template":"","format":"standard","meta":{"_acf_changed":false,"_monsterinsights_skip_tracking":false,"_monsterinsights_sitenote_active":false,"_monsterinsights_sitenote_note":"","_monsterinsights_sitenote_category":0,"footnotes":""},"categories":[12,167,301],"tags":[398,1016,382,160,85,385,6],"class_list":["post-7548","post","type-post","status-publish","format-standard","has-post-thumbnail","hentry","category-eventos","category-pintura-escultura","category-sevilla","tag-medioambiente","tag-concienciaecologica","tag-escultura","tag-pintura","tag-exposicion","tag-naturaleza","tag-sevilla"],"blocksy_meta":[],"acf":[],"jetpack_featured_media_url":"https:\/\/www.upo.es\/patio-colorado\/wp-content\/uploads\/2024\/02\/20240220_205536-scaled-e1708468146380.jpg","_links":{"self":[{"href":"https:\/\/www.upo.es\/patio-colorado\/wp-json\/wp\/v2\/posts\/7548","targetHints":{"allow":["GET"]}}],"collection":[{"href":"https:\/\/www.upo.es\/patio-colorado\/wp-json\/wp\/v2\/posts"}],"about":[{"href":"https:\/\/www.upo.es\/patio-colorado\/wp-json\/wp\/v2\/types\/post"}],"author":[{"embeddable":true,"href":"https:\/\/www.upo.es\/patio-colorado\/wp-json\/wp\/v2\/users\/129"}],"replies":[{"embeddable":true,"href":"https:\/\/www.upo.es\/patio-colorado\/wp-json\/wp\/v2\/comments?post=7548"}],"version-history":[{"count":5,"href":"https:\/\/www.upo.es\/patio-colorado\/wp-json\/wp\/v2\/posts\/7548\/revisions"}],"predecessor-version":[{"id":7560,"href":"https:\/\/www.upo.es\/patio-colorado\/wp-json\/wp\/v2\/posts\/7548\/revisions\/7560"}],"wp:featuredmedia":[{"embeddable":true,"href":"https:\/\/www.upo.es\/patio-colorado\/wp-json\/wp\/v2\/media\/7551"}],"wp:attachment":[{"href":"https:\/\/www.upo.es\/patio-colorado\/wp-json\/wp\/v2\/media?parent=7548"}],"wp:term":[{"taxonomy":"category","embeddable":true,"href":"https:\/\/www.upo.es\/patio-colorado\/wp-json\/wp\/v2\/categories?post=7548"},{"taxonomy":"post_tag","embeddable":true,"href":"https:\/\/www.upo.es\/patio-colorado\/wp-json\/wp\/v2\/tags?post=7548"}],"curies":[{"name":"wp","href":"https:\/\/api.w.org\/{rel}","templated":true}]}}