{"id":7622,"date":"2024-02-27T16:13:32","date_gmt":"2024-02-27T16:13:32","guid":{"rendered":"https:\/\/www.upo.es\/patio-colorado\/?p=7622"},"modified":"2024-02-27T16:13:32","modified_gmt":"2024-02-27T16:13:32","slug":"camaron-de-la-isla","status":"publish","type":"post","link":"https:\/\/www.upo.es\/patio-colorado\/2024\/02\/27\/camaron-de-la-isla\/","title":{"rendered":"Camar\u00f3n de la Isla"},"content":{"rendered":"<p>Cuando piensas en Andaluc\u00eda, desde un punto de vista cultural y art\u00edstico, muchas cosas pueden venirte a la cabeza, pero una de ellas es nuestro cante y baile tan personal, el flamenco. En Andaluc\u00eda tendemos a llevar en la sangre un poquito de este arte, y una de las personas m\u00e1s caracter\u00edsticas y conocidas a nivel mundial es Camar\u00f3n.<\/p>\n<p>Si te digo Jos\u00e9 Monje Cruz, a lo mejor no te suena mucho, pero \u00bfy si te digo <em>yo soy gitano y vengo a tu casamiento<\/em>? Entonces ya si que lo asocias a uno de los cantaores de flamenco mas influyentes de la historia de Espa\u00f1a.<\/p>\n<p>El 5 de diciembre de 1950 naci\u00f3 Camar\u00f3n en San Fernando, C\u00e1diz, y falleci\u00f3 el 2 de julio de 1992, fuera de su ciudad natal, en Barcelona. Es a causa de su ciudad, San Fernando, cuyo nombre art\u00edstico es Camar\u00f3n de la Isla.<\/p>\n<p>No fue un cantaor m\u00e1s, sino que su voz, su profundo conocimiento del arte flamenco y su capacidad de emocionar con su cante, lo llevaron a ser una figura clave en la evoluci\u00f3n del flamenco durante la segunda mitad del siglo XX. Intento ser novedoso fusionando tradici\u00f3n y modernidad, el flamenco con este toque de jazz y rock. Esto le hizo colaborar con artistas como Paco de Luc\u00eda, Carlos Santana, Chick Corea\u2026 abriendo as\u00ed las fronteras del repertorio flamenco. Adem\u00e1s, uso su m\u00fasica para tratar temas como el amor y el desamor, y temas mas rompedores como las injusticias sociales.<\/p>\n<p>En resumen, Camar\u00f3n es el claro ejemplo de la necesidad de mantener viva la cultura y la tradici\u00f3n del flamenco, seguir con el arte que nuestros antepasados nos dejaron, creando una uni\u00f3n con la modernidad, pero sin dejarlo de lado.<\/p>\n","protected":false},"excerpt":{"rendered":"<p>Cuando piensas en Andaluc\u00eda, desde un punto de vista cultural y art\u00edstico, muchas cosas pueden venirte a la cabeza, pero una de ellas es nuestro cante y baile tan personal, el flamenco. En Andaluc\u00eda tendemos a llevar en la sangre un poquito de este arte, y una de las personas m\u00e1s caracter\u00edsticas y conocidas a [&hellip;]<\/p>\n","protected":false},"author":131,"featured_media":0,"comment_status":"open","ping_status":"open","sticky":false,"template":"","format":"standard","meta":{"_acf_changed":false,"_monsterinsights_skip_tracking":false,"_monsterinsights_sitenote_active":false,"_monsterinsights_sitenote_note":"","_monsterinsights_sitenote_category":0,"footnotes":""},"categories":[186],"tags":[],"class_list":["post-7622","post","type-post","status-publish","format-standard","hentry","category-literatura-musica"],"blocksy_meta":[],"acf":[],"jetpack_featured_media_url":"","_links":{"self":[{"href":"https:\/\/www.upo.es\/patio-colorado\/wp-json\/wp\/v2\/posts\/7622","targetHints":{"allow":["GET"]}}],"collection":[{"href":"https:\/\/www.upo.es\/patio-colorado\/wp-json\/wp\/v2\/posts"}],"about":[{"href":"https:\/\/www.upo.es\/patio-colorado\/wp-json\/wp\/v2\/types\/post"}],"author":[{"embeddable":true,"href":"https:\/\/www.upo.es\/patio-colorado\/wp-json\/wp\/v2\/users\/131"}],"replies":[{"embeddable":true,"href":"https:\/\/www.upo.es\/patio-colorado\/wp-json\/wp\/v2\/comments?post=7622"}],"version-history":[{"count":1,"href":"https:\/\/www.upo.es\/patio-colorado\/wp-json\/wp\/v2\/posts\/7622\/revisions"}],"predecessor-version":[{"id":7623,"href":"https:\/\/www.upo.es\/patio-colorado\/wp-json\/wp\/v2\/posts\/7622\/revisions\/7623"}],"wp:attachment":[{"href":"https:\/\/www.upo.es\/patio-colorado\/wp-json\/wp\/v2\/media?parent=7622"}],"wp:term":[{"taxonomy":"category","embeddable":true,"href":"https:\/\/www.upo.es\/patio-colorado\/wp-json\/wp\/v2\/categories?post=7622"},{"taxonomy":"post_tag","embeddable":true,"href":"https:\/\/www.upo.es\/patio-colorado\/wp-json\/wp\/v2\/tags?post=7622"}],"curies":[{"name":"wp","href":"https:\/\/api.w.org\/{rel}","templated":true}]}}