{"id":7653,"date":"2024-02-28T15:35:12","date_gmt":"2024-02-28T15:35:12","guid":{"rendered":"https:\/\/www.upo.es\/patio-colorado\/?p=7653"},"modified":"2024-02-28T15:35:12","modified_gmt":"2024-02-28T15:35:12","slug":"las-tumbas-medievales-de-santes-creus-en-tarragona-emergen-intactas-e-invioladas-700-anos-despues","status":"publish","type":"post","link":"https:\/\/www.upo.es\/patio-colorado\/2024\/02\/28\/las-tumbas-medievales-de-santes-creus-en-tarragona-emergen-intactas-e-invioladas-700-anos-despues\/","title":{"rendered":"Las tumbas medievales de Santes Creus, en Tarragona, emergen intactas e invioladas 700 a\u00f1os despu\u00e9s"},"content":{"rendered":"<p>El pasado mes de octubre, durante las obras de restauraci\u00f3n del monasterio tarraconense de Santes Creus, se realiz\u00f3 un descubrimiento extraordinario que desconcert\u00f3 a arque\u00f3logos y antrop\u00f3logos: seis sarc\u00f3fagos intactos conten\u00edan una decena de miembros de la nobleza catalana de los siglos XIII y XIV. Este complejo funerario, considerado \u201cinusual\u201d, surgi\u00f3 cuando los sarc\u00f3fagos fueron desmantelados y, sorprendentemente, result\u00f3 que lo que se cre\u00eda saqueado durante a\u00f1os se encontraba completamente intacto. El estado de conservaci\u00f3n de los huesos y los textiles sigue impresionando a los expertos; Los cuerpos permanecieron casi intactos, los mismos que fueron enterrados hace 700 a\u00f1os en la galer\u00eda norte del monasterio, transformado por Jaume el Just y Blanca d&#8217;Anjou en pante\u00f3n de la nobleza catalana. Durante la presentaci\u00f3n del hallazgo, Carme Berg\u00e8s, jefa del departamento de monumentos y sitios de la Agencia Catalana del Patrimonio Cultural, explic\u00f3 que el hallazgo de los sarc\u00f3fagos desmiente la teor\u00eda hist\u00f3rica de que las tumbas fueron retiradas despu\u00e9s de que los sarc\u00f3fagos fueran confiscados y abandonados. monasterio. Los sarc\u00f3fagos corresponden a las familias de Servello, Cervera, Queralt, Puigvert, Moncada y otra rama de Cervera, todos ellos pertenecientes a la nobleza catalana de nivel medio y alto y estuvieron activos entre los siglos XIII y XIV, como lo demuestra la her\u00e1ldica. representado en el anverso. decoraciones y en las tapas de los sarc\u00f3fagos. Aunque el monasterio de Tarragona fue objeto de repetidos saqueos tras la desamortizaci\u00f3n, que provocaron la profanaci\u00f3n de las tumbas y la retirada de restos \u00f3seos mixtos y perdidos, s\u00f3lo una de las tumbas, la m\u00e1s moderna, fue retirada. El resto han permanecido cerrados desde el \u00faltimo entierro del fallecido, lo que ha permitido recuperar muestras de tejido humano, restos tisulares y \u00f3seos para su an\u00e1lisis que aportar\u00e1 informaci\u00f3n valiosa sobre las personas enterradas. Por ello, adem\u00e1s de la restauraci\u00f3n de los sarc\u00f3fagos, se iniciaron investigaciones arqueoantropol\u00f3gicas con el fin de obtener la m\u00e1xima informaci\u00f3n sobre la personalidad de los nobles enterrados, as\u00ed como sobre sus condiciones de vida y trabajo, su alimentaci\u00f3n y las enfermedades que padec\u00edan. Seg\u00fan la Generalitat, la singularidad del descubrimiento abre tambi\u00e9n nuevas perspectivas para el estudio de los sistemas funerarios de la nobleza medieval catalana y los rituales funerarios asociados a ellos. Luego de la inauguraci\u00f3n, la restauraci\u00f3n del monasterio contin\u00faa seg\u00fan lo previsto: una de las principales acciones de la primera etapa es la eliminaci\u00f3n de humedad en el techo de este sector. El proyecto tambi\u00e9n incluye restauraci\u00f3n de muros y elementos decorativos, ajardinamiento del patio central, optimizaci\u00f3n de la iluminaci\u00f3n y excavaciones, que se realizan a la vista del p\u00fablico. La intervenci\u00f3n tiene como objetivo eliminar las patolog\u00edas del monasterio, asegurando la conservaci\u00f3n del conjunto mediante la impermeabilizaci\u00f3n de las cubiertas y la mejora de los sistemas de drenaje. El coste total de la actuaci\u00f3n es de 3.665.543 euros, de los cuales el Departamento de Cultura de la Generalitat financia 2.165.543 euros y la Fundaci\u00f3n La Caixa aporta 1.500.000 euros dentro del programa Tiempo G\u00f3tico.<\/p>\n<p>noticia sacada de: <a href=\"https:\/\/www.abc.es\/cultura\/tumbas-medievales-santes-creus-emergen-intactas-invioladas-20240226100435-nt.html?ref=https%3A%2F%2Fwww.abc.es%2Fcultura%2Ftumbas-medievales-santes-creus-emergen-intactas-invioladas-20240226100435-nt.html\">Las tumbas medievales de Santes Creus, en Tarragona, emergen intactas e invioladas 700 a\u00f1os despu\u00e9s (abc.es)<\/a> <a href=\"https:\/\/es.ara.cat\/cultura\/patrimonio\/descubrimiento-inesperado-tumbas-santes-creus-no-estaban-vacias_1_4949897.html\">Descubrimiento inesperado: las tumbas de Santes Creus no estaban vac\u00edas (ara.cat)<\/a><\/p>\n<figure id=\"attachment_7654\" aria-describedby=\"caption-attachment-7654\" style=\"width: 300px\" class=\"wp-caption alignnone\"><img loading=\"lazy\" decoding=\"async\" class=\"size-medium wp-image-7654\" src=\"https:\/\/www.upo.es\/patio-colorado\/wp-content\/uploads\/2024\/02\/Santes-Creus30-R5dijJSl0KSrRj7xnl3ZHWO-1200x840@diario_abc-300x210.webp\" alt=\"\" width=\"300\" height=\"210\" srcset=\"https:\/\/www.upo.es\/patio-colorado\/wp-content\/uploads\/2024\/02\/Santes-Creus30-R5dijJSl0KSrRj7xnl3ZHWO-1200x840@diario_abc-300x210.webp 300w, https:\/\/www.upo.es\/patio-colorado\/wp-content\/uploads\/2024\/02\/Santes-Creus30-R5dijJSl0KSrRj7xnl3ZHWO-1200x840@diario_abc-1024x717.webp 1024w, https:\/\/www.upo.es\/patio-colorado\/wp-content\/uploads\/2024\/02\/Santes-Creus30-R5dijJSl0KSrRj7xnl3ZHWO-1200x840@diario_abc-768x538.webp 768w, https:\/\/www.upo.es\/patio-colorado\/wp-content\/uploads\/2024\/02\/Santes-Creus30-R5dijJSl0KSrRj7xnl3ZHWO-1200x840@diario_abc.webp 1200w\" sizes=\"auto, (max-width: 300px) 100vw, 300px\" \/><figcaption id=\"caption-attachment-7654\" class=\"wp-caption-text\">imagen sacada de: https:\/\/www.abc.es\/cultura\/tumbas-medievales-santes-creus-emergen-intactas-invioladas-20240226100435-nt.html?ref=https%3A%2F%2Fwww.abc.es%2Fcultura%2Ftumbas-medievales-santes-creus-emergen-intactas-invioladas-20240226100435-nt.html<\/figcaption><\/figure>\n","protected":false},"excerpt":{"rendered":"<p>El pasado mes de octubre, durante las obras de restauraci\u00f3n del monasterio tarraconense de Santes Creus, se realiz\u00f3 un descubrimiento extraordinario que desconcert\u00f3 a arque\u00f3logos y antrop\u00f3logos: seis sarc\u00f3fagos intactos conten\u00edan una decena de miembros de la nobleza catalana de los siglos XIII y XIV. Este complejo funerario, considerado \u201cinusual\u201d, surgi\u00f3 cuando los sarc\u00f3fagos fueron [&hellip;]<\/p>\n","protected":false},"author":149,"featured_media":7654,"comment_status":"open","ping_status":"open","sticky":false,"template":"","format":"standard","meta":{"_acf_changed":false,"_monsterinsights_skip_tracking":false,"_monsterinsights_sitenote_active":false,"_monsterinsights_sitenote_note":"","_monsterinsights_sitenote_category":0,"footnotes":""},"categories":[45,46],"tags":[],"class_list":["post-7653","post","type-post","status-publish","format-standard","has-post-thumbnail","hentry","category-boletin-colorao","category-en-la-prensa"],"blocksy_meta":[],"acf":[],"jetpack_featured_media_url":"https:\/\/www.upo.es\/patio-colorado\/wp-content\/uploads\/2024\/02\/Santes-Creus30-R5dijJSl0KSrRj7xnl3ZHWO-1200x840@diario_abc.webp","_links":{"self":[{"href":"https:\/\/www.upo.es\/patio-colorado\/wp-json\/wp\/v2\/posts\/7653","targetHints":{"allow":["GET"]}}],"collection":[{"href":"https:\/\/www.upo.es\/patio-colorado\/wp-json\/wp\/v2\/posts"}],"about":[{"href":"https:\/\/www.upo.es\/patio-colorado\/wp-json\/wp\/v2\/types\/post"}],"author":[{"embeddable":true,"href":"https:\/\/www.upo.es\/patio-colorado\/wp-json\/wp\/v2\/users\/149"}],"replies":[{"embeddable":true,"href":"https:\/\/www.upo.es\/patio-colorado\/wp-json\/wp\/v2\/comments?post=7653"}],"version-history":[{"count":1,"href":"https:\/\/www.upo.es\/patio-colorado\/wp-json\/wp\/v2\/posts\/7653\/revisions"}],"predecessor-version":[{"id":7655,"href":"https:\/\/www.upo.es\/patio-colorado\/wp-json\/wp\/v2\/posts\/7653\/revisions\/7655"}],"wp:featuredmedia":[{"embeddable":true,"href":"https:\/\/www.upo.es\/patio-colorado\/wp-json\/wp\/v2\/media\/7654"}],"wp:attachment":[{"href":"https:\/\/www.upo.es\/patio-colorado\/wp-json\/wp\/v2\/media?parent=7653"}],"wp:term":[{"taxonomy":"category","embeddable":true,"href":"https:\/\/www.upo.es\/patio-colorado\/wp-json\/wp\/v2\/categories?post=7653"},{"taxonomy":"post_tag","embeddable":true,"href":"https:\/\/www.upo.es\/patio-colorado\/wp-json\/wp\/v2\/tags?post=7653"}],"curies":[{"name":"wp","href":"https:\/\/api.w.org\/{rel}","templated":true}]}}