{"id":7656,"date":"2024-02-28T22:07:23","date_gmt":"2024-02-28T22:07:23","guid":{"rendered":"https:\/\/www.upo.es\/patio-colorado\/?p=7656"},"modified":"2024-02-29T17:29:30","modified_gmt":"2024-02-29T17:29:30","slug":"folcloricas-y-maricas-identidades-andaluzas","status":"publish","type":"post","link":"https:\/\/www.upo.es\/patio-colorado\/2024\/02\/28\/folcloricas-y-maricas-identidades-andaluzas\/","title":{"rendered":"Folcl\u00f3ricas y \u00abmaricas\u00bb. Identidades andaluzas"},"content":{"rendered":"<p><span style=\"font-weight: 400\">Hoy, 28 de febrero, se ha celebrado el D\u00eda de Andaluc\u00eda, d\u00eda que no podr\u00edamos no conmemorar en esta revista dedicada, precisamente, al patrimonio y la cultura de esta tierra. Y, aunque hay muchas facetas de la cultura andaluza que elogiar, hoy vamos a enfocar esta loa desde la reivindicaci\u00f3n del <\/span><i><span style=\"font-weight: 400\">poder\u00edo<\/span><\/i><span style=\"font-weight: 400\">. Para ello, no hay mejor ejemplo que el de las <\/span><b>ic\u00f3nicas<\/b><span style=\"font-weight: 400\"> folcl\u00f3ricas\u00a0 andaluzas; desde Mar\u00eda Jim\u00e9nez hasta Isabel Pantoja, pasando por Lola Flores, Roc\u00edo Jurado y Mar\u00eda del Monte, entre tantas otras.\u00a0<\/span><\/p>\n<p><span style=\"font-weight: 400\">La copla y, por ende, las copleras, materializaron en la cultura popular de la Espa\u00f1a del siglo pasado la vertiente m\u00e1s potente de la mujer mediante el <\/span><i><span style=\"font-weight: 400\">coraje<\/span><\/i><span style=\"font-weight: 400\">, el poder\u00edo. Un mensaje que se puede entender como contradictorio al pensar en una Espa\u00f1a atrapada en la dictadura, pero que se enlazaba y se \u00abocultaba\u00bb entre la tradici\u00f3n de la cultura.\u00a0<\/span><\/p>\n<p><span style=\"font-weight: 400\">En Estados Unidos una \u00abminor\u00eda\u00bb tan poco minoritaria como lo era la ahora llamada comunidad LGTB+ localizaba sus referentes entre las divas del pop, que reflejaban esa misma faceta de fortaleza femenina. Mientras, en Espa\u00f1a, la diversidad sexual se centr\u00f3 en las copleras, que con letras contundentes y directas invitaban a vivir libremente y ser fiel a tu identidad, a lo que eres.\u00a0<\/span><\/p>\n<p><img loading=\"lazy\" decoding=\"async\" class=\"alignnone size-medium wp-image-7661\" src=\"https:\/\/www.upo.es\/patio-colorado\/wp-content\/uploads\/2024\/02\/CP_29-11-02_295-197x300.webp\" alt=\"\" width=\"197\" height=\"300\" srcset=\"https:\/\/www.upo.es\/patio-colorado\/wp-content\/uploads\/2024\/02\/CP_29-11-02_295-197x300.webp 197w, https:\/\/www.upo.es\/patio-colorado\/wp-content\/uploads\/2024\/02\/CP_29-11-02_295-672x1024.webp 672w, https:\/\/www.upo.es\/patio-colorado\/wp-content\/uploads\/2024\/02\/CP_29-11-02_295-768x1171.webp 768w, https:\/\/www.upo.es\/patio-colorado\/wp-content\/uploads\/2024\/02\/CP_29-11-02_295-1008x1536.webp 1008w, https:\/\/www.upo.es\/patio-colorado\/wp-content\/uploads\/2024\/02\/CP_29-11-02_295.webp 1312w\" sizes=\"auto, (max-width: 197px) 100vw, 197px\" \/><span style=\"color: #999999\">Mar\u00eda Jim\u00e9nez. Imagen extra\u00edda de revistavanityfair.es<\/span><\/p>\n<p><span style=\"font-weight: 400\">De este modo, los bautizados transformistas empezaron a imitarlas y convertirlas en protagonistas de sus espacios, haciendo de ellas y su m\u00fasica un elemento identitario para el propio colectivo. Esto se mantiene hasta d\u00eda de hoy, contando con referencias en programas como <\/span><i><span style=\"font-weight: 400\">Drag Race Espa\u00f1a<\/span><\/i><span style=\"font-weight: 400\">, o teniendo a figuras como Mar\u00eda del Monte dando el preg\u00f3n del Orgullo en Sevilla hace un par de a\u00f1os. En enlace no se centra solo en el descaro y la desobediencia, y es importante mencionar que muchas de estas figuras se posicionaron como defensoras de los derechos LGTB+ en su tiempo, mientras otras se reconoc\u00edan como parte misma del colectivo. A<\/span><span style=\"font-weight: 400\">s\u00ed, a trav\u00e9s del arte, el baile, el cante y el <\/span><i><span style=\"font-weight: 400\">performismo <\/span><\/i><span style=\"font-weight: 400\">de \u00abnuestro\u00bb car\u00e1cter, se ha podido dar voz a quienes fueron marginados y despreciados.<\/span><\/p>\n<p><span style=\"font-weight: 400\">Espero y conf\u00edo en que os haya sido de inter\u00e9s, y os dejo<a href=\"https:\/\/open.spotify.com\/playlist\/4QNGAbGR0zDL9xyqTNVtnT?si=cd97e2deb095429d\"> aqu\u00ed<\/a> una brev\u00edsima lista de reproducci\u00f3n con algunos de los temas m\u00e1s sonados de las artistas mencionadas para celebrar una vez m\u00e1s lo que es Andaluc\u00eda.<\/span><\/p>\n<p><strong>Referencias:<\/strong><\/p>\n<p>BuzzFeed Espa\u00f1a (2018). \u00bfPor qu\u00e9 las folcl\u00f3ricas se convirtieron en icono gay?.\u00a0<em>YouTube<\/em>. https:\/\/youtu.be\/MlLtFzQ6ETE?si=y1Xw41-61YzlB7tA<\/p>\n<p>Escobar Rivas, A. (2023). De Roc\u00edo Jurado a Lola Flores: las folcl\u00f3ricas, icono y refugio del colectivo LGTBI.\u00a0<em> Los40.\u00a0 https:\/\/los40.com\/2023\/06\/29\/de-rocio-jurado-a-lola-flores-las-folcloricas-icono-y-refugio-del-colectivo-lgtbi\/\u00a0<\/em><\/p>\n<p>Toro, C. (2015). &#8216;La folcl\u00f3rica andaluza&#8217;.\u00a0<em>El Mundo.\u00a0<\/em>https:\/\/www.elmundo.es\/cultura\/2015\/06\/23\/55897d87ca4741472f8b4597.html<\/p>\n<p>&nbsp;<\/p>\n","protected":false},"excerpt":{"rendered":"<p>Hoy, 28 de febrero, se ha celebrado el D\u00eda de Andaluc\u00eda, d\u00eda que no podr\u00edamos no conmemorar en esta revista dedicada, precisamente, al patrimonio y la cultura de esta tierra. Y, aunque hay muchas facetas de la cultura andaluza que elogiar, hoy vamos a enfocar esta loa desde la reivindicaci\u00f3n del poder\u00edo. Para ello, no [&hellip;]<\/p>\n","protected":false},"author":129,"featured_media":7659,"comment_status":"open","ping_status":"open","sticky":false,"template":"","format":"standard","meta":{"_acf_changed":false,"_monsterinsights_skip_tracking":false,"_monsterinsights_sitenote_active":false,"_monsterinsights_sitenote_note":"","_monsterinsights_sitenote_category":0,"footnotes":""},"categories":[45,298,403,186,171],"tags":[315,55,1029,718],"class_list":["post-7656","post","type-post","status-publish","format-standard","has-post-thumbnail","hentry","category-boletin-colorao","category-feminismo","category-historias-y-mucho-mas","category-literatura-musica","category-opinion","tag-28f","tag-andalucia","tag-folcloricas","tag-lgtb"],"blocksy_meta":[],"acf":[],"jetpack_featured_media_url":"https:\/\/www.upo.es\/patio-colorado\/wp-content\/uploads\/2024\/02\/639412e5035d2.jpeg","_links":{"self":[{"href":"https:\/\/www.upo.es\/patio-colorado\/wp-json\/wp\/v2\/posts\/7656","targetHints":{"allow":["GET"]}}],"collection":[{"href":"https:\/\/www.upo.es\/patio-colorado\/wp-json\/wp\/v2\/posts"}],"about":[{"href":"https:\/\/www.upo.es\/patio-colorado\/wp-json\/wp\/v2\/types\/post"}],"author":[{"embeddable":true,"href":"https:\/\/www.upo.es\/patio-colorado\/wp-json\/wp\/v2\/users\/129"}],"replies":[{"embeddable":true,"href":"https:\/\/www.upo.es\/patio-colorado\/wp-json\/wp\/v2\/comments?post=7656"}],"version-history":[{"count":5,"href":"https:\/\/www.upo.es\/patio-colorado\/wp-json\/wp\/v2\/posts\/7656\/revisions"}],"predecessor-version":[{"id":7666,"href":"https:\/\/www.upo.es\/patio-colorado\/wp-json\/wp\/v2\/posts\/7656\/revisions\/7666"}],"wp:featuredmedia":[{"embeddable":true,"href":"https:\/\/www.upo.es\/patio-colorado\/wp-json\/wp\/v2\/media\/7659"}],"wp:attachment":[{"href":"https:\/\/www.upo.es\/patio-colorado\/wp-json\/wp\/v2\/media?parent=7656"}],"wp:term":[{"taxonomy":"category","embeddable":true,"href":"https:\/\/www.upo.es\/patio-colorado\/wp-json\/wp\/v2\/categories?post=7656"},{"taxonomy":"post_tag","embeddable":true,"href":"https:\/\/www.upo.es\/patio-colorado\/wp-json\/wp\/v2\/tags?post=7656"}],"curies":[{"name":"wp","href":"https:\/\/api.w.org\/{rel}","templated":true}]}}