{"id":7686,"date":"2024-03-04T17:51:53","date_gmt":"2024-03-04T17:51:53","guid":{"rendered":"https:\/\/www.upo.es\/patio-colorado\/?p=7686"},"modified":"2024-03-04T17:51:53","modified_gmt":"2024-03-04T17:51:53","slug":"conchita-alcaide-la-andaluza-que-alzo-a-eugenio-a-los-escenarios","status":"publish","type":"post","link":"https:\/\/www.upo.es\/patio-colorado\/2024\/03\/04\/conchita-alcaide-la-andaluza-que-alzo-a-eugenio-a-los-escenarios\/","title":{"rendered":"Conchita Alcaide, la andaluza que alz\u00f3 a Eugenio a los escenarios"},"content":{"rendered":"<p>Natural de Aracena, Huelva, Conchita Alcaide fue una que como tantas andaluzas tuvieron que emigrar a Catalu\u00f1a en la d\u00e9cada de los 60 para labrar un futuro mejor. Este futuro, Conchita siempre lo entend\u00eda que deb\u00eda estar unido a su pasi\u00f3n, la m\u00fasica. Conchita se dedicaba a tocar en salas y <em>pubs<\/em> de Catalu\u00f1a, donde conoci\u00f3 a Eugenio Jofra, un joyero de Barcelona. Este estaba comprometido con otra mujer, pero anul\u00f3 su boda y ambos comenzaron un noviazgo que se complement\u00f3 con la formaci\u00f3n del d\u00fao musical <em>Els dos<\/em>.<\/p>\n<figure id=\"attachment_7687\" aria-describedby=\"caption-attachment-7687\" style=\"width: 378px\" class=\"wp-caption aligncenter\"><img loading=\"lazy\" decoding=\"async\" class=\"wp-image-7687\" src=\"https:\/\/www.upo.es\/patio-colorado\/wp-content\/uploads\/2024\/03\/780_0008_5784351_4bc04add5657f3739a5bba548b768c78-300x192.jpg\" alt=\"\" width=\"378\" height=\"242\" srcset=\"https:\/\/www.upo.es\/patio-colorado\/wp-content\/uploads\/2024\/03\/780_0008_5784351_4bc04add5657f3739a5bba548b768c78-300x192.jpg 300w, https:\/\/www.upo.es\/patio-colorado\/wp-content\/uploads\/2024\/03\/780_0008_5784351_4bc04add5657f3739a5bba548b768c78-768x492.jpg 768w, https:\/\/www.upo.es\/patio-colorado\/wp-content\/uploads\/2024\/03\/780_0008_5784351_4bc04add5657f3739a5bba548b768c78.jpg 800w\" sizes=\"auto, (max-width: 378px) 100vw, 378px\" \/><figcaption id=\"caption-attachment-7687\" class=\"wp-caption-text\">Eugenio y Conchita<\/figcaption><\/figure>\n<p>El despegue en la carrera musical de <em>Els dos<\/em> tuvo lugar con la <em>Balada del maderero <\/em>en su intento de representar a Espa\u00f1a en Eurovisi\u00f3n en 1970. Aunque no lo consiguieron ya que se enfrentaban a cantantes de la talla de Julio Iglesias o Nino Bravo, esta participaci\u00f3n los consolid\u00f3 en las salas de espect\u00e1culos catalanes y les dio presencia en televisi\u00f3n. <a href=\"https:\/\/www.youtube.com\/watch?v=rJsDzRad0sU\">Aqu\u00ed<\/a> pod\u00e9is ver su participaci\u00f3n.<\/p>\n<p>Puede que, hasta ahora, est\u00e9s leyendo y pienses \u00bfpero este Eugenio es el humorista? \u00bfel de los cigarrillos y el zumo de naranja? S\u00ed, exactamente. El inicio de la carrera de Eugenio como humorista proviene de chistes que contaba entre canci\u00f3n y canci\u00f3n. El \u00e9xito de estos chistes hizo que Conchita animara a Eugenio a protagonizar sus propios espect\u00e1culos de chistes.<\/p>\n<figure id=\"attachment_7688\" aria-describedby=\"caption-attachment-7688\" style=\"width: 283px\" class=\"wp-caption aligncenter\"><img loading=\"lazy\" decoding=\"async\" class=\"wp-image-7688\" src=\"https:\/\/www.upo.es\/patio-colorado\/wp-content\/uploads\/2024\/03\/saben_aquell-858231500-large-240x300.jpg\" alt=\"\" width=\"283\" height=\"354\" srcset=\"https:\/\/www.upo.es\/patio-colorado\/wp-content\/uploads\/2024\/03\/saben_aquell-858231500-large-240x300.jpg 240w, https:\/\/www.upo.es\/patio-colorado\/wp-content\/uploads\/2024\/03\/saben_aquell-858231500-large-819x1024.jpg 819w, https:\/\/www.upo.es\/patio-colorado\/wp-content\/uploads\/2024\/03\/saben_aquell-858231500-large-768x960.jpg 768w, https:\/\/www.upo.es\/patio-colorado\/wp-content\/uploads\/2024\/03\/saben_aquell-858231500-large.jpg 960w\" sizes=\"auto, (max-width: 283px) 100vw, 283px\" \/><figcaption id=\"caption-attachment-7688\" class=\"wp-caption-text\">Poster de Saben aquell<\/figcaption><\/figure>\n<p>Eugenio se convertir\u00eda en uno de los humoristas m\u00e1s importantes de la historia de Espa\u00f1a, con un \u00e9xito sin precedentes, convirtiendo su humor en patrimonio de Espa\u00f1a y con un legado que perdura a d\u00eda de hoy. En los premios Goya de este a\u00f1o, <em>Saben aquell<\/em>, una pel\u00edcula de David Trueba (que recomiendo much\u00edsimo) contaba con once nominaciones. Esta pel\u00edcula cuenta la vida de Eugenio y Conchita, la formaci\u00f3n de <em>Els Dos <\/em>y la consolidaci\u00f3n de Eugenio como humorista. La pel\u00edcula cuenta tambi\u00e9n el origen de la tragedia que parec\u00eda acompa\u00f1ar a Eugenio. Carolina Yuste interpretar\u00eda a Conchita en esta pel\u00edcula y David Verdaguer a Eugenio, interpretaci\u00f3n con la que ganar\u00eda el Goya a mejor actor protagonista. Protagonizando una escena, adem\u00e1s, completamente emocionante y devastadora en la que Eugenio conduce camino a un espect\u00e1culo el mismo d\u00eda del entierro de Conchita mientras suena <em>Un beso y una flor<\/em> de Nino Bravo.<\/p>\n<p>Conchita contrajo un c\u00e1ncer de mama en 1976 y del que morir\u00eda cuatro a\u00f1os m\u00e1s tarde. Su enfermedad y muerte afectar\u00eda mucho a Eugenio. En los a\u00f1os que Conchita acompa\u00f1\u00f3 a Eugenio como humorista, ella ser\u00eda fundamental para su convencimiento en lo que hac\u00eda y en c\u00f3mo hacer las actuaciones, adem\u00e1s de liderar el Sausalito, el local que ellos mismos tendr\u00edan y desde donde Eugenio dio el salto a la televisi\u00f3n como humorista.<\/p>\n<p>&nbsp;<\/p>\n<p>Y ustedes \u00bfSaben aquell\u2026?<\/p>\n<p>&nbsp;<\/p>\n<p>Referencias<\/p>\n<p><em>\u00abEl saben aquel que diu&#8230;?\u00bb &#8211; 09 nov 2018<\/em> [Imagen]. (2018). La Rep\u00fablica. <a href=\"https:\/\/www.lrp.cat\/lrp-arts\/article\/1499667-el-saben-aquel-que-diu.html\">https:\/\/www.lrp.cat\/lrp-arts\/article\/1499667-el-saben-aquel-que-diu.html<\/a><\/p>\n<p>Elices,\u00a0R. (2024, 11 de febrero). <em>Conchita, el alma de Eugenio y la mujer que le subi\u00f3 a los escenarios<\/em>. RTVE.es. <a href=\"https:\/\/www.rtve.es\/television\/20240211\/eugenio-humorista-quien-era-su-mujer-conchita-tragica-historia-sabel-aquell\/2463754.shtml\">https:\/\/www.rtve.es\/television\/20240211\/eugenio-humorista-quien-era-su-mujer-conchita-tragica-historia-sabel-aquell\/2463754.shtml<\/a><\/p>\n<div id=\"clipboard\"><i>Saben aquell (2023)<\/i> [Imagen]. (s.f.). FilmAffinity. <a href=\"https:\/\/www.filmaffinity.com\/es\/film848364.html\" target=\"_blank\" rel=\"noopener\">https:\/\/www.filmaffinity.com\/es\/film848364.html<\/a><\/div>\n<p>&nbsp;<\/p>\n","protected":false},"excerpt":{"rendered":"<p>Natural de Aracena, Huelva, Conchita Alcaide fue una que como tantas andaluzas tuvieron que emigrar a Catalu\u00f1a en la d\u00e9cada de los 60 para labrar un futuro mejor. Este futuro, Conchita siempre lo entend\u00eda que deb\u00eda estar unido a su pasi\u00f3n, la m\u00fasica. Conchita se dedicaba a tocar en salas y pubs de Catalu\u00f1a, donde [&hellip;]<\/p>\n","protected":false},"author":135,"featured_media":7687,"comment_status":"open","ping_status":"open","sticky":false,"template":"","format":"standard","meta":{"_acf_changed":false,"_monsterinsights_skip_tracking":false,"_monsterinsights_sitenote_active":false,"_monsterinsights_sitenote_note":"","_monsterinsights_sitenote_category":0,"footnotes":""},"categories":[403,23],"tags":[390,478,337,53,158,377],"class_list":["post-7686","post","type-post","status-publish","format-standard","has-post-thumbnail","hentry","category-historias-y-mucho-mas","category-patrimonio-vivo","tag-aracena","tag-eurovision","tag-humor","tag-musica","tag-cine","tag-huelva"],"blocksy_meta":[],"acf":[],"jetpack_featured_media_url":"https:\/\/www.upo.es\/patio-colorado\/wp-content\/uploads\/2024\/03\/780_0008_5784351_4bc04add5657f3739a5bba548b768c78.jpg","_links":{"self":[{"href":"https:\/\/www.upo.es\/patio-colorado\/wp-json\/wp\/v2\/posts\/7686","targetHints":{"allow":["GET"]}}],"collection":[{"href":"https:\/\/www.upo.es\/patio-colorado\/wp-json\/wp\/v2\/posts"}],"about":[{"href":"https:\/\/www.upo.es\/patio-colorado\/wp-json\/wp\/v2\/types\/post"}],"author":[{"embeddable":true,"href":"https:\/\/www.upo.es\/patio-colorado\/wp-json\/wp\/v2\/users\/135"}],"replies":[{"embeddable":true,"href":"https:\/\/www.upo.es\/patio-colorado\/wp-json\/wp\/v2\/comments?post=7686"}],"version-history":[{"count":2,"href":"https:\/\/www.upo.es\/patio-colorado\/wp-json\/wp\/v2\/posts\/7686\/revisions"}],"predecessor-version":[{"id":7690,"href":"https:\/\/www.upo.es\/patio-colorado\/wp-json\/wp\/v2\/posts\/7686\/revisions\/7690"}],"wp:featuredmedia":[{"embeddable":true,"href":"https:\/\/www.upo.es\/patio-colorado\/wp-json\/wp\/v2\/media\/7687"}],"wp:attachment":[{"href":"https:\/\/www.upo.es\/patio-colorado\/wp-json\/wp\/v2\/media?parent=7686"}],"wp:term":[{"taxonomy":"category","embeddable":true,"href":"https:\/\/www.upo.es\/patio-colorado\/wp-json\/wp\/v2\/categories?post=7686"},{"taxonomy":"post_tag","embeddable":true,"href":"https:\/\/www.upo.es\/patio-colorado\/wp-json\/wp\/v2\/tags?post=7686"}],"curies":[{"name":"wp","href":"https:\/\/api.w.org\/{rel}","templated":true}]}}