{"id":7691,"date":"2024-03-05T19:45:48","date_gmt":"2024-03-05T19:45:48","guid":{"rendered":"https:\/\/www.upo.es\/patio-colorado\/?p=7691"},"modified":"2024-03-05T19:45:48","modified_gmt":"2024-03-05T19:45:48","slug":"jornadas-de-patrimonio-linense","status":"publish","type":"post","link":"https:\/\/www.upo.es\/patio-colorado\/2024\/03\/05\/jornadas-de-patrimonio-linense\/","title":{"rendered":"Jornadas de Patrimonio linense"},"content":{"rendered":"<p>En honor del 20\u00ba aniversario de Protecci\u00f3n Hist\u00f3rica Linense el Ayuntamiento de La L\u00ednea de la Concepci\u00f3n organizar\u00e1 las Jornadas de Patrimonio en colaboraci\u00f3n con este. Estas jornadas tendr\u00e1n lugar el 14 y 17 de este mismo marzo. Los eventos organizados constan de tem\u00e1ticas diversas.<\/p>\n<p>Todo comenzar\u00e1 con una exposici\u00f3n en el Museo Cruz Herrera con una exposici\u00f3n que reinterpretar\u00e1 la obra del autor con Inteligencia Artificial en estilo maga. Al d\u00eda siguiente, las librer\u00edas ser\u00e1n las protagonistas. En primer lugar, en la Gorgo Libros y Caf\u00e9 se presentar\u00e1 el libro <em>La Gu\u00eda de Gibraltar y su Campo<\/em> de L\u00f3pez Zaragoza y a continuaci\u00f3n en la librer\u00eda infantil La Pecera tendr\u00e1 lugar un taller infantil llamado \u201cRecorta y Monta la maqueta del mercado de la Plaza de Abastos en 1882\u201d.<\/p>\n<p>El plato fuerte de las jornadas llega el s\u00e1bado 16, el teatro Paseo de la Velada se dispondr\u00e1n a lo largo de toda la tarde la actividad llamada \u201cComunicaciones sobre Historia y Patrimonio\u201d en la que participar\u00e1n investigadores de La L\u00ednea de la Concepci\u00f3n, Gibraltar, San Roque, Algeciras y Pomarico (Italia). Este evento se inaugurar\u00e1 de manos del alcalde de la localidad, Juan Franco, la concejal de cultura Raquel \u00d1eco y el presidente de Patrimonio Hist\u00f3rico Linense, Jos\u00e9 Mart\u00ednez T\u00e9llez. Entre las tem\u00e1ticas de las que se tratar\u00e1n en la actividad destacan las que tratar\u00e1n sobre el asentamiento romano de Zanovana (La L\u00ednea) y otra sobre los Piratas de Levante en la costa de la L\u00ednea de la Concepci\u00f3n y una ponencia de Sergio Fern\u00e1ndez Uceda llamada <em>Persecuci\u00f3n al Conocimiento: docentes represaliados por el Franquismo en el Campo de Gibraltar<\/em>. Se tratar\u00e1 tambi\u00e9n la arquitectura dom\u00e9stica linense de finales del siglo XIX e inicios del XX de la mano de Santiago Sabariego S\u00e1nchez, y de los b\u00fankeres hablar\u00e1 el historiador Alfonso Cuadra, natural de La L\u00ednea en <em>Los b\u00fankeres del Istmo. Uso t\u00e1ctico y diplom\u00e1tico en los meses de la Gran Tentaci\u00f3n (1940-1941)<\/em>. Sobre m\u00e1s arquitectura hablar\u00e1 Baltasar G\u00f3mez Nadal que liderar\u00e1 una ponencia dedicada a Isidro Prospero de Verboom, el primer ingeniero de obras de la a\u00fan llamada La L\u00ednea de Contrataci\u00f3n. Jennifer Ballatine presentar\u00e1 la recientemente reabierta Garrison Library, una biblioteca de Gibraltar fundada en 1793 y que acoge el archivo del peri\u00f3dico gibraltare\u00f1o el <em>Gibraltar Chronicle, <\/em>el segundo peri\u00f3dico escrito en ingl\u00e9s m\u00e1s antiguo. Para terminar esta serie de charlas estar\u00e1 Daniel Cabeza Tambring, que hablar\u00e1 sobre la conservaci\u00f3n-restauraci\u00f3n del patrimonio hist\u00f3rico local, as\u00ed que centr\u00e1ndose en La L\u00ednea de la Concepci\u00f3n tratar\u00e1 la Plaza de Toros.<\/p>\n<figure id=\"attachment_7693\" aria-describedby=\"caption-attachment-7693\" style=\"width: 451px\" class=\"wp-caption aligncenter\"><img loading=\"lazy\" decoding=\"async\" class=\"wp-image-7693 \" src=\"https:\/\/www.upo.es\/patio-colorado\/wp-content\/uploads\/2024\/03\/Garission-Library-13-300x169.jpg\" alt=\"\" width=\"451\" height=\"254\" srcset=\"https:\/\/www.upo.es\/patio-colorado\/wp-content\/uploads\/2024\/03\/Garission-Library-13-300x169.jpg 300w, https:\/\/www.upo.es\/patio-colorado\/wp-content\/uploads\/2024\/03\/Garission-Library-13-1024x578.jpg 1024w, https:\/\/www.upo.es\/patio-colorado\/wp-content\/uploads\/2024\/03\/Garission-Library-13-768x433.jpg 768w, https:\/\/www.upo.es\/patio-colorado\/wp-content\/uploads\/2024\/03\/Garission-Library-13.jpg 1200w\" sizes=\"auto, (max-width: 451px) 100vw, 451px\" \/><figcaption id=\"caption-attachment-7693\" class=\"wp-caption-text\">Garrison Library<\/figcaption><\/figure>\n<p>&nbsp;<\/p>\n<p>La Plaza de Toros ser\u00e1 la protagonista de la \u00faltima actividad del d\u00eda, pues se realizar\u00e1 una visita nocturna a la misma. Tienen unas plazas limitadas a 50, as\u00ed que si est\u00e1s interesado \u00a1date prisa! Por \u00faltimo, las jornadas concluir\u00e1n el domingo 17 en un homenaje que se les realizar\u00e1 a las v\u00edctimas del <em>SS Utop\u00eda, <\/em>el barco que se hundir\u00eda en las aguas del estrecho el 17 de marzo de 1891 y que part\u00eda desde Trieste camino a Nueva York, de lo 880 pasajeros, sobrevivir\u00edan 318, dejando as\u00ed 562 fallecidos. Este homenaje se realizar\u00e1 en el Pante\u00f3n de los N\u00e1ufragos en el Cementerio Municipal.<\/p>\n<p>&nbsp;<\/p>\n<p>La L\u00ednea de la Concepci\u00f3n volver\u00e1 a ser una vez m\u00e1s centro cultural de la comarca, de esta forma espero que se visibilice lo bonita que es esta localidad. Una ciudad que tiene mucho por reclamar y un patrimonio de que estar orgulloso. Una localidad \u00fanica y peculiar como pocas en el mundo. Andaluc\u00eda, es hora de o\u00edr a La L\u00ednea de la Concepci\u00f3n.<\/p>\n<p>&nbsp;<\/p>\n<p>Referencias<\/p>\n<p><em>Organizadas unas Jornadas de Patrimonio con motivo del 20 Aniversario de Protecci\u00f3n Hist\u00f3rica Linense<\/em>. (2024, 5 de marzo). Excmo. Ayuntamiento de La L\u00ednea de la Concepci\u00f3n. <a href=\"https:\/\/www.lalinea.es\/portal\/index.php\/hoy-es-noticia\/13798-organizadas-unas-jornadas-de-patrimonio-con-motivo-del-20-aniversario-de-proteccion-historica-linense\">https:\/\/www.lalinea.es\/portal\/index.php\/hoy-es-noticia\/13798-organizadas-unas-jornadas-de-patrimonio-con-motivo-del-20-aniversario-de-proteccion-historica-linense<\/a><\/p>\n<p><em>Biblioteca Garrison<\/em>. (s.f.). Visit Gibraltar. <a href=\"https:\/\/www.visitgibraltar.gi\/es\/ver-y-hacer\/historia-militar\/biblioteca-garrison-20\">https:\/\/www.visitgibraltar.gi\/es\/ver-y-hacer\/historia-militar\/biblioteca-garrison-20<\/a><\/p>\n","protected":false},"excerpt":{"rendered":"<p>En honor del 20\u00ba aniversario de Protecci\u00f3n Hist\u00f3rica Linense el Ayuntamiento de La L\u00ednea de la Concepci\u00f3n organizar\u00e1 las Jornadas de Patrimonio en colaboraci\u00f3n con este. Estas jornadas tendr\u00e1n lugar el 14 y 17 de este mismo marzo. Los eventos organizados constan de tem\u00e1ticas diversas. Todo comenzar\u00e1 con una exposici\u00f3n en el Museo Cruz Herrera [&hellip;]<\/p>\n","protected":false},"author":135,"featured_media":7692,"comment_status":"open","ping_status":"open","sticky":false,"template":"","format":"standard","meta":{"_acf_changed":false,"_monsterinsights_skip_tracking":false,"_monsterinsights_sitenote_active":false,"_monsterinsights_sitenote_note":"","_monsterinsights_sitenote_category":0,"footnotes":""},"categories":[302,24,12],"tags":[1001,1000,999,1030],"class_list":["post-7691","post","type-post","status-publish","format-standard","has-post-thumbnail","hentry","category-cadiz","category-conservacion-y-restauracion","category-eventos","tag-campo-de-gibraltar","tag-la-linea","tag-la-linea-de-la-concepcion","tag-ponencia"],"blocksy_meta":[],"acf":[],"jetpack_featured_media_url":"https:\/\/www.upo.es\/patio-colorado\/wp-content\/uploads\/2024\/03\/JORNADAS_PHL_5.jpg","_links":{"self":[{"href":"https:\/\/www.upo.es\/patio-colorado\/wp-json\/wp\/v2\/posts\/7691","targetHints":{"allow":["GET"]}}],"collection":[{"href":"https:\/\/www.upo.es\/patio-colorado\/wp-json\/wp\/v2\/posts"}],"about":[{"href":"https:\/\/www.upo.es\/patio-colorado\/wp-json\/wp\/v2\/types\/post"}],"author":[{"embeddable":true,"href":"https:\/\/www.upo.es\/patio-colorado\/wp-json\/wp\/v2\/users\/135"}],"replies":[{"embeddable":true,"href":"https:\/\/www.upo.es\/patio-colorado\/wp-json\/wp\/v2\/comments?post=7691"}],"version-history":[{"count":3,"href":"https:\/\/www.upo.es\/patio-colorado\/wp-json\/wp\/v2\/posts\/7691\/revisions"}],"predecessor-version":[{"id":7696,"href":"https:\/\/www.upo.es\/patio-colorado\/wp-json\/wp\/v2\/posts\/7691\/revisions\/7696"}],"wp:featuredmedia":[{"embeddable":true,"href":"https:\/\/www.upo.es\/patio-colorado\/wp-json\/wp\/v2\/media\/7692"}],"wp:attachment":[{"href":"https:\/\/www.upo.es\/patio-colorado\/wp-json\/wp\/v2\/media?parent=7691"}],"wp:term":[{"taxonomy":"category","embeddable":true,"href":"https:\/\/www.upo.es\/patio-colorado\/wp-json\/wp\/v2\/categories?post=7691"},{"taxonomy":"post_tag","embeddable":true,"href":"https:\/\/www.upo.es\/patio-colorado\/wp-json\/wp\/v2\/tags?post=7691"}],"curies":[{"name":"wp","href":"https:\/\/api.w.org\/{rel}","templated":true}]}}