{"id":7700,"date":"2024-03-06T17:35:17","date_gmt":"2024-03-06T17:35:17","guid":{"rendered":"https:\/\/www.upo.es\/patio-colorado\/?p=7700"},"modified":"2024-03-06T17:35:17","modified_gmt":"2024-03-06T17:35:17","slug":"muere-a-los-92-anos-la-artista-sevillana-luisa-ortega-hija-de-manolo-caracol","status":"publish","type":"post","link":"https:\/\/www.upo.es\/patio-colorado\/2024\/03\/06\/muere-a-los-92-anos-la-artista-sevillana-luisa-ortega-hija-de-manolo-caracol\/","title":{"rendered":"Muere a los 92 a\u00f1os la artista sevillana Luisa Ortega, hija de Manolo Caracol"},"content":{"rendered":"<p><span style=\"font-weight: 400\">Fallece a los 92 a\u00f1os la destacada artista sevillana Luisa Ortega, quien era reconocida como la primera int\u00e9rprete de la popular canci\u00f3n \u00ab<\/span><i><span style=\"font-weight: 400\">Pena, penita, pena<\/span><\/i><span style=\"font-weight: 400\">\u00ab. La lamentable noticia se produjo en la madrugada del 4 de marzo en Almendralejo. Ortega, hija del famoso Manolo Caracol y Luisa G\u00f3mez, estaba pr\u00f3xima a recibir un emotivo homenaje en su tierra natal en el Teatro Alameda el pr\u00f3ximo 12 de marzo.<\/span><\/p>\n<p><span style=\"font-weight: 400\">El mundo del flamenco se ti\u00f1e nuevamente de luto con la partida de Luisa Ortega G\u00f3mez, una figura emblem\u00e1tica que formaba parte de una de las dinast\u00edas m\u00e1s importantes en este arte. Con una trayectoria que se remonta a los a\u00f1os 90, Ortega se hizo presente en numerosas ocasiones en la televisi\u00f3n auton\u00f3mica andaluza, participando en programas como<\/span><i><span style=\"font-weight: 400\"> Las Coplas<\/span><\/i><span style=\"font-weight: 400\"> y <\/span><i><span style=\"font-weight: 400\">Se llama copla<\/span><\/i><span style=\"font-weight: 400\">. Su carrera profesional se inici\u00f3 tras la separaci\u00f3n art\u00edstica entre su padre y Lola Flores, debutando en el Teatro Calder\u00f3n de Madrid en 1951 con<\/span><i><span style=\"font-weight: 400\"> La copla nueva<\/span><\/i><span style=\"font-weight: 400\">. A lo largo de su carrera, particip\u00f3 en numerosos espect\u00e1culos y programas de televisi\u00f3n, difundiendo el arte flamenco y consolidando su reputaci\u00f3n como una de las grandes voces del g\u00e9nero. Como parte de una de las dinast\u00edas m\u00e1s importantes del flamenco, Luisa Ortega representaba la continuidad de una tradici\u00f3n art\u00edstica arraigada en su familia. Su linaje y su talento contribuyeron a preservar y enriquecer la herencia cultural del flamenco. Su colaboraci\u00f3n con otros artistas flamencos contribuyeron a popularizar el g\u00e9nero y a llevarlo a audiencias m\u00e1s amplias, tanto dentro como fuera de Espa\u00f1a.\u00a0<\/span><\/p>\n<p><span style=\"font-weight: 400\">Uno de los momentos destacados de su carrera fue su interpretaci\u00f3n de \u00ab<\/span><i><span style=\"font-weight: 400\">Pena, penita, pena<\/span><\/i><span style=\"font-weight: 400\">\u00bb en 1954, durante el espect\u00e1culo Colores Morenos, junto a su padre. Esta canci\u00f3n posteriormente fue llevada al cine por Lola Flores dos a\u00f1os despu\u00e9s. En los a\u00f1os sesenta, Ortega public\u00f3 su primer \u00e1lbum, titulado <\/span><i><span style=\"font-weight: 400\">Evoluci\u00f3n flamenca<\/span><\/i><span style=\"font-weight: 400\">, en colaboraci\u00f3n con su esposo, el pianista Arturo Pav\u00f3n, quien era sobrino de La Ni\u00f1a de los Peines.<\/span><\/p>\n<p><span style=\"font-weight: 400\">Despu\u00e9s del fallecimiento de su padre en 1973, Luisa Ortega se alej\u00f3 gradualmente de los escenarios. La ciudad de Sevilla ten\u00eda previsto rendirle un homenaje en el Teatro Alameda el 12 de marzo, con la participaci\u00f3n de reconocidos artistas flamencos, aunque a\u00fan no se ha confirmado si este evento se llevar\u00e1 a cabo.<\/span><\/p>\n<p>&nbsp;<\/p>\n<p><img loading=\"lazy\" decoding=\"async\" class=\"\" src=\"https:\/\/www.lavozdelsur.es\/uploads\/s1\/18\/31\/43\/6\/photo1709638508.jpeg\" alt=\"photo1709638508\" width=\"406\" height=\"575\" \/><\/p>\n<p>&nbsp;<\/p>\n<p>Referencias:<\/p>\n<p>Montes, D. (5 de marzo de 2024). Muere Luisa Ortega, hija de Manolo Caracol, a una semana de su merecido homenaje en Sevilla. La voz del Sur. https:\/\/www.lavozdelsur.es\/cultura\/flamenco-luto-ha-muerto-luisa-ortega-hija-manolo-caracol_310993_102.html<\/p>\n<h1 class=\"c-mainarticle__title\"><\/h1>\n","protected":false},"excerpt":{"rendered":"<p>Fallece a los 92 a\u00f1os la destacada artista sevillana Luisa Ortega, quien era reconocida como la primera int\u00e9rprete de la popular canci\u00f3n \u00abPena, penita, pena\u00ab. La lamentable noticia se produjo en la madrugada del 4 de marzo en Almendralejo. Ortega, hija del famoso Manolo Caracol y Luisa G\u00f3mez, estaba pr\u00f3xima a recibir un emotivo homenaje [&hellip;]<\/p>\n","protected":false},"author":142,"featured_media":0,"comment_status":"open","ping_status":"open","sticky":false,"template":"","format":"standard","meta":{"_acf_changed":false,"_monsterinsights_skip_tracking":false,"_monsterinsights_sitenote_active":false,"_monsterinsights_sitenote_note":"","_monsterinsights_sitenote_category":0,"footnotes":""},"categories":[45,46],"tags":[],"class_list":["post-7700","post","type-post","status-publish","format-standard","hentry","category-boletin-colorao","category-en-la-prensa"],"blocksy_meta":[],"acf":[],"jetpack_featured_media_url":"","_links":{"self":[{"href":"https:\/\/www.upo.es\/patio-colorado\/wp-json\/wp\/v2\/posts\/7700","targetHints":{"allow":["GET"]}}],"collection":[{"href":"https:\/\/www.upo.es\/patio-colorado\/wp-json\/wp\/v2\/posts"}],"about":[{"href":"https:\/\/www.upo.es\/patio-colorado\/wp-json\/wp\/v2\/types\/post"}],"author":[{"embeddable":true,"href":"https:\/\/www.upo.es\/patio-colorado\/wp-json\/wp\/v2\/users\/142"}],"replies":[{"embeddable":true,"href":"https:\/\/www.upo.es\/patio-colorado\/wp-json\/wp\/v2\/comments?post=7700"}],"version-history":[{"count":1,"href":"https:\/\/www.upo.es\/patio-colorado\/wp-json\/wp\/v2\/posts\/7700\/revisions"}],"predecessor-version":[{"id":7702,"href":"https:\/\/www.upo.es\/patio-colorado\/wp-json\/wp\/v2\/posts\/7700\/revisions\/7702"}],"wp:attachment":[{"href":"https:\/\/www.upo.es\/patio-colorado\/wp-json\/wp\/v2\/media?parent=7700"}],"wp:term":[{"taxonomy":"category","embeddable":true,"href":"https:\/\/www.upo.es\/patio-colorado\/wp-json\/wp\/v2\/categories?post=7700"},{"taxonomy":"post_tag","embeddable":true,"href":"https:\/\/www.upo.es\/patio-colorado\/wp-json\/wp\/v2\/tags?post=7700"}],"curies":[{"name":"wp","href":"https:\/\/api.w.org\/{rel}","templated":true}]}}