{"id":7704,"date":"2024-03-06T18:24:47","date_gmt":"2024-03-06T18:24:47","guid":{"rendered":"https:\/\/www.upo.es\/patio-colorado\/?p=7704"},"modified":"2024-03-06T18:34:36","modified_gmt":"2024-03-06T18:34:36","slug":"delicias-sevillanas-los-dulces-de-cuaresma","status":"publish","type":"post","link":"https:\/\/www.upo.es\/patio-colorado\/2024\/03\/06\/delicias-sevillanas-los-dulces-de-cuaresma\/","title":{"rendered":"Delicias sevillanas: los dulces de Cuaresma"},"content":{"rendered":"<p><strong>LOS PESTI\u00d1OS Y SU ORIGEN<\/strong><\/p>\n<p><span style=\"font-weight: 400\">Junto el olor a incienso y el jazm\u00edn que comienza a florecer, el az\u00facar y la miel revisten de dulzor las calles de Sevilla para dar paso a la que, para los andaluces, es la semana grande del a\u00f1o.\u00a0<\/span><\/p>\n<p><span style=\"font-weight: 400\">Previa a la Semana Santa, tenemos la Cuaresma, \u00e9poca en la que, seg\u00fan la tradici\u00f3n cristiana, el buen creyente debe purificarse para acompa\u00f1ar a Jes\u00fas en su penitencia. Para ello, lo primordial era el ayuno, pues solo se pod\u00eda comer una vez al d\u00eda, y evitar comer carne. De este modo, para poder soportar las largas jornadas de trabajo, hab\u00eda que incluir en esa \u00fanica ingesta alimentos con un rico aporte energ\u00e9tico. Es por ello que en nuestra tierra nacieron las torrijas, la leche frita o los pesti\u00f1os. Y, es que, incluso en la actualidad, sea uno cofrade o no, somos conscientes de que estos dulces se han convertido en toda una se\u00f1a de identidad de nuestra Semana Santa.\u00a0<\/span><\/p>\n<p><span style=\"font-weight: 400\">Los encontrar\u00e1s en cualquier confiter\u00eda, pero jam\u00e1s sabr\u00e1n igual que los que las abuelas sevillanas cocinan en su hogar. Rosquillas de az\u00facar, ang\u00fcelas, rosas de miel\u2026 \u00a1no sabr\u00eda por qu\u00e9 decantarme! Pero si hay algo que gusta a todos, eso son los pesti\u00f1os; para mi abuela, prepararlos es motivo de reuni\u00f3n con sus hermanas para revivir los tiempos pasados y las tradiciones de su familia. A continuaci\u00f3n os dejo una imagen de lo bien que lo pasan cada a\u00f1o:<\/span><\/p>\n<p><figure id=\"attachment_7705\" aria-describedby=\"caption-attachment-7705\" style=\"width: 225px\" class=\"wp-caption aligncenter\"><img loading=\"lazy\" decoding=\"async\" class=\"wp-image-7705 size-medium\" src=\"https:\/\/www.upo.es\/patio-colorado\/wp-content\/uploads\/2024\/03\/ABUELA-PESTIN\u0303OS-225x300.jpeg\" alt=\"\" width=\"225\" height=\"300\" srcset=\"https:\/\/www.upo.es\/patio-colorado\/wp-content\/uploads\/2024\/03\/ABUELA-PESTIN\u0303OS-225x300.jpeg 225w, https:\/\/www.upo.es\/patio-colorado\/wp-content\/uploads\/2024\/03\/ABUELA-PESTIN\u0303OS-768x1024.jpeg 768w, https:\/\/www.upo.es\/patio-colorado\/wp-content\/uploads\/2024\/03\/ABUELA-PESTIN\u0303OS-1152x1536.jpeg 1152w, https:\/\/www.upo.es\/patio-colorado\/wp-content\/uploads\/2024\/03\/ABUELA-PESTIN\u0303OS.jpeg 1200w\" sizes=\"auto, (max-width: 225px) 100vw, 225px\" \/><figcaption id=\"caption-attachment-7705\" class=\"wp-caption-text\">[Imagen de elaboraci\u00f3n propia]<\/figcaption><\/figure><span style=\"font-weight: 400\">Pero, \u00bfson los pesti\u00f1os un dulce originalmente andaluz? \u00bfDesde cu\u00e1ndo forman parte de nuestra gastronom\u00eda?\u00a0<\/span><\/p>\n<p><span style=\"font-weight: 400\">Los pesti\u00f1os consisten en una masa elaborada a base de harina de trigo, vino blanco y aceite de oliva que se adereza con c\u00e1scara de naranja, lim\u00f3n y semillas de an\u00eds o ajonjol\u00ed. Tras amasarla con un rodillo y cortarla en peque\u00f1as porciones, se fr\u00ede y se obtiene un resultado muy crujiente. Los pesti\u00f1os se suelen ba\u00f1ar en miel, pero tambi\u00e9n se pueden espolvorear con az\u00facar. Esta receta final que ha llegado hasta nuestros d\u00edas es producto de la fusi\u00f3n de las culturas romana, jud\u00eda y musulmana que durante tantos a\u00f1os convivieron en Al-\u00c1ndalus.\u00a0<\/span><\/p>\n<p><span style=\"font-weight: 400\">En la antigua Roma, durante las Saturnalias \u2014fiestas que coincid\u00edan con nuestro carnaval\u2014, se com\u00eda un dulce muy similar al pesti\u00f1o, los <em>frictilia<\/em>, que, adem\u00e1s, se entregaban como ofrenda a Silvano, un dios menor.\u00a0<\/span><\/p>\n<p><span style=\"font-weight: 400\">Sabemos que los jud\u00edos sefard\u00edes fueron expulsados de la pen\u00ednsula ib\u00e9rica en 1492, por lo que podemos afirmar que esta receta es incluso anterior. Como dato curioso, se sabe que hasta el siglo XVI, los pesti\u00f1os se fre\u00edan preferiblemente en manteca de cerdo, ya que el aceite era un alimento cuyo consumo prohib\u00eda la religi\u00f3n jud\u00eda. Adem\u00e1s, la combinaci\u00f3n de fritura en aceite con la incorporaci\u00f3n de naranja amarga y miel es una caracter\u00edstica distintiva de la tradici\u00f3n culinaria judeo-espa\u00f1ola. Por su parte, el trigo y el pan, alimentos arraigados en la cultura romana, adquirieron posteriormente un simbolismo especial en el cristianismo como representaci\u00f3n del cuerpo de Jesucristo.\u00a0<\/span><\/p>\n<p><span style=\"font-weight: 400\">Por otro lado, como hemos mencionado con anterioridad, este dulce tambi\u00e9n tiene ra\u00edces \u00e1rabes, pues las especias con que se prepara \u2014entre ellas el ajonjol\u00ed\u2014 son de tradici\u00f3n musulmana. Incluso en la actualidad se prepara por Ramad\u00e1n un dulce muy similar a los pesti\u00f1os, la <\/span><i><span style=\"font-weight: 400\">shebak\u00eda<\/span><\/i><span style=\"font-weight: 400\">.\u00a0<\/span><\/p>\n<p><span style=\"font-weight: 400\">A modo de curiosidad, los pesti\u00f1os son un dulce tan propio de nuestra cultura que incluso Cervantes los menciona en el <\/span><i><span style=\"font-weight: 400\">Quijote.\u00a0<\/span><\/i><\/p>\n<p><span style=\"font-weight: 400\">En definitiva, la historia de los pesti\u00f1os refleja la rica mezcla de culturas y tradiciones que han dejado su huella en la pen\u00ednsula ib\u00e9rica a lo largo de los siglos. Con sus ra\u00edces que se remontan a la \u00e9poca de Al-\u00c1ndalus, los pesti\u00f1os son un testimonio del intercambio cultural entre el mundo cristiano y musulm\u00e1n durante la Edad Media. A trav\u00e9s de su evoluci\u00f3n culinaria, los pesti\u00f1os se han convertido en un s\u00edmbolo de la diversidad y la riqueza gastron\u00f3mica de Espa\u00f1a, uniendo elementos tanto de la cocina \u00e1rabe como de la judeo-espa\u00f1ola. Su popularidad continua en festividades religiosas y celebraciones tradicionales demuestra su perdurable relevancia y <\/span><span style=\"font-weight: 400\">su habilidad para fungir como aglutinante cultural a lo largo de las eras.<\/span><\/p>\n<p><b>FUENTES:\u00a0<\/b><\/p>\n<p><span style=\"font-weight: 400\">Cash Fresh (s. f .) \u00ab\u00bfPor qu\u00e9 se comen dulces en Semana Santa?\u00bb. <\/span><i><span style=\"font-weight: 400\">Cash Fresh<\/span><\/i><span style=\"font-weight: 400\">. Disponible en l\u00ednea: <\/span><a href=\"https:\/\/www.cashfresh.es\/por-que-se-comen-dulces-en-semana-santa\/\"><span style=\"font-weight: 400\">https:\/\/www.cashfresh.es\/por-que-se-comen-dulces-en-semana-santa\/<\/span><\/a><span style=\"font-weight: 400\"> [\u00daltima consulta el 06\/03\/2024].\u00a0<\/span><\/p>\n<p><span style=\"font-weight: 400\">El Almirez (s. f.) \u00abEl origen del pesti\u00f1o. Pesti\u00f1os espa\u00f1oles, europeos e hispanoamericanos\u00bb. <\/span><i><span style=\"font-weight: 400\">El Almirez, grupo gastron\u00f3mico<\/span><\/i><span style=\"font-weight: 400\">. Disponible en l\u00ednea: <\/span><a href=\"https:\/\/ggelalmirez.com\/el-origen-del-pestino-pestinos-espanoles-europeos-e-hispanoamericanos\/\"><span style=\"font-weight: 400\">https:\/\/ggelalmirez.com\/el-origen-del-pestino-pestinos-espanoles-europeos-e-hispanoamericanos\/<\/span><\/a><span style=\"font-weight: 400\"> [\u00daltima consulta el 06\/03\/2024].\u00a0<\/span><\/p>\n<p><span style=\"font-weight: 400\">El Gourmet de Andaluc\u00eda (2024) \u00abEl origen de los pesti\u00f1os\u00bb. <\/span><i><span style=\"font-weight: 400\">El Gourmet de Andaluc\u00eda<\/span><\/i><span style=\"font-weight: 400\">. Disponible en l\u00ednea: <\/span><a href=\"https:\/\/elgourmetdeandalucia.com\/2024\/03\/\"><span style=\"font-weight: 400\">https:\/\/elgourmetdeandalucia.com\/2024\/03\/<\/span><\/a><span style=\"font-weight: 400\"> [\u00daltima consulta el 06\/03\/2024].\u00a0<\/span><\/p>\n<p>&nbsp;<\/p>\n","protected":false},"excerpt":{"rendered":"<p>LOS PESTI\u00d1OS Y SU ORIGEN Junto el olor a incienso y el jazm\u00edn que comienza a florecer, el az\u00facar y la miel revisten de dulzor las calles de Sevilla para dar paso a la que, para los andaluces, es la semana grande del a\u00f1o.\u00a0 Previa a la Semana Santa, tenemos la Cuaresma, \u00e9poca en la [&hellip;]<\/p>\n","protected":false},"author":145,"featured_media":7708,"comment_status":"open","ping_status":"open","sticky":false,"template":"","format":"standard","meta":{"_acf_changed":false,"_monsterinsights_skip_tracking":false,"_monsterinsights_sitenote_active":false,"_monsterinsights_sitenote_note":"","_monsterinsights_sitenote_category":0,"footnotes":""},"categories":[1,26],"tags":[14,59,316,1031,1032],"class_list":["post-7704","post","type-post","status-publish","format-standard","has-post-thumbnail","hentry","category-sin-categoria","category-gastronomia-artesania","tag-gastronomia","tag-semanasanta","tag-tradicion","tag-dulces","tag-pestinos"],"blocksy_meta":[],"acf":[],"jetpack_featured_media_url":"https:\/\/www.upo.es\/patio-colorado\/wp-content\/uploads\/2024\/03\/pestis.png","_links":{"self":[{"href":"https:\/\/www.upo.es\/patio-colorado\/wp-json\/wp\/v2\/posts\/7704","targetHints":{"allow":["GET"]}}],"collection":[{"href":"https:\/\/www.upo.es\/patio-colorado\/wp-json\/wp\/v2\/posts"}],"about":[{"href":"https:\/\/www.upo.es\/patio-colorado\/wp-json\/wp\/v2\/types\/post"}],"author":[{"embeddable":true,"href":"https:\/\/www.upo.es\/patio-colorado\/wp-json\/wp\/v2\/users\/145"}],"replies":[{"embeddable":true,"href":"https:\/\/www.upo.es\/patio-colorado\/wp-json\/wp\/v2\/comments?post=7704"}],"version-history":[{"count":3,"href":"https:\/\/www.upo.es\/patio-colorado\/wp-json\/wp\/v2\/posts\/7704\/revisions"}],"predecessor-version":[{"id":7710,"href":"https:\/\/www.upo.es\/patio-colorado\/wp-json\/wp\/v2\/posts\/7704\/revisions\/7710"}],"wp:featuredmedia":[{"embeddable":true,"href":"https:\/\/www.upo.es\/patio-colorado\/wp-json\/wp\/v2\/media\/7708"}],"wp:attachment":[{"href":"https:\/\/www.upo.es\/patio-colorado\/wp-json\/wp\/v2\/media?parent=7704"}],"wp:term":[{"taxonomy":"category","embeddable":true,"href":"https:\/\/www.upo.es\/patio-colorado\/wp-json\/wp\/v2\/categories?post=7704"},{"taxonomy":"post_tag","embeddable":true,"href":"https:\/\/www.upo.es\/patio-colorado\/wp-json\/wp\/v2\/tags?post=7704"}],"curies":[{"name":"wp","href":"https:\/\/api.w.org\/{rel}","templated":true}]}}