{"id":7713,"date":"2024-03-07T07:56:36","date_gmt":"2024-03-07T07:56:36","guid":{"rendered":"https:\/\/www.upo.es\/patio-colorado\/?p=7713"},"modified":"2024-03-08T10:21:33","modified_gmt":"2024-03-08T10:21:33","slug":"visita-la-exposicion-paisaje-en-esencia-y-conoce-a-la-artista-contemporanea-carmen-carrillo","status":"publish","type":"post","link":"https:\/\/www.upo.es\/patio-colorado\/2024\/03\/07\/visita-la-exposicion-paisaje-en-esencia-y-conoce-a-la-artista-contemporanea-carmen-carrillo\/","title":{"rendered":"Visita la exposici\u00f3n \u00abPaisaje en Esencia\u00bb y conoce a la artista contempor\u00e1nea Carmen Carrillo"},"content":{"rendered":"<p style=\"font-weight: 400\">La asociaci\u00f3n Loving Art Andaluc\u00eda es una asociaci\u00f3n cultural sin \u00e1nimo de lucro, comprometida con el desarrollo de la cultura y el arte en Andaluc\u00eda, pero que promociona a artistas a nivel nacional e internacional. Tiene sede en Sevilla y ofrece a los artistas un espacio de trabajo colectivo y la posibilidad de compartir opiniones con cr\u00edticos, te\u00f3ricos culturales o instituciones. Su objetivo principal es hacer llegar a la sociedad las obras que cientos de artistas crean en la actualidad, y lo hacen por medio de las redes sociales \u2014una de las principales fuentes de informaci\u00f3n para muchos\u2014 y de las exposiciones \u2014a la manera tradicional.<\/p>\n<p style=\"font-weight: 400\">\u00a0Ha organizado la exposici\u00f3n \u00abPaisaje en Esencia\u00bb, visitable desde el 1 al 15 de marzo en el Colegio de Ingenieros de Caminos, Canales y Puertos de Madrid. La exposici\u00f3n a\u00fana los paisajes, naturales o urbanos, con la m\u00e1xima expresi\u00f3n humana y acoge a 23 artistas contempor\u00e1neos, de los que tengo la suerte de conocer a dos: Elisa Sainz y Carmen Carrillo.<\/p>\n<p><img loading=\"lazy\" decoding=\"async\" class=\"alignnone size-medium wp-image-7714\" src=\"https:\/\/www.upo.es\/patio-colorado\/wp-content\/uploads\/2024\/03\/Captura-de-Pantalla-2024-03-06-a-las-10.14.49-300x233.png\" alt=\"\" width=\"300\" height=\"233\" srcset=\"https:\/\/www.upo.es\/patio-colorado\/wp-content\/uploads\/2024\/03\/Captura-de-Pantalla-2024-03-06-a-las-10.14.49-300x233.png 300w, https:\/\/www.upo.es\/patio-colorado\/wp-content\/uploads\/2024\/03\/Captura-de-Pantalla-2024-03-06-a-las-10.14.49-1024x794.png 1024w, https:\/\/www.upo.es\/patio-colorado\/wp-content\/uploads\/2024\/03\/Captura-de-Pantalla-2024-03-06-a-las-10.14.49-768x595.png 768w, https:\/\/www.upo.es\/patio-colorado\/wp-content\/uploads\/2024\/03\/Captura-de-Pantalla-2024-03-06-a-las-10.14.49.png 1246w\" sizes=\"auto, (max-width: 300px) 100vw, 300px\" \/><\/p>\n<p style=\"font-weight: 400\"><img loading=\"lazy\" decoding=\"async\" class=\"alignnone size-medium wp-image-7715\" src=\"https:\/\/www.upo.es\/patio-colorado\/wp-content\/uploads\/2024\/03\/Captura-de-Pantalla-2024-03-06-a-las-10.15.25-300x212.png\" alt=\"\" width=\"300\" height=\"212\" srcset=\"https:\/\/www.upo.es\/patio-colorado\/wp-content\/uploads\/2024\/03\/Captura-de-Pantalla-2024-03-06-a-las-10.15.25-300x212.png 300w, https:\/\/www.upo.es\/patio-colorado\/wp-content\/uploads\/2024\/03\/Captura-de-Pantalla-2024-03-06-a-las-10.15.25-1024x722.png 1024w, https:\/\/www.upo.es\/patio-colorado\/wp-content\/uploads\/2024\/03\/Captura-de-Pantalla-2024-03-06-a-las-10.15.25-768x542.png 768w, https:\/\/www.upo.es\/patio-colorado\/wp-content\/uploads\/2024\/03\/Captura-de-Pantalla-2024-03-06-a-las-10.15.25.png 1242w\" sizes=\"auto, (max-width: 300px) 100vw, 300px\" \/><\/p>\n<p style=\"font-weight: 400\">El paisaje es un componente fundamental del arte contempor\u00e1neo, pero ha estado presente desde mucho antes de la Historia, en las pinturas rupestres, y sigue evolucionando hasta nuestros d\u00edas. Quien ya haya cursado la asignatura de Arte Contempor\u00e1neo con el Prof. Dr. Paco Ollero lo tendr\u00e1 claro: el arte ya no busca la representaci\u00f3n realista y fiel de la naturaleza. Lo que importa ya no es lo que ven nuestros ojos \u2014para eso tenemos los m\u00f3viles\u2014 sino lo que siente el artista cuando mira a su alrededor o piensa en el mundo. El arte ahora se centra en una exploraci\u00f3n m\u00e1s subjetiva del entorno, representa la realidad de cada uno desde los ojos de dentro. Por eso, los artistas contempor\u00e1neos emplean el paisaje, no como un fin, sino como un medio por el que la expresi\u00f3n de sus emociones y de su visi\u00f3n del mundo se hace m\u00e1s tangible. El paisaje es un espacio de reflexi\u00f3n que se pone al servicio de quien lo observa y retrata. Las preocupaciones del ser humano como individuo y como sociedad son f\u00e1cilmente representables en un paisaje. En un mundo cada vez m\u00e1s globalizado y en el que cada vez nos aislamos m\u00e1s, los artistas se refugian en el paisaje urbano para explorar la identidad, la memoria, la globalizaci\u00f3n, la infancia, la pol\u00edtica, el cambio clim\u00e1tico, el miedo al futuro o la soledad.<\/p>\n<p style=\"font-weight: 400\">Uno de los cambios m\u00e1s relevantes en la realizaci\u00f3n de paisajes es el empleo de t\u00e9cnicas y materiales nuevos, donde cada vez es m\u00e1s dif\u00edcil distinguir los soportes utilizados. La l\u00ednea que separa pintura de escultura se hace m\u00e1s difusa y esto lo hace destacar con respecto a la tradici\u00f3n previa. Ahora todo vale en el arte. El artista puede combinar materiales cl\u00e1sicos, como el acr\u00edlico o el \u00f3leo, y otros del d\u00eda a d\u00eda, como la sal, y fusionarlos con t\u00e9cnicas fotogr\u00e1ficas e instalaciones o editarlos con las nuevas tecnolog\u00edas.<\/p>\n<p style=\"font-weight: 400\">Una de las artistas m\u00e1s j\u00f3venes que participa en la exposici\u00f3n es Carmen Carrillo Hern\u00e1ndez (Sevilla, 1999), graduada en Bellas Artes por la Universidad de Sevilla. Es ya una artista multidisciplinar que cuenta con numerosos \u00f3leos, dibujos a carboncillo, esculturas de bronce y de arcilla, grabados y murales. Estos son algunos de los m\u00e1s representativos de su obra, que da a conocer en su perfil de Instagram.<\/p>\n<p style=\"font-weight: 400\">\u00abContando ovejas\u00bb (2024), visitable en la exposici\u00f3n \u00abPaisaje en Esencia\u00bb hasta el 15 de marzo.<\/p>\n<p style=\"font-weight: 400\"><img loading=\"lazy\" decoding=\"async\" class=\"alignnone size-medium wp-image-7716\" src=\"https:\/\/www.upo.es\/patio-colorado\/wp-content\/uploads\/2024\/03\/Captura-de-Pantalla-2024-03-06-a-las-9.32.22-207x300.png\" alt=\"\" width=\"207\" height=\"300\" srcset=\"https:\/\/www.upo.es\/patio-colorado\/wp-content\/uploads\/2024\/03\/Captura-de-Pantalla-2024-03-06-a-las-9.32.22-207x300.png 207w, https:\/\/www.upo.es\/patio-colorado\/wp-content\/uploads\/2024\/03\/Captura-de-Pantalla-2024-03-06-a-las-9.32.22-705x1024.png 705w, https:\/\/www.upo.es\/patio-colorado\/wp-content\/uploads\/2024\/03\/Captura-de-Pantalla-2024-03-06-a-las-9.32.22.png 744w\" sizes=\"auto, (max-width: 207px) 100vw, 207px\" \/><\/p>\n<p style=\"font-weight: 400\">\u00abT\u00eda viva\u00bb (2024), que\u00a0refleja la pena y la soledad presentes, por desgracia, en la infancia de muchos ni\u00f1os.<\/p>\n<p><img loading=\"lazy\" decoding=\"async\" class=\"alignnone size-medium wp-image-7717\" src=\"https:\/\/www.upo.es\/patio-colorado\/wp-content\/uploads\/2024\/03\/Captura-de-Pantalla-2024-03-06-a-las-9.31.17-248x300.png\" alt=\"\" width=\"248\" height=\"300\" srcset=\"https:\/\/www.upo.es\/patio-colorado\/wp-content\/uploads\/2024\/03\/Captura-de-Pantalla-2024-03-06-a-las-9.31.17-248x300.png 248w, https:\/\/www.upo.es\/patio-colorado\/wp-content\/uploads\/2024\/03\/Captura-de-Pantalla-2024-03-06-a-las-9.31.17-847x1024.png 847w, https:\/\/www.upo.es\/patio-colorado\/wp-content\/uploads\/2024\/03\/Captura-de-Pantalla-2024-03-06-a-las-9.31.17-768x929.png 768w, https:\/\/www.upo.es\/patio-colorado\/wp-content\/uploads\/2024\/03\/Captura-de-Pantalla-2024-03-06-a-las-9.31.17.png 1040w\" sizes=\"auto, (max-width: 248px) 100vw, 248px\" \/><\/p>\n<p style=\"font-weight: 400\">\u00abMovimiento en grana\u00bb (2024), con el que Carmen gan\u00f3 el acc\u00e9sit del concurso de carteles de la 38.\u00aa Exhibici\u00f3n de Enganches de la Feria de Sevilla.<\/p>\n<p><img loading=\"lazy\" decoding=\"async\" class=\"alignnone size-medium wp-image-7718\" src=\"https:\/\/www.upo.es\/patio-colorado\/wp-content\/uploads\/2024\/03\/Captura-de-Pantalla-2024-03-06-a-las-9.32.06-209x300.png\" alt=\"\" width=\"209\" height=\"300\" srcset=\"https:\/\/www.upo.es\/patio-colorado\/wp-content\/uploads\/2024\/03\/Captura-de-Pantalla-2024-03-06-a-las-9.32.06-209x300.png 209w, https:\/\/www.upo.es\/patio-colorado\/wp-content\/uploads\/2024\/03\/Captura-de-Pantalla-2024-03-06-a-las-9.32.06-715x1024.png 715w, https:\/\/www.upo.es\/patio-colorado\/wp-content\/uploads\/2024\/03\/Captura-de-Pantalla-2024-03-06-a-las-9.32.06-768x1100.png 768w, https:\/\/www.upo.es\/patio-colorado\/wp-content\/uploads\/2024\/03\/Captura-de-Pantalla-2024-03-06-a-las-9.32.06.png 772w\" sizes=\"auto, (max-width: 209px) 100vw, 209px\" \/><\/p>\n<p style=\"font-weight: 400\">\u00abPlaza del Museo\u00bb (2023).<\/p>\n<p><img loading=\"lazy\" decoding=\"async\" class=\"alignnone size-medium wp-image-7719\" src=\"https:\/\/www.upo.es\/patio-colorado\/wp-content\/uploads\/2024\/03\/Captura-de-Pantalla-2024-03-06-a-las-9.34.15-300x247.png\" alt=\"\" width=\"300\" height=\"247\" srcset=\"https:\/\/www.upo.es\/patio-colorado\/wp-content\/uploads\/2024\/03\/Captura-de-Pantalla-2024-03-06-a-las-9.34.15-300x247.png 300w, https:\/\/www.upo.es\/patio-colorado\/wp-content\/uploads\/2024\/03\/Captura-de-Pantalla-2024-03-06-a-las-9.34.15-1024x843.png 1024w, https:\/\/www.upo.es\/patio-colorado\/wp-content\/uploads\/2024\/03\/Captura-de-Pantalla-2024-03-06-a-las-9.34.15-768x632.png 768w, https:\/\/www.upo.es\/patio-colorado\/wp-content\/uploads\/2024\/03\/Captura-de-Pantalla-2024-03-06-a-las-9.34.15.png 1142w\" sizes=\"auto, (max-width: 300px) 100vw, 300px\" \/><\/p>\n<p>Imagen 6. Carmen Carrillo [@c.carrillo.h] (2024). \u00abApunte del natural. Plaza del Museo\u00bb Recuperado el 6 de marzo de 2024 de <a href=\"https:\/\/www.instagram.com\/p\/C2sj5OPM2eJ\/?utm_\">https:\/\/www.instagram.com\/p\/C2sj5OPM2eJ\/?utm_<\/a><\/p>\n<p style=\"font-weight: 400\">Imagen 3. Carmen Carrillo [@c.carrillo.h] (2024). \u00abContando ovejas\u00bb Recuperado el 6 de marzo de 2024 de <a href=\"https:\/\/www.instagram.com\/p\/C3D8D_uMN3f\/?utm\">https:\/\/www.instagram.com\/p\/C3D8D_uMN3f\/?utm<\/a><\/p>\n<p>Imagen 5. Carmen Carrillo [@c.carrillo.h] (2024). \u00abMovimiento en grana\u00bb Recuperado el 6 de marzo de 2024 de <a href=\"https:\/\/www.instagram.com\/p\/C3TfNNIsLbS\/?utm_source=ig_web_copy_link&amp;igsh=MzRlODBiNWFlZA==\">https:\/\/www.instagram.com\/p\/C3TfNNIsLbS\/?utm_<\/a><\/p>\n<p>Imagen 4. Carmen Carrillo [@c.carrillo.h] (2024). \u00abT\u00eda viva\u00bb Recuperado el 6 de marzo de 2024 de<a href=\"https:\/\/www.instagram.com\/p\/C35XmvCsv7Z\/?utm_source=ig_web_copy_link&amp;igsh=MzRlODBiNWFlZA==\">https:\/\/www.instagram.com\/p\/C35XmvCsv7Z\/?utm<\/a><\/p>\n<p style=\"font-weight: 400\">Im\u00e1genes 1 y 2. Loving Art Andaluc\u00eda (2024). \u00abImpulsando el talento art\u00edstico\u00bb. Recuperado el 6 de marzo de 2024 de <a href=\"https:\/\/lovingart-w.com\/exposicion-actual\/\">https:\/\/lovingart-w.com\/exposicion-actual\/<\/a><\/p>\n<p style=\"font-weight: 400\">Loving Art (2024). \u00abPaisaje en Esencia\u00bb. Recuperado el 6 de marzo de 2024 de <a href=\"https:\/\/lovingart-w.com\/wp-content\/uploads\/2023\/11\/Paisaje-en-Esencia.pdf\">https:\/\/lovingart-w.com\/wp-content\/uploads\/2023\/11\/Paisaje-en-Esencia.pdf<\/a><\/p>\n","protected":false},"excerpt":{"rendered":"<p>La asociaci\u00f3n Loving Art Andaluc\u00eda es una asociaci\u00f3n cultural sin \u00e1nimo de lucro, comprometida con el desarrollo de la cultura y el arte en Andaluc\u00eda, pero que promociona a artistas a nivel nacional e internacional. Tiene sede en Sevilla y ofrece a los artistas un espacio de trabajo colectivo y la posibilidad de compartir opiniones [&hellip;]<\/p>\n","protected":false},"author":132,"featured_media":7717,"comment_status":"open","ping_status":"open","sticky":false,"template":"","format":"standard","meta":{"_acf_changed":false,"_monsterinsights_skip_tracking":false,"_monsterinsights_sitenote_active":false,"_monsterinsights_sitenote_note":"","_monsterinsights_sitenote_category":0,"footnotes":""},"categories":[1,167],"tags":[],"class_list":["post-7713","post","type-post","status-publish","format-standard","has-post-thumbnail","hentry","category-sin-categoria","category-pintura-escultura"],"blocksy_meta":[],"acf":[],"jetpack_featured_media_url":"https:\/\/www.upo.es\/patio-colorado\/wp-content\/uploads\/2024\/03\/Captura-de-Pantalla-2024-03-06-a-las-9.31.17.png","_links":{"self":[{"href":"https:\/\/www.upo.es\/patio-colorado\/wp-json\/wp\/v2\/posts\/7713","targetHints":{"allow":["GET"]}}],"collection":[{"href":"https:\/\/www.upo.es\/patio-colorado\/wp-json\/wp\/v2\/posts"}],"about":[{"href":"https:\/\/www.upo.es\/patio-colorado\/wp-json\/wp\/v2\/types\/post"}],"author":[{"embeddable":true,"href":"https:\/\/www.upo.es\/patio-colorado\/wp-json\/wp\/v2\/users\/132"}],"replies":[{"embeddable":true,"href":"https:\/\/www.upo.es\/patio-colorado\/wp-json\/wp\/v2\/comments?post=7713"}],"version-history":[{"count":5,"href":"https:\/\/www.upo.es\/patio-colorado\/wp-json\/wp\/v2\/posts\/7713\/revisions"}],"predecessor-version":[{"id":7730,"href":"https:\/\/www.upo.es\/patio-colorado\/wp-json\/wp\/v2\/posts\/7713\/revisions\/7730"}],"wp:featuredmedia":[{"embeddable":true,"href":"https:\/\/www.upo.es\/patio-colorado\/wp-json\/wp\/v2\/media\/7717"}],"wp:attachment":[{"href":"https:\/\/www.upo.es\/patio-colorado\/wp-json\/wp\/v2\/media?parent=7713"}],"wp:term":[{"taxonomy":"category","embeddable":true,"href":"https:\/\/www.upo.es\/patio-colorado\/wp-json\/wp\/v2\/categories?post=7713"},{"taxonomy":"post_tag","embeddable":true,"href":"https:\/\/www.upo.es\/patio-colorado\/wp-json\/wp\/v2\/tags?post=7713"}],"curies":[{"name":"wp","href":"https:\/\/api.w.org\/{rel}","templated":true}]}}