{"id":7742,"date":"2024-03-12T10:24:57","date_gmt":"2024-03-12T10:24:57","guid":{"rendered":"https:\/\/www.upo.es\/patio-colorado\/?p=7742"},"modified":"2024-03-12T10:24:57","modified_gmt":"2024-03-12T10:24:57","slug":"el-carnaval-de-cadiz","status":"publish","type":"post","link":"https:\/\/www.upo.es\/patio-colorado\/2024\/03\/12\/el-carnaval-de-cadiz\/","title":{"rendered":"El Carnaval de C\u00e1diz"},"content":{"rendered":"<p>El carnaval en general es una fiesta a nivel mundial ya qu\u00e9 muchos pa\u00edses participan en esta, aunque sea de distintas formas. Ciudades tan conocidas de Alemania como D\u00fcsseldorf o K\u00f6ln (Colonia) celebran el carnaval desde noviembre a febrero para disfrazarse, beber y disfrutar. Sin embargo, no tiene nada que ver con los distintos carnavales que tenemos en Espa\u00f1a.<\/p>\n<p>Siempre existe una gran rivalidad entre Badajoz, C\u00e1diz y Canarias, para llevarse el t\u00edtulo de <em>El mejor carnaval de Espa\u00f1a<\/em>. Todos tienen sus particularidades y ninguno es completamente id\u00e9ntico al resto, pero todos tienen su propia belleza.<\/p>\n<p>No obstante, aqu\u00ed vamos a tratar sobre el Carnaval de C\u00e1diz, el que se podr\u00eda considerar el origen de esta festividad en Espa\u00f1a. Tiene mucha historia detr\u00e1s de s\u00ed, y no solo es una excusa m\u00e1s para poder faltar a clase. Es en el Renacimiento cuando comienza a tener un renombre, cuando en C\u00e1diz comenzaron a recolectar las costumbres de los mercaderes que llegaban a Venecia.<\/p>\n<p>Es una fiesta pagana ya que tiene que ver con la Cuaresma, pero no a favor de ella, sino todo lo contrario. Era como la forma de escapar de los cuarenta d\u00edas que le esperaban, donde la moral cristiana era la \u00fanica posibilidad. Antes de que empezara la Cuaresma cristiana se dedicaban a dar pie a cualquier apetito sexual, inmoral, deseo carnal, extravagancia\u2026 porque el cristianismo lo frenar\u00eda acto seguido.<\/p>\n<p>En C\u00e1diz, el carnaval era una forma de soltar la bilis por la boca, y expresar todo sin ning\u00fan tipo de castigo. Esto se ve en las distintas agrupaciones que se unen en el Teatro Falla, en el concurso del COAC de comparsas, chirigotas y coros. Es una forma de expresarse de una forma r\u00edtmica para hacer reir y concienciar al p\u00fablico gaditano, y tambi\u00e9n nacional.<\/p>\n<p>Esto va acompa\u00f1ado de disfraces, actos gastron\u00f3micos, concursos, las agrupaciones ilegales que van por las calles de C\u00e1diz, carnaval infantil, los pregones, m\u00fasica&#8230; en general mucho arte. Es por eso que a d\u00eda de hoy es considerado Patrimonio de la Humanidad.<\/p>\n","protected":false},"excerpt":{"rendered":"<p>El carnaval en general es una fiesta a nivel mundial ya qu\u00e9 muchos pa\u00edses participan en esta, aunque sea de distintas formas. Ciudades tan conocidas de Alemania como D\u00fcsseldorf o K\u00f6ln (Colonia) celebran el carnaval desde noviembre a febrero para disfrazarse, beber y disfrutar. Sin embargo, no tiene nada que ver con los distintos carnavales [&hellip;]<\/p>\n","protected":false},"author":131,"featured_media":0,"comment_status":"open","ping_status":"open","sticky":false,"template":"","format":"standard","meta":{"_acf_changed":false,"_monsterinsights_skip_tracking":false,"_monsterinsights_sitenote_active":false,"_monsterinsights_sitenote_note":"","_monsterinsights_sitenote_category":0,"footnotes":""},"categories":[302,35],"tags":[],"class_list":["post-7742","post","type-post","status-publish","format-standard","hentry","category-cadiz","category-fiestas-tradiciones"],"blocksy_meta":[],"acf":[],"jetpack_featured_media_url":"","_links":{"self":[{"href":"https:\/\/www.upo.es\/patio-colorado\/wp-json\/wp\/v2\/posts\/7742","targetHints":{"allow":["GET"]}}],"collection":[{"href":"https:\/\/www.upo.es\/patio-colorado\/wp-json\/wp\/v2\/posts"}],"about":[{"href":"https:\/\/www.upo.es\/patio-colorado\/wp-json\/wp\/v2\/types\/post"}],"author":[{"embeddable":true,"href":"https:\/\/www.upo.es\/patio-colorado\/wp-json\/wp\/v2\/users\/131"}],"replies":[{"embeddable":true,"href":"https:\/\/www.upo.es\/patio-colorado\/wp-json\/wp\/v2\/comments?post=7742"}],"version-history":[{"count":1,"href":"https:\/\/www.upo.es\/patio-colorado\/wp-json\/wp\/v2\/posts\/7742\/revisions"}],"predecessor-version":[{"id":7743,"href":"https:\/\/www.upo.es\/patio-colorado\/wp-json\/wp\/v2\/posts\/7742\/revisions\/7743"}],"wp:attachment":[{"href":"https:\/\/www.upo.es\/patio-colorado\/wp-json\/wp\/v2\/media?parent=7742"}],"wp:term":[{"taxonomy":"category","embeddable":true,"href":"https:\/\/www.upo.es\/patio-colorado\/wp-json\/wp\/v2\/categories?post=7742"},{"taxonomy":"post_tag","embeddable":true,"href":"https:\/\/www.upo.es\/patio-colorado\/wp-json\/wp\/v2\/tags?post=7742"}],"curies":[{"name":"wp","href":"https:\/\/api.w.org\/{rel}","templated":true}]}}