{"id":7796,"date":"2024-03-18T17:49:56","date_gmt":"2024-03-18T17:49:56","guid":{"rendered":"https:\/\/www.upo.es\/patio-colorado\/?p=7796"},"modified":"2024-03-18T17:51:15","modified_gmt":"2024-03-18T17:51:15","slug":"lo-que-la-arqueologia-esconde-en-las-navas-de-tolosa","status":"publish","type":"post","link":"https:\/\/www.upo.es\/patio-colorado\/2024\/03\/18\/lo-que-la-arqueologia-esconde-en-las-navas-de-tolosa\/","title":{"rendered":"Lo que la arqueolog\u00eda esconde en las Navas de Tolosa"},"content":{"rendered":"<p>Reescribiendo la historia del Parque Natural de Despe\u00f1aperros, descubrimos un escenario que narra episodios de coraje y luchas pasadas. Las ruinas del castillo de Castro Ferral ofrecen una vista al sur que cautiva por su hermosura, realzada por la brisa que lleva consigo relatos antiguos. En estas tierras, hace ochocientos a\u00f1os, se desarroll\u00f3 una batalla medieval de gran envergadura que marc\u00f3 profundamente la historia de Espa\u00f1a. En este lugar, el ej\u00e9rcito de Alfonso VIII, rey de Castilla, confront\u00f3 a las fuerzas musulmanas del califa almohade al-Nasir en un enfrentamiento \u00e9pico, descrito por cronistas de la \u00e9poca como sin igual en la pen\u00ednsula.<\/p>\n<p>Hoy en d\u00eda, las ruinas del castillo son los \u00faltimos vestigios de aquel tiempo de guerra. Situado estrat\u00e9gicamente en la Sierra Morena, el castillo fue clave antes de la batalla. A pesar del peligro de colapso, estas estructuras a\u00fan guardan secretos enterrados, listos para ser revelados. El Proyecto Navas de Tolosa, encabezado por arque\u00f3logos de la Universidad de Ja\u00e9n, est\u00e1 desvelando los misterios de aquel evento crucial. Cada descubrimiento, desde artefactos b\u00e9licos hasta restos de armaduras, contribuye a reconstruir la historia de la batalla y su contexto.<\/p>\n<p>La arqueolog\u00eda est\u00e1 iluminando aspectos desconocidos sobre las Navas de Tolosa. Por primera vez, se estudia esta batalla con el detalle y la perspectiva que merece, aplicando t\u00e9cnicas modernas de arqueolog\u00eda del conflicto. Estos hallazgos no solo sacian nuestra curiosidad hist\u00f3rica; nos brindan una perspectiva \u00fanica para entender los sucesos que formaron nuestro pasado.<\/p>\n<p>La batalla de Las Navas de Tolosa, librada el 16 de julio de 1212, es frecuentemente recordada como un punto de inflexi\u00f3n en la Reconquista espa\u00f1ola contra los moros. Sin embargo, recientes descubrimientos arqueol\u00f3gicos sugieren que, aunque fue una victoria significativa para las fuerzas cristianas, su impacto en el curso de la historia puede haber sido menos decisivo de lo que se pensaba tradicionalmente.<\/p>\n<p>Los hallazgos en el sitio de la batalla, ubicado en la actual provincia de Ja\u00e9n, han revelado una gran cantidad de informaci\u00f3n sobre las t\u00e1cticas militares, las armas utilizadas y la composici\u00f3n de las fuerzas en conflicto. Estos datos arqueol\u00f3gicos ofrecen una nueva perspectiva sobre la complejidad del enfrentamiento y las circunstancias que rodearon la victoria cristiana.<\/p>\n<p>Uno de los aspectos m\u00e1s destacados es el descubrimiento de artefactos que indican una presencia significativa de combatientes no peninsulares en ambos lados del conflicto. Esto sugiere que Las Navas de Tolosa no fue solo un enfrentamiento entre moros y cristianos locales, sino tambi\u00e9n un episodio m\u00e1s amplio en las cruzadas mediterr\u00e1neas que atrajeron a combatientes de toda Europa y el norte de \u00c1frica. Adem\u00e1s, el an\u00e1lisis detallado de los restos humanos ha permitido a los investigadores reconstruir el perfil demogr\u00e1fico y la salud general de los soldados.<\/p>\n<p>Sorprendentemente, se ha encontrado que muchos combatientes sufrieron de malnutrici\u00f3n y enfermedades, lo que plantea preguntas sobre la preparaci\u00f3n y las condiciones previas a la batalla. A pesar del triunfo cristiano en Las Navas de Tolosa, los estudios arqueol\u00f3gicos han demostrado que no result\u00f3 en un colapso inmediato del poder musulm\u00e1n en la pen\u00ednsula ib\u00e9rica.<\/p>\n<p>Las fortificaciones musulmanas continuaron resistiendo durante d\u00e9cadas despu\u00e9s del enfrentamiento, y algunas regiones permanecieron bajo control isl\u00e1mico hasta la ca\u00edda del Reino de Granada en 1492. En conclusi\u00f3n, mientras que la batalla de Las Navas de Tolosa sigue siendo un evento emblem\u00e1tico en la historia espa\u00f1ola, la arqueolog\u00eda est\u00e1 desentra\u00f1ando una narrativa m\u00e1s matizada que desaf\u00eda su reputaci\u00f3n como un golpe definitivo contra los moros.<\/p>\n<p>Este an\u00e1lisis m\u00e1s profundo no solo enriquece nuestra comprensi\u00f3n del pasado sino que tambi\u00e9n nos recuerda la importancia de revisitar y reevaluar los eventos hist\u00f3ricos a la luz de nuevas evidencias.<\/p>\n<p>Noticia sacada de: <a href=\"https:\/\/www.elespanol.com\/historia\/20240312\/navas-tolosa-arqueologia-revela-batalla-excepcional-no-decisiva\/838916133_0.html\">Las Navas de Tolosa: lo que la arqueolog\u00eda revela de una batalla excepcional, pero no tan decisiva (elespanol.com)<\/a><\/p>\n","protected":false},"excerpt":{"rendered":"<p>Reescribiendo la historia del Parque Natural de Despe\u00f1aperros, descubrimos un escenario que narra episodios de coraje y luchas pasadas. Las ruinas del castillo de Castro Ferral ofrecen una vista al sur que cautiva por su hermosura, realzada por la brisa que lleva consigo relatos antiguos. En estas tierras, hace ochocientos a\u00f1os, se desarroll\u00f3 una batalla [&hellip;]<\/p>\n","protected":false},"author":149,"featured_media":0,"comment_status":"open","ping_status":"open","sticky":false,"template":"","format":"standard","meta":{"_acf_changed":false,"_monsterinsights_skip_tracking":false,"_monsterinsights_sitenote_active":false,"_monsterinsights_sitenote_note":"","_monsterinsights_sitenote_category":0,"footnotes":""},"categories":[45,1,46],"tags":[],"class_list":["post-7796","post","type-post","status-publish","format-standard","hentry","category-boletin-colorao","category-sin-categoria","category-en-la-prensa"],"blocksy_meta":[],"acf":[],"jetpack_featured_media_url":"","_links":{"self":[{"href":"https:\/\/www.upo.es\/patio-colorado\/wp-json\/wp\/v2\/posts\/7796","targetHints":{"allow":["GET"]}}],"collection":[{"href":"https:\/\/www.upo.es\/patio-colorado\/wp-json\/wp\/v2\/posts"}],"about":[{"href":"https:\/\/www.upo.es\/patio-colorado\/wp-json\/wp\/v2\/types\/post"}],"author":[{"embeddable":true,"href":"https:\/\/www.upo.es\/patio-colorado\/wp-json\/wp\/v2\/users\/149"}],"replies":[{"embeddable":true,"href":"https:\/\/www.upo.es\/patio-colorado\/wp-json\/wp\/v2\/comments?post=7796"}],"version-history":[{"count":2,"href":"https:\/\/www.upo.es\/patio-colorado\/wp-json\/wp\/v2\/posts\/7796\/revisions"}],"predecessor-version":[{"id":7798,"href":"https:\/\/www.upo.es\/patio-colorado\/wp-json\/wp\/v2\/posts\/7796\/revisions\/7798"}],"wp:attachment":[{"href":"https:\/\/www.upo.es\/patio-colorado\/wp-json\/wp\/v2\/media?parent=7796"}],"wp:term":[{"taxonomy":"category","embeddable":true,"href":"https:\/\/www.upo.es\/patio-colorado\/wp-json\/wp\/v2\/categories?post=7796"},{"taxonomy":"post_tag","embeddable":true,"href":"https:\/\/www.upo.es\/patio-colorado\/wp-json\/wp\/v2\/tags?post=7796"}],"curies":[{"name":"wp","href":"https:\/\/api.w.org\/{rel}","templated":true}]}}