{"id":7807,"date":"2024-03-19T12:05:10","date_gmt":"2024-03-19T12:05:10","guid":{"rendered":"https:\/\/www.upo.es\/patio-colorado\/?p=7807"},"modified":"2024-04-03T09:07:40","modified_gmt":"2024-04-03T09:07:40","slug":"el-proyecto-vestigium-2","status":"publish","type":"post","link":"https:\/\/www.upo.es\/patio-colorado\/2024\/03\/19\/el-proyecto-vestigium-2\/","title":{"rendered":"El proyecto Vestigium"},"content":{"rendered":"<p>La historia de C\u00e1diz est\u00e1 estrechamente ligada a sus restos arqueol\u00f3gicos submarinos que revelan la importancia de la ciudad y toda la historia como centro naval y comercial durante la antig\u00fcedad. C\u00e1diz est\u00e1 ubicada en el suroeste de Espa\u00f1a justo en la costa atl\u00e1ntica.<\/p>\n<p>En la antig\u00fcedad C\u00e1diz era un destacado puerto comercial, y eso se puede ver gracias a los restos de barcos fenicios y romanos. Estos naufragios dan mucha informaci\u00f3n vistosa sobre las rutas comerciales, lo que vend\u00edan en los mercados y los tipos de embarcaciones.<\/p>\n<p>Sin embargo, no es lo \u00fanico que puedes encontrar ah\u00ed, sino que tambi\u00e9n hay restos de embarcaciones medievales y modernas cerca de C\u00e1diz, siendo una fuente evidente de informaci\u00f3n para conocer todas las culturas que se concentraron en C\u00e1diz y alrededores. Son una ventana fascinante al pasado naval y comercial de la ciudad, son testigos silenciosos de su rica historia mar\u00edtima.<\/p>\n<p>Es por todo esto que el Centro de Arqueolog\u00eda Subacu\u00e1tica (CAS) del IAPH ha desarrollado un proyecto con el nombre de <em>Vestigium<\/em>, con el que pretenden ahondar m\u00e1s en las investigaciones para conservar los restos arqueol\u00f3gicos que est\u00e1n inmersos en las aguas de la zona. Estas zonas son testigos del patrimonio cultural que tenemos situadas entre el mar y la tierra, que la mayor\u00eda del tiempo pasa desapercibido. Tienen como meta, la investigaci\u00f3n de esta zona para as\u00ed obtener m\u00e1s reconocimiento ante el mundo, ya que es algo muy valioso que no solemos valorar porque lo tenemos en nuestra vida diaria.<\/p>\n<p>El t\u00e9rmino <em>Vestigium<\/em> hace referencia a la b\u00fasqueda de los rastros o indicios que quedan del pasado en estas \u00e1reas entre el mar y la tierra, donde los vestigios arqueol\u00f3gicos est\u00e1n semienterrados entre lodos y arenas. Estos vestigios suelen ser dif\u00edciles de detectar debido al flujo del agua y al cambio constante de las mareas, lo que hace que su estudio sea un desaf\u00edo arqueol\u00f3gico \u00fanico.<\/p>\n<p>Obviamente, la preservaci\u00f3n de estas zonas est\u00e1 a la orden del d\u00eda en el proyecto. Mediante actividades divulgativas, tales como exposiciones, conferencias\u2026, pretenden concienciar y fomentar el respeto hacia el patrimonio para seguir descubriendo cosas y poder disfrutar de ellas.<\/p>\n","protected":false},"excerpt":{"rendered":"<p>La historia de C\u00e1diz est\u00e1 estrechamente ligada a sus restos arqueol\u00f3gicos submarinos que revelan la importancia de la ciudad y toda la historia como centro naval y comercial durante la antig\u00fcedad. C\u00e1diz est\u00e1 ubicada en el suroeste de Espa\u00f1a justo en la costa atl\u00e1ntica. En la antig\u00fcedad C\u00e1diz era un destacado puerto comercial, y eso [&hellip;]<\/p>\n","protected":false},"author":131,"featured_media":0,"comment_status":"open","ping_status":"open","sticky":false,"template":"","format":"standard","meta":{"_acf_changed":false,"_monsterinsights_skip_tracking":false,"_monsterinsights_sitenote_active":false,"_monsterinsights_sitenote_note":"","_monsterinsights_sitenote_category":0,"footnotes":""},"categories":[302,166],"tags":[],"class_list":["post-7807","post","type-post","status-publish","format-standard","hentry","category-cadiz","category-historia-arqueologia"],"blocksy_meta":[],"acf":[],"jetpack_featured_media_url":"","_links":{"self":[{"href":"https:\/\/www.upo.es\/patio-colorado\/wp-json\/wp\/v2\/posts\/7807","targetHints":{"allow":["GET"]}}],"collection":[{"href":"https:\/\/www.upo.es\/patio-colorado\/wp-json\/wp\/v2\/posts"}],"about":[{"href":"https:\/\/www.upo.es\/patio-colorado\/wp-json\/wp\/v2\/types\/post"}],"author":[{"embeddable":true,"href":"https:\/\/www.upo.es\/patio-colorado\/wp-json\/wp\/v2\/users\/131"}],"replies":[{"embeddable":true,"href":"https:\/\/www.upo.es\/patio-colorado\/wp-json\/wp\/v2\/comments?post=7807"}],"version-history":[{"count":1,"href":"https:\/\/www.upo.es\/patio-colorado\/wp-json\/wp\/v2\/posts\/7807\/revisions"}],"predecessor-version":[{"id":7808,"href":"https:\/\/www.upo.es\/patio-colorado\/wp-json\/wp\/v2\/posts\/7807\/revisions\/7808"}],"wp:attachment":[{"href":"https:\/\/www.upo.es\/patio-colorado\/wp-json\/wp\/v2\/media?parent=7807"}],"wp:term":[{"taxonomy":"category","embeddable":true,"href":"https:\/\/www.upo.es\/patio-colorado\/wp-json\/wp\/v2\/categories?post=7807"},{"taxonomy":"post_tag","embeddable":true,"href":"https:\/\/www.upo.es\/patio-colorado\/wp-json\/wp\/v2\/tags?post=7807"}],"curies":[{"name":"wp","href":"https:\/\/api.w.org\/{rel}","templated":true}]}}