{"id":7809,"date":"2024-03-19T15:24:01","date_gmt":"2024-03-19T15:24:01","guid":{"rendered":"https:\/\/www.upo.es\/patio-colorado\/?p=7809"},"modified":"2024-03-19T15:24:01","modified_gmt":"2024-03-19T15:24:01","slug":"kansas-city-en-sevilla","status":"publish","type":"post","link":"https:\/\/www.upo.es\/patio-colorado\/2024\/03\/19\/kansas-city-en-sevilla\/","title":{"rendered":"Kansas City en Sevilla"},"content":{"rendered":"<p>Toda persona que ha tenido que coger un tren en Santa Justa ha tenido que escuchar de la <em>avenida de<\/em> <em>Kansas City<\/em> en Sevilla. Es una de las avenidas m\u00e1s transitadas de Sevilla, pero \u00bfconoces la historia que hay detr\u00e1s de ese nombre?<\/p>\n<p>Esa avenida antes ten\u00eda el nombre de <em>autopista de San Pablo<\/em>, pero a lo largo de los \u00faltimos 53 a\u00f1os Sevilla y Kansas City han tenido una relaci\u00f3n muy estrecha. Gracias al arte y a la arquitectura, estas dos ciudades conectaron y crearon una conexi\u00f3n reflejada en algunos gui\u00f1os en cada ciudad.<\/p>\n<p>En el siglo XX el arquitecto Edward Buehler Delk visito Sevilla en busca de inspiraci\u00f3n para la creaci\u00f3n de un centro comercial con toques del estilo espa\u00f1ol y mexicano. Al principio estuvo viajando por M\u00e9xico para empaparse de su cultura y arte, pero al llegar a Sevilla no tuvo dudas, quer\u00eda que su proyecto tuviese un poco de ese arte.<\/p>\n<p>Es por eso por lo que el centro comercial <em>Country Club Plaza <\/em>mantiene esa est\u00e9tica sevillana gracias a una r\u00e9plica muy fiel de la Giralda y la Plaza de la Virgen de los Reyes, dos importantes emblemas de la ciudad andaluza.<\/p>\n<p>El arquitecto muri\u00f3 a sus 50 a\u00f1os, pero su hijo mantuvo su proyecto y su legado. Esto vino en el mejor momento porque cuando consigui\u00f3 realizar el deseo de su padre, se cre\u00f3 el <em>Sisters Cities International<\/em>. Esto era un programa que buscaba fomentar la amistad entre ciudades de todo el mundo, siendo Sevilla la primera que se hermano con Kansas City.<\/p>\n<p>La Exposici\u00f3n Universal de Sevilla en 1992 fue otro punto culminante en la relaci\u00f3n entre ambas ciudades. Kansas City desempe\u00f1\u00f3 un papel destacado en el pabell\u00f3n de los Estados Unidos, lo que ayud\u00f3 a fortalecer a\u00fan m\u00e1s los lazos entre Sevilla y Kansas City y a promover la ciudad estadounidense como destino tur\u00edstico y comercial.<\/p>\n<p>A pesar de los altibajos que puedan haber experimentado a lo largo del tiempo, la relaci\u00f3n entre Sevilla y Kansas City sigue siendo s\u00f3lida y fruct\u00edfera. Ambas ciudades contin\u00faan colaborando en proyectos conjuntos y compartiendo experiencias, lo que refuerza su v\u00ednculo y enriquece su relaci\u00f3n bilateral. Esta conexi\u00f3n especial entre Sevilla y Kansas City es un ejemplo de c\u00f3mo las ciudades pueden unirse para promover la amistad, la cooperaci\u00f3n y el entendimiento mutuo.<\/p>\n","protected":false},"excerpt":{"rendered":"<p>Toda persona que ha tenido que coger un tren en Santa Justa ha tenido que escuchar de la avenida de Kansas City en Sevilla. Es una de las avenidas m\u00e1s transitadas de Sevilla, pero \u00bfconoces la historia que hay detr\u00e1s de ese nombre? Esa avenida antes ten\u00eda el nombre de autopista de San Pablo, pero [&hellip;]<\/p>\n","protected":false},"author":131,"featured_media":0,"comment_status":"open","ping_status":"open","sticky":false,"template":"","format":"standard","meta":{"_acf_changed":false,"_monsterinsights_skip_tracking":false,"_monsterinsights_sitenote_active":false,"_monsterinsights_sitenote_note":"","_monsterinsights_sitenote_category":0,"footnotes":""},"categories":[403,301],"tags":[],"class_list":["post-7809","post","type-post","status-publish","format-standard","hentry","category-historias-y-mucho-mas","category-sevilla"],"blocksy_meta":[],"acf":[],"jetpack_featured_media_url":"","_links":{"self":[{"href":"https:\/\/www.upo.es\/patio-colorado\/wp-json\/wp\/v2\/posts\/7809","targetHints":{"allow":["GET"]}}],"collection":[{"href":"https:\/\/www.upo.es\/patio-colorado\/wp-json\/wp\/v2\/posts"}],"about":[{"href":"https:\/\/www.upo.es\/patio-colorado\/wp-json\/wp\/v2\/types\/post"}],"author":[{"embeddable":true,"href":"https:\/\/www.upo.es\/patio-colorado\/wp-json\/wp\/v2\/users\/131"}],"replies":[{"embeddable":true,"href":"https:\/\/www.upo.es\/patio-colorado\/wp-json\/wp\/v2\/comments?post=7809"}],"version-history":[{"count":1,"href":"https:\/\/www.upo.es\/patio-colorado\/wp-json\/wp\/v2\/posts\/7809\/revisions"}],"predecessor-version":[{"id":7810,"href":"https:\/\/www.upo.es\/patio-colorado\/wp-json\/wp\/v2\/posts\/7809\/revisions\/7810"}],"wp:attachment":[{"href":"https:\/\/www.upo.es\/patio-colorado\/wp-json\/wp\/v2\/media?parent=7809"}],"wp:term":[{"taxonomy":"category","embeddable":true,"href":"https:\/\/www.upo.es\/patio-colorado\/wp-json\/wp\/v2\/categories?post=7809"},{"taxonomy":"post_tag","embeddable":true,"href":"https:\/\/www.upo.es\/patio-colorado\/wp-json\/wp\/v2\/tags?post=7809"}],"curies":[{"name":"wp","href":"https:\/\/api.w.org\/{rel}","templated":true}]}}