{"id":7837,"date":"2024-03-24T11:06:25","date_gmt":"2024-03-24T11:06:25","guid":{"rendered":"https:\/\/www.upo.es\/patio-colorado\/?p=7837"},"modified":"2024-03-24T11:06:25","modified_gmt":"2024-03-24T11:06:25","slug":"donde-se-encuentran-el-patrimonio-cultural-y-material","status":"publish","type":"post","link":"https:\/\/www.upo.es\/patio-colorado\/2024\/03\/24\/donde-se-encuentran-el-patrimonio-cultural-y-material\/","title":{"rendered":"Donde se encuentran el patrimonio cultural y material"},"content":{"rendered":"<p><span style=\"font-weight: 400\">No son pocos los eventos se\u00f1alados en esta \u00e9poca en Sevilla. La primavera se abre paso y, entre el olor a azahar y los patitos que aprenden a nadar por el parque Maria Luisa, los sevillanos celebran y se preparan para celebrar dos de las semanas m\u00e1s significativas de su cultura local: Semana Santa y la Feria de Abril.\u00a0<\/span><\/p>\n<p><span style=\"font-weight: 400\">Oficialmente ya podemos decir que la Semana Santa ha comenzado, y con ella toda una serie de debates. Ya hace unos meses vimos c\u00f3mo el anuncio del propio cartel de la Semana Santa de Sevilla para este 2024 inici\u00f3 una pelea que se extendi\u00f3 por todo el pa\u00eds. Hoy no estamos aqu\u00ed para hablar de ello, sino de uno de los acontecimientos que se da cada a\u00f1o por estas fechas y que lleva siempre a la misma discusi\u00f3n sobre el patrimonio. Me refiero a la salida del palio de la Hermandad de San Esteban (Virgen de los Desamparados).<\/span><\/p>\n<p><span style=\"font-weight: 400\">Como cada a\u00f1o, esta hermandad sale a procesionar el Martes Santo desde la Iglesia de San Esteban protom\u00e1rtir por la portada de la calle hom\u00f3nima. Esta portada, que data del siglo XV, destaca por su estructura ojival abocinada, pero especialmente por los dientes que decoran su intrad\u00f3s (parte interna del arco). Lo llamativo de esta salida es, pues, c\u00f3mo los costaleros intentan que el palio de la Virgen<\/span><b> no choque<\/b><span style=\"font-weight: 400\"> con ninguno de estos dientes. Claro que esta tarea es sumamente delicada y han sido varias las ocasiones en las que el pali<\/span><span>o ha golpeado y da<\/span>\u00f1ado la portada.<\/p>\n<p><img loading=\"lazy\" decoding=\"async\" class=\"size-medium wp-image-7838 alignnone\" src=\"https:\/\/www.upo.es\/patio-colorado\/wp-content\/uploads\/2024\/03\/Fs4AlHlWAAAskHu-200x300.jpg\" alt=\"\" width=\"200\" height=\"300\" srcset=\"https:\/\/www.upo.es\/patio-colorado\/wp-content\/uploads\/2024\/03\/Fs4AlHlWAAAskHu-200x300.jpg 200w, https:\/\/www.upo.es\/patio-colorado\/wp-content\/uploads\/2024\/03\/Fs4AlHlWAAAskHu-683x1024.jpg 683w, https:\/\/www.upo.es\/patio-colorado\/wp-content\/uploads\/2024\/03\/Fs4AlHlWAAAskHu.jpg 699w\" sizes=\"auto, (max-width: 200px) 100vw, 200px\" \/><span style=\"color: #808080\">Tom\u00e1s Quifes(2023). \u00a1El milagro de la Puerta Carmona!<\/span><\/p>\n<p><span style=\"font-weight: 400\">Ah\u00ed se abre la discusi\u00f3n. Por un lado tenemos a quienes defienden que el patrimonio material debe ser defendido y protegido evitando cualquier da\u00f1o que pueda sufrir. Por otro lado, hay quienes ponen en valor tambi\u00e9n el patrimonio cultural que supone la Semana Santa en general y esta salida en pa<\/span><span style=\"font-weight: 400\">rticular. Y es que, \u00bfhasta qu\u00e9 punto la antig\u00fcedad debe dar prevalencia?\u00bfC\u00f3mo medimos qu\u00e9 es y qu\u00e9 no patrimonio?\u00a0<\/span><\/p>\n<p><span style=\"font-weight: 400\">Si bien la conservaci\u00f3n del patrimonio arquitect\u00f3nico es esencial, no se trata tampoco de dejarlo reposar en total desuso. Podr\u00edamos interpretar las marcas en la piedra (que no suponen un da\u00f1o mayor a la estructura) como cicatrices que acaban convirti\u00e9ndola en arquitectura viva. Y podr\u00edamos hablar tambi\u00e9n de la conjunci\u00f3n de dos objetos culturales <\/span><b>centenarios<\/b><span style=\"font-weight: 400\"> que se unen activamente en el presente y se enriquecen mutuamente.<\/span><\/p>\n<p><span style=\"font-weight: 400\">Y t\u00fa, lector, \u00bfopinas que se deber\u00eda imponer el patrimonio material sobre el cultural o viceversa?<\/span><\/p>\n","protected":false},"excerpt":{"rendered":"<p>No son pocos los eventos se\u00f1alados en esta \u00e9poca en Sevilla. La primavera se abre paso y, entre el olor a azahar y los patitos que aprenden a nadar por el parque Maria Luisa, los sevillanos celebran y se preparan para celebrar dos de las semanas m\u00e1s significativas de su cultura local: Semana Santa y [&hellip;]<\/p>\n","protected":false},"author":129,"featured_media":7838,"comment_status":"open","ping_status":"open","sticky":false,"template":"","format":"standard","meta":{"_acf_changed":false,"_monsterinsights_skip_tracking":false,"_monsterinsights_sitenote_active":false,"_monsterinsights_sitenote_note":"","_monsterinsights_sitenote_category":0,"footnotes":""},"categories":[1,35,171,301],"tags":[346,59,1035,6],"class_list":["post-7837","post","type-post","status-publish","format-standard","has-post-thumbnail","hentry","category-sin-categoria","category-fiestas-tradiciones","category-opinion","category-sevilla","tag-patrimoniocultural","tag-semanasanta","tag-conservacion-del-patrimonio","tag-sevilla"],"blocksy_meta":[],"acf":[],"jetpack_featured_media_url":"https:\/\/www.upo.es\/patio-colorado\/wp-content\/uploads\/2024\/03\/Fs4AlHlWAAAskHu.jpg","_links":{"self":[{"href":"https:\/\/www.upo.es\/patio-colorado\/wp-json\/wp\/v2\/posts\/7837","targetHints":{"allow":["GET"]}}],"collection":[{"href":"https:\/\/www.upo.es\/patio-colorado\/wp-json\/wp\/v2\/posts"}],"about":[{"href":"https:\/\/www.upo.es\/patio-colorado\/wp-json\/wp\/v2\/types\/post"}],"author":[{"embeddable":true,"href":"https:\/\/www.upo.es\/patio-colorado\/wp-json\/wp\/v2\/users\/129"}],"replies":[{"embeddable":true,"href":"https:\/\/www.upo.es\/patio-colorado\/wp-json\/wp\/v2\/comments?post=7837"}],"version-history":[{"count":2,"href":"https:\/\/www.upo.es\/patio-colorado\/wp-json\/wp\/v2\/posts\/7837\/revisions"}],"predecessor-version":[{"id":7840,"href":"https:\/\/www.upo.es\/patio-colorado\/wp-json\/wp\/v2\/posts\/7837\/revisions\/7840"}],"wp:featuredmedia":[{"embeddable":true,"href":"https:\/\/www.upo.es\/patio-colorado\/wp-json\/wp\/v2\/media\/7838"}],"wp:attachment":[{"href":"https:\/\/www.upo.es\/patio-colorado\/wp-json\/wp\/v2\/media?parent=7837"}],"wp:term":[{"taxonomy":"category","embeddable":true,"href":"https:\/\/www.upo.es\/patio-colorado\/wp-json\/wp\/v2\/categories?post=7837"},{"taxonomy":"post_tag","embeddable":true,"href":"https:\/\/www.upo.es\/patio-colorado\/wp-json\/wp\/v2\/tags?post=7837"}],"curies":[{"name":"wp","href":"https:\/\/api.w.org\/{rel}","templated":true}]}}