{"id":7841,"date":"2024-03-26T10:40:31","date_gmt":"2024-03-26T10:40:31","guid":{"rendered":"https:\/\/www.upo.es\/patio-colorado\/?p=7841"},"modified":"2024-03-26T10:40:31","modified_gmt":"2024-03-26T10:40:31","slug":"andalucia-cruzando-fronteras","status":"publish","type":"post","link":"https:\/\/www.upo.es\/patio-colorado\/2024\/03\/26\/andalucia-cruzando-fronteras\/","title":{"rendered":"Andaluc\u00eda cruzando fronteras"},"content":{"rendered":"<p><span style=\"font-weight: 400\">En los tiempos que corren, no es descabellado que los j\u00f3venes (y no tan j\u00f3venes) se tengan que marchar de Espa\u00f1a al extranjero en b\u00fasqueda de algo mejor, o de un futuro en el que se puedan dedicar a su verdadera vocaci\u00f3n sin perder la cabeza en el intento. En el \u00e1mbito del arte esto no es extra\u00f1o, pues cada vez son m\u00e1s los que se marchan con la idea de aprender de otros lugares del mundo y cada vez son m\u00e1s los que triunfan m\u00e1s all\u00e1 de nuestras fronteras, mientras que aqu\u00ed no son tan conocidos por el p\u00fablico local.<\/span><\/p>\n<p><span style=\"font-weight: 400\">En este art\u00edculo vamos a hablar de artistas, pintores en su mayor\u00eda, andaluces, que han conocido el \u00e9xito en el panorama internacional. Hay que tener en mente algo muy bonito que dice Seleka Mu\u00f1oz (artista sevillana) y es que \u00abAndaluc\u00eda es tierra de pintores\u00bb y tenemos que portar nuestra herencia con orgullo.<\/span><\/p>\n<p><span style=\"font-weight: 400\">1. Javier Calleja<\/span><\/p>\n<p><span style=\"font-weight: 400\">Si est\u00e1is adentrados en el mundo del arte, su nombre no os resultar\u00e1 extra\u00f1o. Pintor malague\u00f1o nacido en 1971, alcanz\u00f3 el punto de inflexi\u00f3n de su carrera en el a\u00f1o 2017 cuando expuso por primera vez en Hong Kong, d\u00f3nde vendi\u00f3 todas sus obras una semana antes de inaugurar la exposici\u00f3n. Javier Calleja es un artista figurativo que destaca por la representaci\u00f3n de personajes con ojos muy grandes y proporciones exageradas.\u00a0<\/span><\/p>\n<p><span style=\"font-weight: 400\">\u00abNo es m\u00e1s grande lo que m\u00e1s espacio ocupa, sino lo que m\u00e1s espacio llena\u00bb, afirma Javier Calleja.<\/span><\/p>\n<p><span style=\"font-weight: 400\">2. Ana Barriga<\/span><\/p>\n<p><span style=\"font-weight: 400\">Artista jerezana nacida en 1984 que ha sido nombrada la nueva reina del pop art a nivel internacional y que a d\u00eda de hoy trabaja en Madrid. Su obra est\u00e1 construida a partir de adornos infantiles, adornos y elementos cotidianos utilizados para reinventar la realidad y ficci\u00f3n, adem\u00e1s de que en su obra busca un equilibrio entre la raz\u00f3n y la emoci\u00f3n. Una de sus caracter\u00edsticas definitorias es que utiliza hashtags para dar t\u00edtulo a sus obras.\u00a0<\/span><\/p>\n<p><span style=\"font-weight: 400\">3. Cristina de Miguel<\/span><\/p>\n<p><span style=\"font-weight: 400\">Artista sevillana que ha alcanzado un gran \u00e9xito en los Estados Unidos gracias a la galer\u00eda de arte Frederick y Freiser. Su obra se inspira tanto en la pintura barroca como en las banalidades de la vida cotidiana y la intimidad. En un art\u00edculo publicado en el a\u00f1o 2021, Jose Luis Gonz\u00e1lez define su iconograf\u00eda como una representaci\u00f3n de la acci\u00f3n, la velocidad y las posibilidades de cuerpos que se funden f\u00edsicamente.<\/span><\/p>\n<p><span style=\"font-weight: 400\">4. \u00c1ngeles Agrela<\/span><\/p>\n<p><span style=\"font-weight: 400\">Artista jiennense nacida en el a\u00f1o 1966, sus trabajos destacan por la b\u00fasqueda de reconceptualizar el papel de la mujer dentro de la historia del arte. Dentro de sus obras, lo que m\u00e1s destaca es el dibujo del cabello, el cual ha sido utilizado a lo largo de la historia para representar connotaciones culturales e hist\u00f3ricas. Trata el tema de la identidad a trav\u00e9s del color, patrones y moda, lo que utiliza para cuestionar la forma en la que se ha representado a la mujer a lo largo de los siglos.\u00a0<\/span><\/p>\n<p><span style=\"font-weight: 400\">5. Mat\u00edas S\u00e1nchez<\/span><\/p>\n<p><span style=\"font-weight: 400\">Es uno de los artistas con mayor proyecci\u00f3n en Asia. Su obra ha estado caracterizada siempre por su naturaleza expresionista, y por su car\u00e1cter violento y sat\u00edrico que ha ido en contra de modas y corrientes del momento. Sin duda, se trata de una composici\u00f3n pict\u00f3rica que no deja indiferente a nadie, el estilo utilizado por Mat\u00edas S\u00e1nchez ha metabolizado el lenguaje de la cultura popular, por lo que se podr\u00eda decir que es un altavoz de nuestra sociedad.\u00a0<\/span><\/p>\n<p><span style=\"font-weight: 400\">6. Cristina Lama<\/span><\/p>\n<p><span style=\"font-weight: 400\">Para finalizar, hablamos de esta pintora sevillana nacida en el a\u00f1o 1977. Su obra tiene entre un car\u00e1cter misterioso, enigm\u00e1tico y ambiguo, atrapan la atenci\u00f3n provocando incertidumbre y dan pie a la imaginaci\u00f3n del espectador. Su obra se caracteriza por la representaci\u00f3n de seres indefinidos de confusa procedencia que pululan por escenarios indeterminados, lo que remiten a sus propias vivencias y experiencias.\u00a0\u00a0<\/span><\/p>\n<p><span style=\"font-weight: 400\">Bibliograf\u00eda<\/span><\/p>\n<p><i><span style=\"font-weight: 400\">Ana Barriga<\/span><\/i><span style=\"font-weight: 400\">. (s\/f). Birimbao.es. Recuperado el 26 de marzo de 2024, de http:\/\/birimbao.es\/portfolio_page\/ana-barriga-artista\/<\/span><\/p>\n<p><span style=\"font-weight: 400\">ARTEINFORMADO. (2014). <\/span><i><span style=\"font-weight: 400\">Mat\u00edas S\u00e1nchez. Artista | ARTEINFORMADO<\/span><\/i><span style=\"font-weight: 400\">. https:\/\/www.arteinformado.com\/guia\/f\/matias-sanchez-3319<\/span><\/p>\n<p><span style=\"font-weight: 400\">Dur\u00e1n, C. (2023, abril 19). <\/span><i><span style=\"font-weight: 400\">La generaci\u00f3n de pintores andaluces que conquista el mundo y de la que se habla menos de lo que debiera<\/span><\/i><span style=\"font-weight: 400\">. elDiario.es. https:\/\/www.eldiario.es\/andalucia\/lacajanegra\/generacion-pintores-andaluces-conquista-mundo-habla-debiera_1_10067691.html<\/span><\/p>\n<p><span style=\"font-weight: 400\">Gonz\u00e1lez, J. L. (2021, noviembre 29). <\/span><i><span style=\"font-weight: 400\">As\u00ed es Cristina de Miguel, la artista espa\u00f1ola que causa furor en Estados Unidos<\/span><\/i><span style=\"font-weight: 400\">. Architectural Digest Spain. https:\/\/www.revistaad.es\/arte\/articulos\/cristina-de-miguel-artista<\/span><\/p>\n<p><i><span style=\"font-weight: 400\">Javier Calleja<\/span><\/i><span style=\"font-weight: 400\">. (s\/f). Galer\u00eda Arte Rafael P\u00e9rez Hernando. Recuperado el 26 de marzo de 2024, de https:\/\/www.rphart.net\/artista\/javier-calleja<\/span><\/p>\n<p><i><span style=\"font-weight: 400\">Mat\u00edas S\u00e1nchez<\/span><\/i><span style=\"font-weight: 400\">. (s\/f). Veta Galeria. Recuperado el 26 de marzo de 2024, de https:\/\/vetagaleria.com\/es\/artists\/44-matias-sanchez\/<\/span><\/p>\n<p>&nbsp;<\/p>\n","protected":false},"excerpt":{"rendered":"<p>En los tiempos que corren, no es descabellado que los j\u00f3venes (y no tan j\u00f3venes) se tengan que marchar de Espa\u00f1a al extranjero en b\u00fasqueda de algo mejor, o de un futuro en el que se puedan dedicar a su verdadera vocaci\u00f3n sin perder la cabeza en el intento. En el \u00e1mbito del arte esto [&hellip;]<\/p>\n","protected":false},"author":133,"featured_media":0,"comment_status":"open","ping_status":"open","sticky":false,"template":"","format":"standard","meta":{"_acf_changed":false,"_monsterinsights_skip_tracking":false,"_monsterinsights_sitenote_active":false,"_monsterinsights_sitenote_note":"","_monsterinsights_sitenote_category":0,"footnotes":""},"categories":[45,46,44,167],"tags":[160,1036],"class_list":["post-7841","post","type-post","status-publish","format-standard","hentry","category-boletin-colorao","category-en-la-prensa","category-patrimonio","category-pintura-escultura","tag-pintura","tag-artistas-andaluces"],"blocksy_meta":[],"acf":[],"jetpack_featured_media_url":"","_links":{"self":[{"href":"https:\/\/www.upo.es\/patio-colorado\/wp-json\/wp\/v2\/posts\/7841","targetHints":{"allow":["GET"]}}],"collection":[{"href":"https:\/\/www.upo.es\/patio-colorado\/wp-json\/wp\/v2\/posts"}],"about":[{"href":"https:\/\/www.upo.es\/patio-colorado\/wp-json\/wp\/v2\/types\/post"}],"author":[{"embeddable":true,"href":"https:\/\/www.upo.es\/patio-colorado\/wp-json\/wp\/v2\/users\/133"}],"replies":[{"embeddable":true,"href":"https:\/\/www.upo.es\/patio-colorado\/wp-json\/wp\/v2\/comments?post=7841"}],"version-history":[{"count":1,"href":"https:\/\/www.upo.es\/patio-colorado\/wp-json\/wp\/v2\/posts\/7841\/revisions"}],"predecessor-version":[{"id":7842,"href":"https:\/\/www.upo.es\/patio-colorado\/wp-json\/wp\/v2\/posts\/7841\/revisions\/7842"}],"wp:attachment":[{"href":"https:\/\/www.upo.es\/patio-colorado\/wp-json\/wp\/v2\/media?parent=7841"}],"wp:term":[{"taxonomy":"category","embeddable":true,"href":"https:\/\/www.upo.es\/patio-colorado\/wp-json\/wp\/v2\/categories?post=7841"},{"taxonomy":"post_tag","embeddable":true,"href":"https:\/\/www.upo.es\/patio-colorado\/wp-json\/wp\/v2\/tags?post=7841"}],"curies":[{"name":"wp","href":"https:\/\/api.w.org\/{rel}","templated":true}]}}