{"id":7857,"date":"2024-04-01T10:11:44","date_gmt":"2024-04-01T10:11:44","guid":{"rendered":"https:\/\/www.upo.es\/patio-colorado\/?p=7857"},"modified":"2024-04-01T10:20:05","modified_gmt":"2024-04-01T10:20:05","slug":"feria-de-abril-moda-o-tradicion","status":"publish","type":"post","link":"https:\/\/www.upo.es\/patio-colorado\/2024\/04\/01\/feria-de-abril-moda-o-tradicion\/","title":{"rendered":"Feria de Abril: \u00bfmoda o tradici\u00f3n?"},"content":{"rendered":"<p><span style=\"font-weight: 400\">La Feria de Abril es uno de los eventos m\u00e1s emblem\u00e1ticos de la primavera sevillana. <\/span><span style=\"font-weight: 400\">Es una festividad que fusiona tradici\u00f3n, folclore, m\u00fasica, baile y gastronom\u00eda en un espect\u00e1culo vibrante y \u00fanico que atrae a visitantes de todo el mundo. Y es ah\u00ed donde nace el problema. Sin duda, el turismo, ligado al ferviente mundo de las redes sociales, potencia la fama de esta festividad pero, \u00bfse ha convertido la feria en un circo para <\/span><i><span style=\"font-weight: 400\">influencers <\/span><\/i><span style=\"font-weight: 400\">a quienes solo le interesan las cifras o sigue manteniendo su esencia tradicional?<\/span><\/p>\n<p><span style=\"font-weight: 400\">Para descubrirlo, no hay nada mejor que preguntar a quienes a\u00f1o tras a\u00f1o pasean por el Real entre volantes y albero: a los sevillanos. Y no a cualquier sevillano, sino a los m\u00e1s j\u00f3venes, pues conocen de primera mano la pol\u00e9mica que la moda andaluza desata en redes. Para ello, se ha encuestado a un peque\u00f1o grupo de chicas de entre 18 y 22 a\u00f1os que, de manera an\u00f3nima, nos mostrar\u00e1n qu\u00e9 significa esta arraigada tradici\u00f3n para quienes desde la cuna se colocan una flor en el pelo y se arrancan por sevillanas. Veamos a continuaci\u00f3n sus respuestas.\u00a0<\/span><\/p>\n<p><span style=\"font-weight: 400\">En primer lugar, se les pregunt\u00f3 con qu\u00e9 palabras definir\u00edan la feria y las m\u00e1s repetidas fueron: \u00abamigos\u00bb, \u00abarte\u00bb y \u00abdiversi\u00f3n\u00bb. Y, es que, la feria es mucho m\u00e1s que una simple celebraci\u00f3n, es un momento de reencuentro y convivencia para los sevillanos, que aprovechan la ocasi\u00f3n para reunirse con familiares y amigos en las casetas del Real. La feria es una \u00e9poca de orgullo y uni\u00f3n, donde se manifiesta la esencia misma de la identidad y la cultura andaluza.\u00a0<\/span><\/p>\n<p><span style=\"font-weight: 400\">Tras esbozar lo que este evento cultural simboliza para su gente, se profundiz\u00f3 en la pol\u00e9mica <\/span><i><span style=\"font-weight: 400\">redes-feria<\/span><\/i><span style=\"font-weight: 400\">, y sus respuestas fueron las siguientes:\u00a0<\/span><\/p>\n<p><b>Pregunta I: <\/b><b>\u00bfConsidera \u00abapropiaci\u00f3n cultural\u00bb la presencia masiva de influencers en la feria de Sevilla?\u00a0<\/b><\/p>\n<p><img loading=\"lazy\" decoding=\"async\" class=\"alignnone size-medium wp-image-7860\" src=\"https:\/\/www.upo.es\/patio-colorado\/wp-content\/uploads\/2024\/04\/Enc-300x180.png\" alt=\"\" width=\"300\" height=\"180\" srcset=\"https:\/\/www.upo.es\/patio-colorado\/wp-content\/uploads\/2024\/04\/Enc-300x180.png 300w, https:\/\/www.upo.es\/patio-colorado\/wp-content\/uploads\/2024\/04\/Enc-1024x615.png 1024w, https:\/\/www.upo.es\/patio-colorado\/wp-content\/uploads\/2024\/04\/Enc-768x461.png 768w, https:\/\/www.upo.es\/patio-colorado\/wp-content\/uploads\/2024\/04\/Enc.png 1362w\" sizes=\"auto, (max-width: 300px) 100vw, 300px\" \/><\/p>\n<p><b>Pregunta II: \u00bfPerjudica la actual viralizaci\u00f3n de la feria de Sevilla en redes a nuestra cultura o la fomenta?<\/b><\/p>\n<p><img loading=\"lazy\" decoding=\"async\" class=\"alignnone wp-image-7866\" src=\"https:\/\/www.upo.es\/patio-colorado\/wp-content\/uploads\/2024\/04\/EncII-2-300x113.png\" alt=\"\" width=\"472\" height=\"178\" srcset=\"https:\/\/www.upo.es\/patio-colorado\/wp-content\/uploads\/2024\/04\/EncII-2-300x113.png 300w, https:\/\/www.upo.es\/patio-colorado\/wp-content\/uploads\/2024\/04\/EncII-2-1024x385.png 1024w, https:\/\/www.upo.es\/patio-colorado\/wp-content\/uploads\/2024\/04\/EncII-2-768x289.png 768w, https:\/\/www.upo.es\/patio-colorado\/wp-content\/uploads\/2024\/04\/EncII-2-1536x577.png 1536w, https:\/\/www.upo.es\/patio-colorado\/wp-content\/uploads\/2024\/04\/EncII-2.png 1650w\" sizes=\"auto, (max-width: 472px) 100vw, 472px\" \/><\/p>\n<p><b>Pregunta III: <\/b><b>\u00bfLe parece l\u00f3gico que <\/b><b><i>influencers <\/i><\/b><b>que no son andaluzas den consejos sobre protocolo y vestimenta en la feria?<\/b><\/p>\n<p><img loading=\"lazy\" decoding=\"async\" class=\"alignnone wp-image-7869\" src=\"https:\/\/www.upo.es\/patio-colorado\/wp-content\/uploads\/2024\/04\/EncIII-300x149.png\" alt=\"\" width=\"350\" height=\"174\" srcset=\"https:\/\/www.upo.es\/patio-colorado\/wp-content\/uploads\/2024\/04\/EncIII-300x149.png 300w, https:\/\/www.upo.es\/patio-colorado\/wp-content\/uploads\/2024\/04\/EncIII-768x381.png 768w, https:\/\/www.upo.es\/patio-colorado\/wp-content\/uploads\/2024\/04\/EncIII.png 842w\" sizes=\"auto, (max-width: 350px) 100vw, 350px\" \/><\/p>\n<p><b>Pregunta IV: Sabemos que el traje de flamenca es el \u00fanico traje regional del pa\u00eds que se adapta a las modas. Sin embargo, \u00bfcree que para acudir a la feria se debe seguir un protocolo r\u00edgido de vestimenta en lo que al traje de flamenca respecta?<\/b><\/p>\n<p><img loading=\"lazy\" decoding=\"async\" class=\"alignnone wp-image-7871\" src=\"https:\/\/www.upo.es\/patio-colorado\/wp-content\/uploads\/2024\/04\/EncIV-300x143.png\" alt=\"\" width=\"367\" height=\"175\" srcset=\"https:\/\/www.upo.es\/patio-colorado\/wp-content\/uploads\/2024\/04\/EncIV-300x143.png 300w, https:\/\/www.upo.es\/patio-colorado\/wp-content\/uploads\/2024\/04\/EncIV-768x366.png 768w, https:\/\/www.upo.es\/patio-colorado\/wp-content\/uploads\/2024\/04\/EncIV.png 864w\" sizes=\"auto, (max-width: 367px) 100vw, 367px\" \/><\/p>\n<p><span style=\"font-weight: 400\">En resumen, todas las chicas coincidieron en su desacuerdo con que alguien de fuera ofrezca consejos de protocolo para este evento y difieren en opiniones m\u00e1s o menos tradicionales con respecto a la rigurosidad de la moda flamenca y al impacto de esta festividad en redes.\u00a0<\/span><\/p>\n<p><span style=\"font-weight: 400\">No cabe duda de que tanto la masificaci\u00f3n como la llegada de la moda <\/span><i><span style=\"font-weight: 400\">low cost <\/span><\/i><span style=\"font-weight: 400\">a la feria han revolucionado Tiktok. Y, es que, las redes son un mundo abierto a todos que puede ayudar a acercar nuestra rica cultura al resto de la sociedad pero que, a la misma vez, con motivo de su\u00a0 instantaneidad y de la libertad de sus usuarios, pueden llegar a da\u00f1ar la esencia de una tradici\u00f3n milenaria. <\/span><\/p>\n<p><span style=\"font-weight: 400\">Es cierto que esta entrada se centra en la Feria de Abril porque, como autora, es la que m\u00e1s de cerca me toca, pero hay otras muchas festividades, como pueden serlo las fallas valencianas, de las que el p\u00fablico se cree con la capacidad de apropiarse en redes; pero a nadie le gusta que le toquen sus costumbres y es entonces cuando los ciudadanos aut\u00f3ctonos salen a defender lo que es suyo. Es por ello que es normal que en las respuestas presentadas haya una perspectiva tradicional sobre la feria, pues no deja de ser una celebraci\u00f3n con una fuerte carga hist\u00f3rica. No obstante, la diversidad tambi\u00e9n es algo bonito y, siempre que sea desde el respeto, cada uno puede vivir las tradiciones como le plazca. <\/span><\/p>\n<p><span style=\"font-weight: 400\">As\u00ed, mientras el sol se pone sobre las casetas iluminadas y el sonido del flamenco llena el aire, la Feria de Abril nos recuerda que, en un mundo en constante cambio, la tradici\u00f3n es el faro que gu\u00eda nuestro camino, record\u00e1ndonos qui\u00e9nes somos y de d\u00f3nde venimos.<\/span><\/p>\n","protected":false},"excerpt":{"rendered":"<p>La Feria de Abril es uno de los eventos m\u00e1s emblem\u00e1ticos de la primavera sevillana. Es una festividad que fusiona tradici\u00f3n, folclore, m\u00fasica, baile y gastronom\u00eda en un espect\u00e1culo vibrante y \u00fanico que atrae a visitantes de todo el mundo. Y es ah\u00ed donde nace el problema. Sin duda, el turismo, ligado al ferviente mundo [&hellip;]<\/p>\n","protected":false},"author":145,"featured_media":7865,"comment_status":"open","ping_status":"open","sticky":false,"template":"","format":"standard","meta":{"_acf_changed":false,"_monsterinsights_skip_tracking":false,"_monsterinsights_sitenote_active":false,"_monsterinsights_sitenote_note":"","_monsterinsights_sitenote_category":0,"footnotes":""},"categories":[12,403,301],"tags":[116,533,424,1043,1042,1040,1041],"class_list":["post-7857","post","type-post","status-publish","format-standard","has-post-thumbnail","hentry","category-eventos","category-historias-y-mucho-mas","category-sevilla","tag-feriadeabril","tag-influencers","tag-modaflamenca","tag-apropiacioncultural","tag-lowcost","tag-polemica","tag-redes"],"blocksy_meta":[],"acf":[],"jetpack_featured_media_url":"https:\/\/www.upo.es\/patio-colorado\/wp-content\/uploads\/2024\/04\/feria-II.jpeg","_links":{"self":[{"href":"https:\/\/www.upo.es\/patio-colorado\/wp-json\/wp\/v2\/posts\/7857","targetHints":{"allow":["GET"]}}],"collection":[{"href":"https:\/\/www.upo.es\/patio-colorado\/wp-json\/wp\/v2\/posts"}],"about":[{"href":"https:\/\/www.upo.es\/patio-colorado\/wp-json\/wp\/v2\/types\/post"}],"author":[{"embeddable":true,"href":"https:\/\/www.upo.es\/patio-colorado\/wp-json\/wp\/v2\/users\/145"}],"replies":[{"embeddable":true,"href":"https:\/\/www.upo.es\/patio-colorado\/wp-json\/wp\/v2\/comments?post=7857"}],"version-history":[{"count":7,"href":"https:\/\/www.upo.es\/patio-colorado\/wp-json\/wp\/v2\/posts\/7857\/revisions"}],"predecessor-version":[{"id":7874,"href":"https:\/\/www.upo.es\/patio-colorado\/wp-json\/wp\/v2\/posts\/7857\/revisions\/7874"}],"wp:featuredmedia":[{"embeddable":true,"href":"https:\/\/www.upo.es\/patio-colorado\/wp-json\/wp\/v2\/media\/7865"}],"wp:attachment":[{"href":"https:\/\/www.upo.es\/patio-colorado\/wp-json\/wp\/v2\/media?parent=7857"}],"wp:term":[{"taxonomy":"category","embeddable":true,"href":"https:\/\/www.upo.es\/patio-colorado\/wp-json\/wp\/v2\/categories?post=7857"},{"taxonomy":"post_tag","embeddable":true,"href":"https:\/\/www.upo.es\/patio-colorado\/wp-json\/wp\/v2\/tags?post=7857"}],"curies":[{"name":"wp","href":"https:\/\/api.w.org\/{rel}","templated":true}]}}