{"id":7877,"date":"2024-04-01T11:24:37","date_gmt":"2024-04-01T11:24:37","guid":{"rendered":"https:\/\/www.upo.es\/patio-colorado\/?p=7877"},"modified":"2024-04-01T11:24:37","modified_gmt":"2024-04-01T11:24:37","slug":"exposicion-van-gogh-grandes-exitos","status":"publish","type":"post","link":"https:\/\/www.upo.es\/patio-colorado\/2024\/04\/01\/exposicion-van-gogh-grandes-exitos\/","title":{"rendered":"Exposici\u00f3n Van Gogh \u00abGrandes \u00e9xitos\u00bb"},"content":{"rendered":"<p><span style=\"font-weight: 400\">\u00bfQu\u00e9 relaci\u00f3n pueden tener la ciudad de Sevilla y el gran pintor postimpresionista Van Gogh? Pues que gracias a la empresa de arte y promotora de eventos Ramproart, podemos visitar la exposici\u00f3n <\/span><i><span style=\"font-weight: 400\">Van Gogh \u201cGrandes \u00e9xitos\u201d<\/span><\/i><span style=\"font-weight: 400\">, que actualmente se encuentra en Pabell\u00f3n de la Navegaci\u00f3n de Sevilla, que abri\u00f3 sus puertas el 12 de octubre de 2023 y se podr\u00e1 visitar por \u00faltima vez el 14 de abril.<\/span><\/p>\n<p><span style=\"font-weight: 400\">Ramproart se define como \u00abuna empresa conjunta que une a un gran n\u00famero de personas creativas y apasionadas por el arte y la m\u00fasica\u00bb. Con una larga carrera en el mercado del arte y en la organizaci\u00f3n de eventos y exposiciones, hacen \u00abun magn\u00edfico trabajo adaptando al mercado espa\u00f1ol los proyectos m\u00e1s exitosos que ahora mismo est\u00e1n expuestos al p\u00fablico\u00bb. Estos proyectos de los que hablan suelen ser grandes exposiciones inmersivas, \u00abque combinan arte con moderna tecnolog\u00eda y ofrecen una experiencia \u00fanica\u00bb, adem\u00e1s de conciertos, festivales, teatros, etc.<\/span><\/p>\n<p><span style=\"font-weight: 400\">En este caso, presentan en una curiosa exposici\u00f3n la historia y obra de uno de los artistas m\u00e1s conocidos y que m\u00e1s preguntas suscita en nuestros d\u00edas. Dividida en cuatro estancias, la primera explica la historia de Van Gogh de manera resumida, sin aburrir, lo que da la oportunidad a que cualquier tipo de p\u00fablico haga la visita.<\/span><\/p>\n<p><img loading=\"lazy\" decoding=\"async\" class=\"alignnone size-medium wp-image-7880\" src=\"https:\/\/www.upo.es\/patio-colorado\/wp-content\/uploads\/2024\/04\/20240221_173516-225x300.jpg\" alt=\"\" width=\"225\" height=\"300\" srcset=\"https:\/\/www.upo.es\/patio-colorado\/wp-content\/uploads\/2024\/04\/20240221_173516-225x300.jpg 225w, https:\/\/www.upo.es\/patio-colorado\/wp-content\/uploads\/2024\/04\/20240221_173516-768x1024.jpg 768w, https:\/\/www.upo.es\/patio-colorado\/wp-content\/uploads\/2024\/04\/20240221_173516-1152x1536.jpg 1152w, https:\/\/www.upo.es\/patio-colorado\/wp-content\/uploads\/2024\/04\/20240221_173516-1536x2048.jpg 1536w, https:\/\/www.upo.es\/patio-colorado\/wp-content\/uploads\/2024\/04\/20240221_173516-scaled.jpg 1920w\" sizes=\"auto, (max-width: 225px) 100vw, 225px\" \/> <img loading=\"lazy\" decoding=\"async\" class=\"size-medium wp-image-7884 alignright\" src=\"https:\/\/www.upo.es\/patio-colorado\/wp-content\/uploads\/2024\/04\/20240221_173636-225x300.jpg\" alt=\"\" width=\"225\" height=\"300\" srcset=\"https:\/\/www.upo.es\/patio-colorado\/wp-content\/uploads\/2024\/04\/20240221_173636-225x300.jpg 225w, https:\/\/www.upo.es\/patio-colorado\/wp-content\/uploads\/2024\/04\/20240221_173636-768x1024.jpg 768w, https:\/\/www.upo.es\/patio-colorado\/wp-content\/uploads\/2024\/04\/20240221_173636-1152x1536.jpg 1152w, https:\/\/www.upo.es\/patio-colorado\/wp-content\/uploads\/2024\/04\/20240221_173636-1536x2048.jpg 1536w, https:\/\/www.upo.es\/patio-colorado\/wp-content\/uploads\/2024\/04\/20240221_173636-scaled.jpg 1920w\" sizes=\"auto, (max-width: 225px) 100vw, 225px\" \/><\/p>\n<p><span style=\"font-weight: 400\">La segunda y la tercera son unas aut\u00e9nticas maravillas, ya que te adentras en cuadros del artista: en la tercera paseas por el pueblo de la famos\u00edsima <\/span><i><span style=\"font-weight: 400\">La noche estrellada<\/span><\/i><span style=\"font-weight: 400\"> y en la tercera, que es una especie de pasillo entre la segunda y la cuarta, parece que est\u00e1s rodeada de los cerezos en flor que tanto le gustaba pintar a Van Gogh en su \u00e9poca de fantas\u00eda por el arte japon\u00e9s.\u00a0<\/span><\/p>\n<p><span style=\"font-weight: 400\"><img loading=\"lazy\" decoding=\"async\" class=\"size-medium wp-image-7882 aligncenter\" src=\"https:\/\/www.upo.es\/patio-colorado\/wp-content\/uploads\/2024\/04\/IMG_20240221_174258_663-169x300.webp\" alt=\"\" width=\"169\" height=\"300\" srcset=\"https:\/\/www.upo.es\/patio-colorado\/wp-content\/uploads\/2024\/04\/IMG_20240221_174258_663-169x300.webp 169w, https:\/\/www.upo.es\/patio-colorado\/wp-content\/uploads\/2024\/04\/IMG_20240221_174258_663-576x1024.webp 576w, https:\/\/www.upo.es\/patio-colorado\/wp-content\/uploads\/2024\/04\/IMG_20240221_174258_663-768x1365.webp 768w, https:\/\/www.upo.es\/patio-colorado\/wp-content\/uploads\/2024\/04\/IMG_20240221_174258_663-864x1536.webp 864w, https:\/\/www.upo.es\/patio-colorado\/wp-content\/uploads\/2024\/04\/IMG_20240221_174258_663.webp 1080w\" sizes=\"auto, (max-width: 169px) 100vw, 169px\" \/><\/span><\/p>\n<p><span style=\"font-weight: 400\">La cuarta y \u00faltima es la m\u00e1s impresionante de todas, pues gracias a la tecnolog\u00eda Digital Art 360, que caracteriza a las exposiciones de Ramproart, se pueden visualizar las obras en grandes pantallas, acompa\u00f1as de m\u00fasica y de la narraci\u00f3n de la vida del artista.<\/span><\/p>\n<p><img loading=\"lazy\" decoding=\"async\" class=\"size-medium wp-image-7883 aligncenter\" src=\"https:\/\/www.upo.es\/patio-colorado\/wp-content\/uploads\/2024\/04\/20240221_180112-225x300.jpg\" alt=\"\" width=\"225\" height=\"300\" srcset=\"https:\/\/www.upo.es\/patio-colorado\/wp-content\/uploads\/2024\/04\/20240221_180112-225x300.jpg 225w, https:\/\/www.upo.es\/patio-colorado\/wp-content\/uploads\/2024\/04\/20240221_180112-768x1024.jpg 768w, https:\/\/www.upo.es\/patio-colorado\/wp-content\/uploads\/2024\/04\/20240221_180112-1152x1536.jpg 1152w, https:\/\/www.upo.es\/patio-colorado\/wp-content\/uploads\/2024\/04\/20240221_180112-1536x2048.jpg 1536w, https:\/\/www.upo.es\/patio-colorado\/wp-content\/uploads\/2024\/04\/20240221_180112-scaled.jpg 1920w\" sizes=\"auto, (max-width: 225px) 100vw, 225px\" \/><\/p>\n<p><span style=\"font-weight: 400\">La tr\u00e1gica historia de Van Gogh es conocida mundialmente: naci\u00f3 en los Pa\u00edses Bajos en 1853 y comenz\u00f3 su carrera art\u00edstica en su juventud, trabajando como comerciante de arte y maestro de escuela antes de dedicarse por completo a la pintura. A lo largo de su carrera, experiment\u00f3 con una variedad de estilos y t\u00e9cnicas, desde paisajes y retratos realistas hasta pinturas m\u00e1s expresionistas y simbolistas.<\/span><\/p>\n<p><span style=\"font-weight: 400\">A pesar de su talento innegable, Van Gogh luch\u00f3 con la falta de reconocimiento y con la pobreza, lo que le llev\u00f3 a sufrir muchos problemas mentales durante gran parte de su vida, incluida la depresi\u00f3n y la psicosis. En 1888, se mud\u00f3 a Arl\u00e9s, en el sur de Francia, donde produjo algunas de sus obras m\u00e1s famosas, incluyendo<\/span><i><span style=\"font-weight: 400\"> La noche estrellada, Terraza de caf\u00e9 por la noche<\/span><\/i><span style=\"font-weight: 400\"> y <\/span><i><span style=\"font-weight: 400\">Los girasoles<\/span><\/i><span style=\"font-weight: 400\">.<\/span><\/p>\n<p><span style=\"font-weight: 400\">Desafortunadamente, la salud mental de Van Gogh empeor\u00f3 y en 1889 fue internado en un hospital psiqui\u00e1trico en Saint-R\u00e9my-de-Provence. Durante este tiempo, continu\u00f3 produciendo obras, muy centradas en el d\u00eda a d\u00eda de las ciudades, como<\/span><i><span style=\"font-weight: 400\"> La habitaci\u00f3n de Van Gogh en Arl\u00e9s<\/span><\/i><span style=\"font-weight: 400\"> y <\/span><i><span style=\"font-weight: 400\">Autorretrato con oreja vendada<\/span><\/i><span style=\"font-weight: 400\">. En 1890, Van Gogh se mud\u00f3 a Auvers-sur-Oise para recibir tratamiento m\u00e9dico, pero desafortunadamente se suicid\u00f3 en julio de ese a\u00f1o a la edad de 37 a\u00f1os.<\/span><\/p>\n<p><span style=\"font-weight: 400\">A pesar de su corta vida y el reconocimiento tard\u00edo de su trabajo, Vincent van Gogh dej\u00f3 un legado duradero en el mundo del arte, ya que su estilo personal y sus muchas facetas art\u00edsticas no se han vuelto a repetir. Sus pinturas expresionistas y emotivas son de las obras de arte m\u00e1s reconocidas y valoradas, adem\u00e1s de que contin\u00faan inspirando a artistas y admiradores de todo el mundo, y su tumultuosa vida ha sido fuente de inspiraci\u00f3n para pel\u00edculas, libros y obras de teatro que buscan entender al hombre detr\u00e1s de las obras maestras.<\/span><\/p>\n","protected":false},"excerpt":{"rendered":"<p>\u00bfQu\u00e9 relaci\u00f3n pueden tener la ciudad de Sevilla y el gran pintor postimpresionista Van Gogh? Pues que gracias a la empresa de arte y promotora de eventos Ramproart, podemos visitar la exposici\u00f3n Van Gogh \u201cGrandes \u00e9xitos\u201d, que actualmente se encuentra en Pabell\u00f3n de la Navegaci\u00f3n de Sevilla, que abri\u00f3 sus puertas el 12 de octubre [&hellip;]<\/p>\n","protected":false},"author":139,"featured_media":7886,"comment_status":"open","ping_status":"open","sticky":false,"template":"","format":"standard","meta":{"_acf_changed":false,"_monsterinsights_skip_tracking":false,"_monsterinsights_sitenote_active":false,"_monsterinsights_sitenote_note":"","_monsterinsights_sitenote_category":0,"footnotes":""},"categories":[12,403,301],"tags":[],"class_list":["post-7877","post","type-post","status-publish","format-standard","has-post-thumbnail","hentry","category-eventos","category-historias-y-mucho-mas","category-sevilla"],"blocksy_meta":[],"acf":[],"jetpack_featured_media_url":"https:\/\/www.upo.es\/patio-colorado\/wp-content\/uploads\/2024\/04\/ramas-de-almendro-en-flor-blog-1-scaled-1.webp","_links":{"self":[{"href":"https:\/\/www.upo.es\/patio-colorado\/wp-json\/wp\/v2\/posts\/7877","targetHints":{"allow":["GET"]}}],"collection":[{"href":"https:\/\/www.upo.es\/patio-colorado\/wp-json\/wp\/v2\/posts"}],"about":[{"href":"https:\/\/www.upo.es\/patio-colorado\/wp-json\/wp\/v2\/types\/post"}],"author":[{"embeddable":true,"href":"https:\/\/www.upo.es\/patio-colorado\/wp-json\/wp\/v2\/users\/139"}],"replies":[{"embeddable":true,"href":"https:\/\/www.upo.es\/patio-colorado\/wp-json\/wp\/v2\/comments?post=7877"}],"version-history":[{"count":3,"href":"https:\/\/www.upo.es\/patio-colorado\/wp-json\/wp\/v2\/posts\/7877\/revisions"}],"predecessor-version":[{"id":7890,"href":"https:\/\/www.upo.es\/patio-colorado\/wp-json\/wp\/v2\/posts\/7877\/revisions\/7890"}],"wp:featuredmedia":[{"embeddable":true,"href":"https:\/\/www.upo.es\/patio-colorado\/wp-json\/wp\/v2\/media\/7886"}],"wp:attachment":[{"href":"https:\/\/www.upo.es\/patio-colorado\/wp-json\/wp\/v2\/media?parent=7877"}],"wp:term":[{"taxonomy":"category","embeddable":true,"href":"https:\/\/www.upo.es\/patio-colorado\/wp-json\/wp\/v2\/categories?post=7877"},{"taxonomy":"post_tag","embeddable":true,"href":"https:\/\/www.upo.es\/patio-colorado\/wp-json\/wp\/v2\/tags?post=7877"}],"curies":[{"name":"wp","href":"https:\/\/api.w.org\/{rel}","templated":true}]}}