{"id":7903,"date":"2024-04-02T11:22:15","date_gmt":"2024-04-02T11:22:15","guid":{"rendered":"https:\/\/www.upo.es\/patio-colorado\/?p=7903"},"modified":"2024-04-02T11:24:42","modified_gmt":"2024-04-02T11:24:42","slug":"los-secretos-que-aguarda-el-manto-de-la-trianera","status":"publish","type":"post","link":"https:\/\/www.upo.es\/patio-colorado\/2024\/04\/02\/los-secretos-que-aguarda-el-manto-de-la-trianera\/","title":{"rendered":"Los secretos que aguarda el manto de la Trianera."},"content":{"rendered":"<p><span style=\"font-weight: 400\">La Semana Santa en Sevilla, una de las celebraciones religiosas m\u00e1s importantes y arraigadas en la ciudad, se ve enriquecida por la presencia imponente y venerada de la Esperanza de Triana. Esta ic\u00f3nica imagen mariana, venerada bajo la advocaci\u00f3n de Nuestra Se\u00f1ora de la Esperanza, no solo es una figura religiosa, sino tambi\u00e9n un s\u00edmbolo cultural y emocional para los sevillanos y devotos de todo el mundo.\u00a0<\/span><\/p>\n<p><span style=\"font-weight: 400\">La Esperanza de Triana, custodiada en la Bas\u00edlica de Santa Ana, es objeto de una devoci\u00f3n ferviente que se manifiesta de manera extraordinaria durante la Semana Santa. Su procesi\u00f3n, que tiene lugar en la madrugada del Viernes Santo, es uno de los momentos m\u00e1s esperados y emotivos de toda la semana de pasi\u00f3n. La imagen, con su porte majestuoso y su mirada serena, recorre las estrechas calles del barrio de Triana, acompa\u00f1ada por miles de fieles que se agolpan para rendirle homenaje y implorar su protecci\u00f3n.\u00a0<\/span><\/p>\n<p><span style=\"font-weight: 400\">En su salida a las calles, la Trianera ha gozado de un manto, en cierta manera, nuevo, que, para la sorpresa de quienes han trabajado en ellos, aguardaba mucha m\u00e1s historia que la simplemente tradicional. Y, es que, durante las labores realizadas en el manto recientemente reestrenado de la Esperanza de Triana, se hall\u00f3 en su interior un manuscrito datado en 1992, escrito por Jos\u00e9 Manuel Elena, perteneciente al taller de Sobrinos de Esperanza Elena Caro. En dicho documento se detallan diversos aspectos relevantes acerca del proyecto que la creaci\u00f3n de una obra de tal envergadura supuso tanto para el taller como para la hermandad.<\/span><\/p>\n<p><span style=\"font-weight: 400\">El manuscrito especifica la fecha de inicio y finalizaci\u00f3n de la obra, as\u00ed como los nombres de quienes la dise\u00f1aron y bordaron. Adem\u00e1s, se menciona que en aquel entonces el cargo de hermano mayor de la corporaci\u00f3n lo ocupaba Alfredo \u00c1lvarez Mensaque, mientras que Juan Pablo II era Papa y fray Carlos Amigo Vallejo ostentaba el cargo de Arzobispo de Sevilla.<\/span><\/p>\n<p><span style=\"font-weight: 400\">Como dato adicional, se proporcionan datos econ\u00f3micos de la \u00e9poca para contextualizar la magnitud de realizar una obra textil de tal calibre, incluyendo el precio en pesetas del kilo de pan o el coste de un ejemplar de peri\u00f3dico.<\/span><\/p>\n<p><figure id=\"attachment_7904\" aria-describedby=\"caption-attachment-7904\" style=\"width: 300px\" class=\"wp-caption aligncenter\"><img loading=\"lazy\" decoding=\"async\" class=\"size-medium wp-image-7904\" src=\"https:\/\/www.upo.es\/patio-colorado\/wp-content\/uploads\/2024\/04\/manustcrito-300x210.webp\" alt=\"\" width=\"300\" height=\"210\" srcset=\"https:\/\/www.upo.es\/patio-colorado\/wp-content\/uploads\/2024\/04\/manustcrito-300x210.webp 300w, https:\/\/www.upo.es\/patio-colorado\/wp-content\/uploads\/2024\/04\/manustcrito-1024x717.webp 1024w, https:\/\/www.upo.es\/patio-colorado\/wp-content\/uploads\/2024\/04\/manustcrito-768x538.webp 768w, https:\/\/www.upo.es\/patio-colorado\/wp-content\/uploads\/2024\/04\/manustcrito.webp 1200w\" sizes=\"auto, (max-width: 300px) 100vw, 300px\" \/><figcaption id=\"caption-attachment-7904\" class=\"wp-caption-text\">[Manuscrito; imagen ABC]<\/figcaption><\/figure><span style=\"font-weight: 400\">Durante el \u00faltimo a\u00f1o, el taller de Charo Bernardino ha llevado a cabo el proceso de restauraci\u00f3n de los bordados de uno de los mantos de salida de Nuestra Se\u00f1ora de la Esperanza, dise\u00f1ado por Juan Borrero en 1992 y estrenado en la procesi\u00f3n penitencial de 1994. Este trabajo consisti\u00f3 en trasladar los bordados a un nuevo soporte de terciopelo morado, enriqueciendo as\u00ed el conjunto y otorg\u00e1ndole una personalidad distinta al otro manto que posee la imagen, conocido como el \u00abde los Dragones\u00bb.\u00a0<\/span><\/p>\n<p><span style=\"font-weight: 400\">La obra mencionada, confeccionada con hilos de oro y sedas naturales por el taller de los Sobrinos de Esperanza Elena Caro, presenta un eje central que exhibe un ancla coronada. En su dise\u00f1o se incluyen cabezas de \u00e1ngeles y arc\u00e1ngeles enfrentando dragones elaborados en seda, as\u00ed como dragones y guirnaldas decoradas con flores y frutas de girasol de diversos colores, entrelazadas con tallos vegetales y hojas. Destaca especialmente la guardilla, adornada con cabezas de dragones incrustadas en los entrelazados que la recorren.<\/span><\/p>\n<p><span style=\"font-weight: 400\">El bordado se realiza minuciosamente, utilizando una variedad de t\u00e9cnicas que son dominadas por este taller, algunas de las cuales han ca\u00eddo en desuso. El conjunto est\u00e1 enmarcado por una nueva concha de encaje de bolillos elaborada con hilos de oro fino, creada por el artista encajero Alfonso Aguilar.<\/span><\/p>\n<p><span style=\"font-weight: 400\">En definitiva, la presencia de la Esperanza de Triana durante la Semana Santa sevillana no solo reviste importancia por su significado religioso, sino tambi\u00e9n por su profundo arraigo en la identidad sevillana. Esta ic\u00f3nica imagen mariana se erige como un s\u00edmbolo de unidad y devoci\u00f3n que une a personas de diferentes \u00e1mbitos y generaciones en torno a su figura, a la que su manto confeccionado\u00a0 con esmero y dedicaci\u00f3n a\u00f1ade un valor art\u00edstico inestimable. Esta manifestaci\u00f3n de fe y cultura, trasciende lo meramente religioso para convertirse en un fen\u00f3meno cultural y social que enriquece la vida de la ciudad y de sus habitantes. <\/span><\/p>\n<p><b>FUENTES:\u00a0<\/b><\/p>\n<p><span style=\"font-weight: 400\">Pasi\u00f3n en Sevilla (2024) \u00abLos detalles del manuscrito hallado en el manto de la Esperanza de Triana\u00bb. <\/span><i><span style=\"font-weight: 400\">ABC Patrimonio art\u00edstico<\/span><\/i><span style=\"font-weight: 400\">, 14 de marzo. Disponible en l\u00ednea: <\/span><a href=\"https:\/\/www.abc.es\/sevilla\/pasionensevilla\/noticias-semana-santa-sevilla\/detalles-manuscrito-hallado-manto-esperanza-triana-20240314141909-nts.html\"><span style=\"font-weight: 400\">https:\/\/www.abc.es\/sevilla\/pasionensevilla\/noticias-semana-santa-sevilla\/detalles-manuscrito-hallado-manto-esperanza-triana-20240314141909-nts.html<\/span><\/a><span style=\"font-weight: 400\"> [\u00daltima consulta el 02\/04\/2024]. <\/span><\/p>\n","protected":false},"excerpt":{"rendered":"<p>La Semana Santa en Sevilla, una de las celebraciones religiosas m\u00e1s importantes y arraigadas en la ciudad, se ve enriquecida por la presencia imponente y venerada de la Esperanza de Triana. Esta ic\u00f3nica imagen mariana, venerada bajo la advocaci\u00f3n de Nuestra Se\u00f1ora de la Esperanza, no solo es una figura religiosa, sino tambi\u00e9n un s\u00edmbolo [&hellip;]<\/p>\n","protected":false},"author":145,"featured_media":7913,"comment_status":"open","ping_status":"open","sticky":false,"template":"","format":"standard","meta":{"_acf_changed":false,"_monsterinsights_skip_tracking":false,"_monsterinsights_sitenote_active":false,"_monsterinsights_sitenote_note":"","_monsterinsights_sitenote_category":0,"footnotes":""},"categories":[403,301],"tags":[59,1051,1048,1050,1049],"class_list":["post-7903","post","type-post","status-publish","format-standard","has-post-thumbnail","hentry","category-historias-y-mucho-mas","category-sevilla","tag-semanasanta","tag-basilicadesantaana","tag-esperanzatriana","tag-madruga","tag-mantobordado"],"blocksy_meta":[],"acf":[],"jetpack_featured_media_url":"https:\/\/www.upo.es\/patio-colorado\/wp-content\/uploads\/2024\/04\/articulos-675321.jpeg","_links":{"self":[{"href":"https:\/\/www.upo.es\/patio-colorado\/wp-json\/wp\/v2\/posts\/7903","targetHints":{"allow":["GET"]}}],"collection":[{"href":"https:\/\/www.upo.es\/patio-colorado\/wp-json\/wp\/v2\/posts"}],"about":[{"href":"https:\/\/www.upo.es\/patio-colorado\/wp-json\/wp\/v2\/types\/post"}],"author":[{"embeddable":true,"href":"https:\/\/www.upo.es\/patio-colorado\/wp-json\/wp\/v2\/users\/145"}],"replies":[{"embeddable":true,"href":"https:\/\/www.upo.es\/patio-colorado\/wp-json\/wp\/v2\/comments?post=7903"}],"version-history":[{"count":4,"href":"https:\/\/www.upo.es\/patio-colorado\/wp-json\/wp\/v2\/posts\/7903\/revisions"}],"predecessor-version":[{"id":7914,"href":"https:\/\/www.upo.es\/patio-colorado\/wp-json\/wp\/v2\/posts\/7903\/revisions\/7914"}],"wp:featuredmedia":[{"embeddable":true,"href":"https:\/\/www.upo.es\/patio-colorado\/wp-json\/wp\/v2\/media\/7913"}],"wp:attachment":[{"href":"https:\/\/www.upo.es\/patio-colorado\/wp-json\/wp\/v2\/media?parent=7903"}],"wp:term":[{"taxonomy":"category","embeddable":true,"href":"https:\/\/www.upo.es\/patio-colorado\/wp-json\/wp\/v2\/categories?post=7903"},{"taxonomy":"post_tag","embeddable":true,"href":"https:\/\/www.upo.es\/patio-colorado\/wp-json\/wp\/v2\/tags?post=7903"}],"curies":[{"name":"wp","href":"https:\/\/api.w.org\/{rel}","templated":true}]}}