{"id":7942,"date":"2024-04-07T16:40:40","date_gmt":"2024-04-07T16:40:40","guid":{"rendered":"https:\/\/www.upo.es\/patio-colorado\/?p=7942"},"modified":"2024-04-07T16:40:40","modified_gmt":"2024-04-07T16:40:40","slug":"andalucia-propone-cobrar-las-entradas-a-los-museos-de-la-comunidad","status":"publish","type":"post","link":"https:\/\/www.upo.es\/patio-colorado\/2024\/04\/07\/andalucia-propone-cobrar-las-entradas-a-los-museos-de-la-comunidad\/","title":{"rendered":"Andaluc\u00eda propone cobrar las entradas a los museos de la comunidad"},"content":{"rendered":"<p>El gobierno andaluz comienza plantearse la posibilidad de cobrar la entrada a museos p\u00fablicos andaluces. Esta iniciativa, que se puso sobre la mesa en el a\u00f1o 2020 qued\u00f3 paralizada con la irrupci\u00f3n del Covid-19, vuelve a ser un punto clave para la Consejer\u00eda de Turismo, Cultura y Deporte. La entrada a los museos rondar\u00eda los 3 euros, muy necesarios para la conservaci\u00f3n del fuerte patrimonio art\u00edstico en Andaluc\u00eda, aunque aun no se ha establecido un precio final; \u00a0y se establecer\u00edan de igual modo horarios especiales gratuitos, algunos d\u00edas durante el a\u00f1o, entre ellos, el D\u00eda de Andaluc\u00eda, el D\u00eda Internacional del Turismo y el d\u00eda de la Jornadas Europeas de Patrimonio.\u00a0Adem\u00e1s, se mantendr\u00e1 la gratuidad en \u00a0grupos con tarifa reducida para permitir el acceso a todo aquel interesado en conocer los tesoros de la comunidad aut\u00f3noma.<\/p>\n<p><img loading=\"lazy\" decoding=\"async\" class=\"alignnone size-full wp-image-7944 aligncenter\" src=\"https:\/\/www.upo.es\/patio-colorado\/wp-content\/uploads\/2024\/04\/Unknown-1-1.jpeg\" alt=\"\" width=\"259\" height=\"194\" \/><\/p>\n<p style=\"text-align: center\">Centro Andaluz de Arte Contempor\u00e1neo (Sevilla)<\/p>\n<p>Actualmente, espa\u00f1oles y habitantes de la Uni\u00f3n Europea est\u00e1n exentos de contribuir econ\u00f3micamente. Andaluc\u00eda cuenta con 34 museos y otros enclaves de \u00edndole art\u00edstica que necesitan financiaci\u00f3n para su mantenimiento y los responsables establecen que esta nueva iniciativa permitir\u00e1 llevar a cabo las mejoras necesarias para asegurar la conservaci\u00f3n del patrimonio y mejorar la experiencia de los visitantes. Arturo Bernal, consejero de Turismo, Cultura y Deporte, establece que \u00abla mejor forma de valorar es cobrar\u00bb.<\/p>\n<p>Independientemente a esta iniciativa, el pasado mes de Febrero se conoc\u00eda la noticia de la posibilidad de cobrar la entrada a la emblem\u00e1tica Plaza de Espa\u00f1a, en Sevilla, sin duda uno de los s\u00edmbolos de la ciudad y de la obra de An\u00edbal Gonz\u00e1lez. La propuesta, impulsada por el alcalde de Sevilla Jos\u00e9 Luis Sanz, no fue bien recibida por miembros de la oposici\u00f3n que consideran que la mejor soluci\u00f3n es implantar la tasa tur\u00edstica para poder recaudar fondos.<\/p>\n<p><img loading=\"lazy\" decoding=\"async\" class=\"alignnone size-full wp-image-7943 aligncenter\" src=\"https:\/\/www.upo.es\/patio-colorado\/wp-content\/uploads\/2024\/04\/Unknown-2.jpeg\" alt=\"\" width=\"299\" height=\"168\" \/><\/p>\n<p style=\"text-align: center\">Plaza de Espa\u00f1a (Sevilla)<\/p>\n<p>&nbsp;<\/p>\n<p>&nbsp;<\/p>\n","protected":false},"excerpt":{"rendered":"<p>El gobierno andaluz comienza plantearse la posibilidad de cobrar la entrada a museos p\u00fablicos andaluces. Esta iniciativa, que se puso sobre la mesa en el a\u00f1o 2020 qued\u00f3 paralizada con la irrupci\u00f3n del Covid-19, vuelve a ser un punto clave para la Consejer\u00eda de Turismo, Cultura y Deporte. La entrada a los museos rondar\u00eda los [&hellip;]<\/p>\n","protected":false},"author":137,"featured_media":7937,"comment_status":"open","ping_status":"open","sticky":false,"template":"","format":"standard","meta":{"_acf_changed":false,"_monsterinsights_skip_tracking":false,"_monsterinsights_sitenote_active":false,"_monsterinsights_sitenote_note":"","_monsterinsights_sitenote_category":0,"footnotes":""},"categories":[45,1,24,46,170],"tags":[],"class_list":["post-7942","post","type-post","status-publish","format-standard","has-post-thumbnail","hentry","category-boletin-colorao","category-sin-categoria","category-conservacion-y-restauracion","category-en-la-prensa","category-monumentos-y-turismo"],"blocksy_meta":[],"acf":[],"jetpack_featured_media_url":"https:\/\/www.upo.es\/patio-colorado\/wp-content\/uploads\/2024\/04\/La-Giralda-de-Sevilla-y-la-Kutubia-de-Marrakech-tienen-planta-cuadrada-y-lineas-simples.jpg","_links":{"self":[{"href":"https:\/\/www.upo.es\/patio-colorado\/wp-json\/wp\/v2\/posts\/7942","targetHints":{"allow":["GET"]}}],"collection":[{"href":"https:\/\/www.upo.es\/patio-colorado\/wp-json\/wp\/v2\/posts"}],"about":[{"href":"https:\/\/www.upo.es\/patio-colorado\/wp-json\/wp\/v2\/types\/post"}],"author":[{"embeddable":true,"href":"https:\/\/www.upo.es\/patio-colorado\/wp-json\/wp\/v2\/users\/137"}],"replies":[{"embeddable":true,"href":"https:\/\/www.upo.es\/patio-colorado\/wp-json\/wp\/v2\/comments?post=7942"}],"version-history":[{"count":1,"href":"https:\/\/www.upo.es\/patio-colorado\/wp-json\/wp\/v2\/posts\/7942\/revisions"}],"predecessor-version":[{"id":7945,"href":"https:\/\/www.upo.es\/patio-colorado\/wp-json\/wp\/v2\/posts\/7942\/revisions\/7945"}],"wp:featuredmedia":[{"embeddable":true,"href":"https:\/\/www.upo.es\/patio-colorado\/wp-json\/wp\/v2\/media\/7937"}],"wp:attachment":[{"href":"https:\/\/www.upo.es\/patio-colorado\/wp-json\/wp\/v2\/media?parent=7942"}],"wp:term":[{"taxonomy":"category","embeddable":true,"href":"https:\/\/www.upo.es\/patio-colorado\/wp-json\/wp\/v2\/categories?post=7942"},{"taxonomy":"post_tag","embeddable":true,"href":"https:\/\/www.upo.es\/patio-colorado\/wp-json\/wp\/v2\/tags?post=7942"}],"curies":[{"name":"wp","href":"https:\/\/api.w.org\/{rel}","templated":true}]}}