{"id":7956,"date":"2024-04-10T18:13:00","date_gmt":"2024-04-10T18:13:00","guid":{"rendered":"https:\/\/www.upo.es\/patio-colorado\/?p=7956"},"modified":"2024-05-20T18:53:22","modified_gmt":"2024-05-20T18:53:22","slug":"150-anos-del-nacimiento-de-julio-romero-de-torres","status":"publish","type":"post","link":"https:\/\/www.upo.es\/patio-colorado\/2024\/04\/10\/150-anos-del-nacimiento-de-julio-romero-de-torres\/","title":{"rendered":"150 a\u00f1os del nacimiento de Julio Romero de Torres"},"content":{"rendered":"<p><span style=\"font-weight: 400\">Julio Romero de Torres fue un destacado pintor espa\u00f1ol nacido el 9 de noviembre de 1874 en C\u00f3rdoba y fallecido el 10 de mayo de 1930 en la misma ciudad. Es conocido principalmente por sus retratos de mujeres, que reflejan la belleza y la sensualidad, as\u00ed como por sus obras de tem\u00e1tica andaluza y espa\u00f1ola. Proven\u00eda de una familia de artistas, siendo su padre, Rafael Romero Barros, un reconocido pintor y restaurador. Estudi\u00f3 en la Escuela de Bellas Artes de C\u00f3rdoba y luego en la Academia de San Fernando en Madrid.<\/span><\/p>\n<p><span style=\"font-weight: 400\">Su estilo art\u00edstico se caracteriza por un uso magistral del color y la luz, as\u00ed como por una representaci\u00f3n detallada y realista de los rasgos faciales y la ropa de sus modelos. Sus obras est\u00e1n impregnadas de un fuerte simbolismo y un sentido de misterio, lo que les confiere una calidad enigm\u00e1tica y emocional. Romero de Torres tambi\u00e9n se interes\u00f3 por la iconograf\u00eda religiosa y las representaciones de la cultura popular andaluza, incorporando elementos como trajes t\u00edpicos, bailes flamencos y paisajes de su regi\u00f3n natal en muchas de sus obras.<\/span><\/p>\n<p><span style=\"font-weight: 400\">Fue un pintor muy influyente cuyo estilo distintivo y sus obras ic\u00f3nicas han dejado una marca perdurable en la historia del arte de nuestro pa\u00eds.<\/span><\/p>\n<p><figure id=\"attachment_7958\" aria-describedby=\"caption-attachment-7958\" style=\"width: 237px\" class=\"wp-caption aligncenter\"><img loading=\"lazy\" decoding=\"async\" class=\"size-medium wp-image-7958\" src=\"https:\/\/www.upo.es\/patio-colorado\/wp-content\/uploads\/2024\/04\/chiquita_piconera_med-1-237x300.jpeg\" alt=\"\" width=\"237\" height=\"300\" srcset=\"https:\/\/www.upo.es\/patio-colorado\/wp-content\/uploads\/2024\/04\/chiquita_piconera_med-1-237x300.jpeg 237w, https:\/\/www.upo.es\/patio-colorado\/wp-content\/uploads\/2024\/04\/chiquita_piconera_med-1.jpeg 554w\" sizes=\"auto, (max-width: 237px) 100vw, 237px\" \/><figcaption id=\"caption-attachment-7958\" class=\"wp-caption-text\">[La chiquita piconera ( Julio Romero de Torres, 1929-1930)]<\/figcaption><\/figure><span style=\"font-weight: 400\">Pr\u00f3ximamente se cumplir\u00e1n 150 a\u00f1os de su nacimiento, lo que est\u00e1 dando lugar a acontecimientos que persiguen conmemorar su labor art\u00edstica. Es as\u00ed que ha surgido una asociaci\u00f3n cuyo objetivo es rehabilitar y dar uso a su casa familiar en C\u00f3rdoba, de manera que se mantenga viva la memoria y obra del pintor. <\/span><span style=\"font-weight: 400\">Esta asociaci\u00f3n se inscribi\u00f3 el 15 de diciembre de 2023 en el registro de asociaciones de la Junta de Andaluc\u00eda con el prop\u00f3sito de promover la restauraci\u00f3n arquitect\u00f3nica del edificio y promover su uso como un nuevo espacio muse\u00edstico, complementario a los dos museos ya existentes dedicados al artista.<\/span><\/p>\n<p><span style=\"font-weight: 400\">Por otro lado, el Ayuntamiento de C\u00f3rdoba presenta una exposici\u00f3n que invita al di\u00e1logo a las obras de dos grandes artistas espa\u00f1oles del siglo XX: Julio Romero de Torres y Ignacio Zuloaga. El Ayuntamiento de C\u00f3rdoba presenta una exposici\u00f3n que pone en di\u00e1logo las obras de dos grandes artistas espa\u00f1oles del siglo XX, Julio Romero de Torres y Ignacio Zuloaga. La muestra, titulada Di\u00e1logo entre dos maestros, se inaugurar\u00e1 el pr\u00f3ximo 10 de abril en la Sala Orive y estar\u00e1 abierta al p\u00fablico hasta el 10 de mayo.<\/span><\/p>\n<p><span style=\"font-weight: 400\">Esta exposici\u00f3n es el resultado de una colaboraci\u00f3n entre el Ayuntamiento de C\u00f3rdoba y la Fundaci\u00f3n Zuloaga, con el objetivo de resaltar la influencia mutua y las similitudes estil\u00edsticas entre ambos pintores, que compartieron una \u00e9poca de gran efervescencia art\u00edstica en Espa\u00f1a. Se exhibir\u00e1n m\u00e1s de 50 obras, entre pinturas, dibujos y grabados, seleccionadas cuidadosamente para mostrar la diversidad tem\u00e1tica y t\u00e9cnica de ambos artistas. La exposici\u00f3n tambi\u00e9n incluir\u00e1 material documental y audiovisual que contextualizar\u00e1 la obra de Romero de Torres y Zuloaga.<\/span><\/p>\n<p><span style=\"font-weight: 400\">El concejal de Cultura del Ayuntamiento de C\u00f3rdoba, Francisco Alcalde, destaca la importancia de esta exhibici\u00f3n para profundizar en el conocimiento y la apreciaci\u00f3n del legado art\u00edstico de estos dos maestros espa\u00f1oles. Adem\u00e1s, se ha programado un ciclo de conferencias y actividades complementarias para enriquecer la experiencia de los visitantes.\u00a0<\/span><\/p>\n<p><i><span style=\"font-weight: 400\">Di\u00e1logo entre dos maestros<\/span><\/i><span style=\"font-weight: 400\"> promete ser una oportunidad \u00fanica para admirar la obra de dos figuras clave del arte espa\u00f1ol y reflexionar sobre sus contribuciones al panorama art\u00edstico de su \u00e9poca.\u00a0<\/span><\/p>\n<p><figure id=\"attachment_7959\" aria-describedby=\"caption-attachment-7959\" style=\"width: 186px\" class=\"wp-caption aligncenter\"><img loading=\"lazy\" decoding=\"async\" class=\"size-medium wp-image-7959\" src=\"https:\/\/www.upo.es\/patio-colorado\/wp-content\/uploads\/2024\/04\/Raquel_Meller_by_Julio_Romero_de_Torres-186x300.jpeg\" alt=\"\" width=\"186\" height=\"300\" srcset=\"https:\/\/www.upo.es\/patio-colorado\/wp-content\/uploads\/2024\/04\/Raquel_Meller_by_Julio_Romero_de_Torres-186x300.jpeg 186w, https:\/\/www.upo.es\/patio-colorado\/wp-content\/uploads\/2024\/04\/Raquel_Meller_by_Julio_Romero_de_Torres-633x1024.jpeg 633w, https:\/\/www.upo.es\/patio-colorado\/wp-content\/uploads\/2024\/04\/Raquel_Meller_by_Julio_Romero_de_Torres.jpeg 684w\" sizes=\"auto, (max-width: 186px) 100vw, 186px\" \/><figcaption id=\"caption-attachment-7959\" class=\"wp-caption-text\">[Raquel Meller (Julio Romero de Torres, 1910)]<\/figcaption><\/figure><figure id=\"attachment_7960\" aria-describedby=\"caption-attachment-7960\" style=\"width: 300px\" class=\"wp-caption aligncenter\"><img loading=\"lazy\" decoding=\"async\" class=\"size-medium wp-image-7960\" src=\"https:\/\/www.upo.es\/patio-colorado\/wp-content\/uploads\/2024\/04\/vc3adspera-de-la-corrida_fundacic3b3nmapfre_expoartemadrid-300x220.webp\" alt=\"\" width=\"300\" height=\"220\" srcset=\"https:\/\/www.upo.es\/patio-colorado\/wp-content\/uploads\/2024\/04\/vc3adspera-de-la-corrida_fundacic3b3nmapfre_expoartemadrid-300x220.webp 300w, https:\/\/www.upo.es\/patio-colorado\/wp-content\/uploads\/2024\/04\/vc3adspera-de-la-corrida_fundacic3b3nmapfre_expoartemadrid-768x564.webp 768w, https:\/\/www.upo.es\/patio-colorado\/wp-content\/uploads\/2024\/04\/vc3adspera-de-la-corrida_fundacic3b3nmapfre_expoartemadrid.webp 940w\" sizes=\"auto, (max-width: 300px) 100vw, 300px\" \/><figcaption id=\"caption-attachment-7960\" class=\"wp-caption-text\">[V\u00edspera de la corrida (Ignacio Zuloaga, 1898)]<\/figcaption><\/figure><b>FUENTES:\u00a0<\/b><\/p>\n<p><span style=\"font-weight: 400\">Ayuntamiento de C\u00f3rdoba (2020) \u00abLa chiquita piconera\u00bb. <\/span><i><span style=\"font-weight: 400\">Museo Julio Romero de Torres.<\/span><\/i><span style=\"font-weight: 400\"> Disponible en l\u00ednea: <\/span><a href=\"https:\/\/museojulioromero.cordoba.es\/sala\/sala-6-el-espiritu-de-cordoba\/la-chiquita-piconera\"><span style=\"font-weight: 400\">https:\/\/museojulioromero.cordoba.es\/sala\/sala-6-el-espiritu-de-cordoba\/la-chiquita-piconera<\/span><\/a><span style=\"font-weight: 400\"> [\u00daltima consulta el 10\/04\/2024].\u00a0<\/span><\/p>\n<p><span style=\"font-weight: 400\">El d\u00eda de C\u00f3rdoba (2024) \u00abCrean una asociaci\u00f3n para la rehabilitaci\u00f3n y puesta en uso de la casa familiar de los Romero de Torres en C\u00f3rdoba\u00bb. <\/span><i><span style=\"font-weight: 400\">El d\u00eda de C\u00f3rdoba<\/span><\/i><span style=\"font-weight: 400\">, 08 de enero. Disponible en l\u00ednea: <\/span><a href=\"https:\/\/www.eldiadecordoba.es\/cordoba\/rehabilitacion-casa-Romero-Torres-Cordoba_0_1864613823.html\"><span style=\"font-weight: 400\">https:\/\/www.eldiadecordoba.es\/cordoba\/rehabilitacion-casa-Romero-Torres-Cordoba_0_1864613823.html<\/span><\/a><span style=\"font-weight: 400\"> [\u00daltima consulta el 10\/04\/2024].\u00a0<\/span><\/p>\n<p><span style=\"font-weight: 400\">Expoarte Madrid (2017) \u00ab6 obras fundamentales de la exposici\u00f3n de Zuloaga\u00bb. <\/span><i><span style=\"font-weight: 400\">Expoarte Madrid<\/span><\/i><span style=\"font-weight: 400\">. Disponible en l\u00ednea: <\/span><a href=\"https:\/\/expoartemadrid.com\/2017\/09\/29\/6-obras-fundamentales-de-la-exposicion-de-zuloaga\/\"><span style=\"font-weight: 400\">https:\/\/expoartemadrid.com\/2017\/09\/29\/6-obras-fundamentales-de-la-exposicion-de-zuloaga\/<\/span><\/a><span style=\"font-weight: 400\"> [\u00daltima consulta el 10\/04\/2024].\u00a0<\/span><\/p>\n<p><span style=\"font-weight: 400\">Miranda, L. (2024) \u00abLa obra de Julio Romero de Torres \u201cdialogar\u00e1\u201d con la de Zuloaga y la de autores actuales en dos exposiciones en C\u00f3rdoba\u00bb. <\/span><i><span style=\"font-weight: 400\">ABC de C\u00f3rdoba<\/span><\/i><span style=\"font-weight: 400\">, 08 de abril. Disponible en l\u00ednea: <\/span><a href=\"https:\/\/www.abc.es\/espana\/andalucia\/cordoba\/obra-julio-romero-torres-dialogara-zuloaga-autores-20240408132105-nts.html\"><span style=\"font-weight: 400\">https:\/\/www.abc.es\/espana\/andalucia\/cordoba\/obra-julio-romero-torres-dialogara-zuloaga-autores-20240408132105-nts.html<\/span><\/a><span style=\"font-weight: 400\"> [\u00daltima consulta el 10\/04\/2024].\u00a0<\/span><\/p>\n<p><span style=\"font-weight: 400\">Wikiart: enciclopedia de artes visuales (s.\u00a0 f.) \u00abJulio Romero de Torres\u00bb. <\/span><i><span style=\"font-weight: 400\">Wikiart: enciclopedia de artes visuales<\/span><\/i><span style=\"font-weight: 400\">. Disponible en l\u00ednea: <\/span><a href=\"https:\/\/www.wikiart.org\/es\/julio-romero-de-torres\"><span style=\"font-weight: 400\">https:\/\/www.wikiart.org\/es\/julio-romero-de-torres<\/span><\/a><span style=\"font-weight: 400\"> [\u00daltima consulta el 10\/04\/2024]. <\/span><\/p>\n<p>&nbsp;<\/p>\n","protected":false},"excerpt":{"rendered":"<p>Julio Romero de Torres fue un destacado pintor espa\u00f1ol nacido el 9 de noviembre de 1874 en C\u00f3rdoba y fallecido el 10 de mayo de 1930 en la misma ciudad. Es conocido principalmente por sus retratos de mujeres, que reflejan la belleza y la sensualidad, as\u00ed como por sus obras de tem\u00e1tica andaluza y espa\u00f1ola. [&hellip;]<\/p>\n","protected":false},"author":145,"featured_media":7961,"comment_status":"open","ping_status":"open","sticky":false,"template":"","format":"standard","meta":{"_acf_changed":false,"_monsterinsights_skip_tracking":false,"_monsterinsights_sitenote_active":false,"_monsterinsights_sitenote_note":"","_monsterinsights_sitenote_category":0,"footnotes":""},"categories":[45,1,304,167],"tags":[345,313,1055,1056,1053,1054,1052],"class_list":["post-7956","post","type-post","status-publish","format-standard","has-post-thumbnail","hentry","category-boletin-colorao","category-sin-categoria","category-cordoba","category-pintura-escultura","tag-cordoba","tag-culturaandaluza","tag-150aniversario","tag-artexx","tag-chiquitapiconera","tag-ignaciozuloaga","tag-romerodetorres"],"blocksy_meta":[],"acf":[],"jetpack_featured_media_url":"https:\/\/www.upo.es\/patio-colorado\/wp-content\/uploads\/2024\/04\/entrevistas-romero-torres1-koGG-1248x698@abc.webp","_links":{"self":[{"href":"https:\/\/www.upo.es\/patio-colorado\/wp-json\/wp\/v2\/posts\/7956","targetHints":{"allow":["GET"]}}],"collection":[{"href":"https:\/\/www.upo.es\/patio-colorado\/wp-json\/wp\/v2\/posts"}],"about":[{"href":"https:\/\/www.upo.es\/patio-colorado\/wp-json\/wp\/v2\/types\/post"}],"author":[{"embeddable":true,"href":"https:\/\/www.upo.es\/patio-colorado\/wp-json\/wp\/v2\/users\/145"}],"replies":[{"embeddable":true,"href":"https:\/\/www.upo.es\/patio-colorado\/wp-json\/wp\/v2\/comments?post=7956"}],"version-history":[{"count":3,"href":"https:\/\/www.upo.es\/patio-colorado\/wp-json\/wp\/v2\/posts\/7956\/revisions"}],"predecessor-version":[{"id":9180,"href":"https:\/\/www.upo.es\/patio-colorado\/wp-json\/wp\/v2\/posts\/7956\/revisions\/9180"}],"wp:featuredmedia":[{"embeddable":true,"href":"https:\/\/www.upo.es\/patio-colorado\/wp-json\/wp\/v2\/media\/7961"}],"wp:attachment":[{"href":"https:\/\/www.upo.es\/patio-colorado\/wp-json\/wp\/v2\/media?parent=7956"}],"wp:term":[{"taxonomy":"category","embeddable":true,"href":"https:\/\/www.upo.es\/patio-colorado\/wp-json\/wp\/v2\/categories?post=7956"},{"taxonomy":"post_tag","embeddable":true,"href":"https:\/\/www.upo.es\/patio-colorado\/wp-json\/wp\/v2\/tags?post=7956"}],"curies":[{"name":"wp","href":"https:\/\/api.w.org\/{rel}","templated":true}]}}