{"id":8004,"date":"2024-04-22T16:22:38","date_gmt":"2024-04-22T16:22:38","guid":{"rendered":"https:\/\/www.upo.es\/patio-colorado\/?p=8004"},"modified":"2024-05-01T17:32:27","modified_gmt":"2024-05-01T17:32:27","slug":"una-ruta-por-la-sevilla-de-juan-de-mesa","status":"publish","type":"post","link":"https:\/\/www.upo.es\/patio-colorado\/2024\/04\/22\/una-ruta-por-la-sevilla-de-juan-de-mesa\/","title":{"rendered":"Una ruta por la Sevilla de Juan de Mesa"},"content":{"rendered":"<p>Juan de Mesa y Velasco fue un imaginero cordob\u00e9s del siglo XVI que llev\u00f3 la escultura barroca andaluza a su m\u00e1ximo esplendor. Ingres\u00f3 en 1606, con tan solo 23 a\u00f1os, en el taller de Mart\u00ednez Monta\u00f1\u00e9s, qui\u00e9n fue su maestro y otro de los grandes imagineros del barroco espa\u00f1ol y en apenas 9 a\u00f1os, ya contaba con su propio taller.\u00a0 Su carrera art\u00edstica fue breve, ya que falleci\u00f3 con tan solo 44 a\u00f1os, pero tuvo una importancia e impacto inimaginable en la imaginer\u00eda espa\u00f1ola.<\/p>\n<p>Tanto Juan Mart\u00ednez Monta\u00f1\u00e9s como Juan de Mesa fueron tan brillantes y destacados en la imaginer\u00eda que, aunque haya contadas obras bien firmadas por ellos y con documentos relativos a su autor\u00eda, todas las obras an\u00f3nimas que son de gran calidad son atribuidas a ellos, por lo que cuentan con decenas y decenas de atribuciones.<\/p>\n<p>Si te interesan sus obras y quieres verlas por ti mismo, no te pierdas esta ruta que no te tomar\u00e1 m\u00e1s de 2h por el centro de la ciudad de Sevilla y disfruta del inmenso patrimonio art\u00edstico que la ciudad posee. <em>(*En la ruta se incluyen tambi\u00e9n sus atribuciones m\u00e1s importantes)<\/em><\/p>\n<p>&nbsp;<\/p>\n<p><img loading=\"lazy\" decoding=\"async\" class=\"alignleft\" src=\"https:\/\/trianadigital.es\/wp-content\/uploads\/2018\/10\/Virgen-Victoria-Cigarreras-2018.jpg\" alt=\"Sevilla corona a la Virgen de la Victoria - Triana Digital\" width=\"272\" height=\"180\" \/><\/p>\n<p>1 Capilla de las Cigarreras<\/p>\n<p>Nuestra ruta comienza en la capilla de las Cigarreras con Mar\u00eda Sant\u00edsima de la Victoria, una dolorosa de candelero que expresa un dolor recogido pero dulce. Sus ojos son de cristal y su cabeza est\u00e1 ligeramente inclinada hacia la derecha. Presta especial atenci\u00f3n a sus joyas, pues cuenta con una corona de plata sobredorada, un pu\u00f1al de plata de gran calidad art\u00edstica y un manto de seda\u00a0 y oro bordado sobre terciopelo burdeos a juego con una saya de tis\u00fa de plata, obras de Juan Manuel Rodr\u00edguez Ojeda.<\/p>\n<p>&nbsp;<\/p>\n<p><img loading=\"lazy\" decoding=\"async\" class=\"alignright\" src=\"https:\/\/i0.wp.com\/www.hermandaddelosestudiantes.es\/wp-content\/uploads\/2015\/03\/aaa0095Copiar.jpg\" alt=\"Santisimo Cristo de la Buena Muerte\" width=\"156\" height=\"234\" \/><\/p>\n<p>2 Capilla Universitaria del rectorado de la Universidad de Sevilla<\/p>\n<p>En la antigua f\u00e1brica de tabaco, hoy d\u00eda Universidad de Sevilla podemos encontrar en una esquina del recinto una peque\u00f1a capilla en la que reside la hermandad de Los Estudiantes. Presidiendo el humilde altar se encuentra un impresionante crucificado tallado por Juan de Mesa en 1620, si bien hasta 1983 no se ten\u00eda la certeza, pero durante un traslado a la iglesia de la Anunciaci\u00f3n se cay\u00f3 el crucificado de sus andas y se le desprendi\u00f3 la cabeza, hall\u00e1ndose en su interior un papel firmado por Juan de Mesa en el a\u00f1o 1620. La serenidad en el rostro y la perfecci\u00f3n anat\u00f3mica de la talla la ha convertido hoy en d\u00eda en uno de los grandes modelos de crucificados, habiendo incluso quien asegura que se trata de la mejor talla de Sevilla.<\/p>\n<p>&nbsp;<\/p>\n<p><img loading=\"lazy\" decoding=\"async\" class=\"alignleft\" src=\"https:\/\/www.researchgate.net\/publication\/299575408\/figure\/fig1\/AS:565500313903104@1511837189166\/Juan-de-Mesa-atrib-Cabeza-de-San-Juan-Bautista-Museo-de-la-Catedral-de-Sevilla.png\" alt=\"Juan de Mesa (atrib.). Cabeza de San Juan Bautista. Museo de la... | Download Scientific Diagram\" width=\"220\" height=\"178\" \/><\/p>\n<p>3 Catedral de Sevilla<\/p>\n<p>Andamos unos minutos y llegamos a la Catedral de Sevilla, y en el interior de su museo, encontramos una obra escalofriante, la cabeza de San Juan Bautista. Esta obra est\u00e1 atribuida a Juan de Mesa, pero aunque no hay ning\u00fan tipo de certificaci\u00f3n, la imagen presenta los grandes rasgos del imaginero cordob\u00e9s. La calidad y el cuidado de los detalles, especialmente en la zona degollada, lo que demuestra el gran conocimiento del autor sobre la anatom\u00eda humana.<\/p>\n<p>&nbsp;<\/p>\n<p><img loading=\"lazy\" decoding=\"async\" class=\"alignright\" src=\"https:\/\/blogger.googleusercontent.com\/img\/b\/R29vZ2xl\/AVvXsEjsirgLyVs4cL3fRjBNhsqeVnyTSp3K9TkKRBySjvVY5AWl-KZqYU551URG84VU8JukKbzfXJv0GhK8IEiZNTJiaxBv6idVqJpBdkBifbxVmo4l8Y0NOVbnWOqBLvtTUbENJVLIbz-Zo1I\/s1600\/76-+retablo+S+Eloy.jpg\" alt=\"Leyendas de Sevilla: Iglesia de Santa Cruz, -I. Exterior y nave de la Ep\u00edstola..\" width=\"121\" height=\"193\" \/><\/p>\n<p>4 Parroquia de Santa Cruz<\/p>\n<p>En esta parroquia situada en Mateos Gago tiene sede la hermandad de Santa Cruz y aunque ninguno de sus titulares es obra de Juan de Mesa, en un lateral de la parroquia encontramos la talla de San Eligio, patr\u00f3n de los plateros. Se desconoce el autor real de la misma, pero se ha relacionado con el cordob\u00e9s desde hace d\u00e9cadas.<\/p>\n<p>&nbsp;<\/p>\n<p><img loading=\"lazy\" decoding=\"async\" class=\"alignleft\" src=\"https:\/\/www.artesacro.org\/imagenes\/fjmontiel_QU_Amor_2018_DSC9482_DxO.jpg\" alt=\"Galer\u00eda. Altar de Quinario al Sant\u00edsimo Cristo del Amor en el IV Centenario de la fusi\u00f3n. Fco Javier Montiel\" width=\"311\" height=\"467\" \/><\/p>\n<p>5 Iglesia Colegial del Divino Salvador<\/p>\n<p>Dentro de esta impresionante iglesia de fachada barroca se encuentran numerosos tesoros de la ciudad de Sevilla.\u00a0 Siendo la segunda iglesia m\u00e1s grande de toda la ciudad en ella encontramos dos tallas de Juan de Mesa.<\/p>\n<p>El Sant\u00edsimo Cristo del Amor fue tallado en 1618 y y fue el primer crucificado que realiz\u00f3 Juan de Mesa. Mide 1,81m y presenta un Cristo ya muerto pero con gran solemnidad y aceptaci\u00f3n. Se trata de una de las mejores tallas de la ciudad de Sevilla y procesiona en la noche del Domingo de Ramos en su paso procesional, obra de Ruiz Gij\u00f3n. Presta atenci\u00f3n a su oreja, pues tiene clavada una espina y sobre todo, a los pies de la cruz, ya que te sorprender\u00e1 encontrar un pel\u00edcano con sus tres cr\u00edas, que se picotea su propio pecho para que sus cr\u00edas puedan alimentarse.<\/p>\n<p>Al lado del Cristo del Amor encontraremos a Mar\u00eda Sant\u00edsima del Socorro, obra que es atribuida a \u00e9l o su taller. Juan de Mesa solo tiene atribuida una virgen dolorosa, que es la Virgen de las Angustias, en C\u00f3rdoba, pero los expertos sit\u00faan tambi\u00e9n a esta dolorosa al entorno de Juan de Mesa. Es una bell\u00edsima talla que posee uno de los mejores conjuntos de palio, manto y corona de la ciudad.<\/p>\n<p>Ya que te encuentras en la Iglesia del Divino Salvador, no te pierdas la oportunidad de ver al Se\u00f1or de Pasi\u00f3n, obra de Juan Mart\u00ednez Monta\u00f1\u00e9s, considerada por muchos como una de las mejores tallas de Sevilla o la Virgen de la Merced, de Sebasti\u00e1n Santos de 1966.<\/p>\n<p>&nbsp;<\/p>\n<p><img loading=\"lazy\" decoding=\"async\" class=\"alignright\" src=\"https:\/\/www.semana-santa.org\/wp-content\/uploads\/2017\/02\/cristo-de-la-conversion-del-buen-ladron1-1.jpg\" alt=\"Besamanos y Besapi\u00e9s en Montserrat \u2013 Semana Santa de Sevilla\" width=\"217\" height=\"298\" \/><\/p>\n<p>5 Capilla de Montserrat<\/p>\n<p>Al lado de la Real Parroquia de Santa Mar\u00eda Magdalena encontramos la peque\u00f1a capilla de Montserrat donde tiene sede can\u00f3nica la hermandad de Montserrat. Uno de sus titulares es el Cristo de la Conversi\u00f3n del Buen Ladr\u00f3n, el cual realiz\u00f3 en 1619. Lo primero que llama la atenci\u00f3n es su tama\u00f1o, ya que mide 1,92m y tambi\u00e9n, resulta llamativa la manera en la que sus brazos est\u00e1n casi perpendiculares con el travesa\u00f1o de la cruz. Si prestamos mucha atenci\u00f3n, podemos ver como tambi\u00e9n tiene una espina clavada en la oreja izquierda. La actitud del crucificado es dolorosa pero serena, estableciendo una conversaci\u00f3n con San Dimas, el buen ladr\u00f3n. Al estar siempre las im\u00e1genes de Dimas y Gestas en la capilla, podemos ver este misterio a falta de Mar\u00eda Magdalena. Este crucificado es una de sus obras m\u00e1s importantes y guarda una relaci\u00f3n muy estrecha con el Cristo del Gran Poder, ya que su rostro es casi igual, lo que hace que se le llame popularmente \u00abgran poder crucificado\u00bb<\/p>\n<p>&nbsp;<\/p>\n<p><img loading=\"lazy\" decoding=\"async\" class=\"alignleft\" src=\"https:\/\/upload.wikimedia.org\/wikipedia\/commons\/d\/db\/Asunci%C3%B3n_%28Juan_de_Mesa%29.jpg\" alt=\"Asunci\u00f3n de la Virgen (Juan de Mesa) - Wikipedia, la enciclopedia libre\" width=\"105\" height=\"186\" \/><\/p>\n<p>6 Real Parroquia de Santa Mar\u00eda Magdalena<\/p>\n<p>Justo en frente de la capilla de Montserrat est\u00e1 nuestro pr\u00f3ximo destino, donde encontraremos el relieve de la Asunci\u00f3n de la Virgen, el cual hizo entre 1619 y 1620. Las dimensiones son de 2,10m x 1,20m y presenta todas las caracter\u00edsticas comunes de esta escenograf\u00eda, una virgen con los brazos abiertos y mirando al cielo mientras esboza una leve sonrisa. Cuenta con 4 \u00e1ngeles que tratan de ayudar a la Virgen durante la asunci\u00f3n, lo que enmarca la obra en una hornacina casi sim\u00e9trica.<\/p>\n<p><img loading=\"lazy\" decoding=\"async\" class=\"alignright\" src=\"https:\/\/live.staticflickr.com\/65535\/52679198467_015283b5c0_z.jpg\" alt=\"Escultura de San Ram\u00f3n Nonato, Juan de Mesa, Museo de Bell\u2026 | Flickr\" width=\"215\" height=\"286\" \/><\/p>\n<p>&nbsp;<\/p>\n<p>&nbsp;<\/p>\n<p>7 Museo de Bellas Artes<\/p>\n<p>Seguimos hasta la Plaza del museo y entraremos dentro del Museo de Bellas Artes de Sevilla. Recuerda que la entrada al museo es gratuita para todos los ciudadanos de la UE y no requiere de entrada previa. En el interior, encontraremos dos tallas de Juan de Mesa, San Ram\u00f3n Nonato y San Juan Bautista. San Ram\u00f3n Nonato fue realizada en 1626 y presenta a San Ram\u00f3n con un libro en la mano izquierda, en la derecha deber\u00eda tener un sol o una custodia que hoy en d\u00eda no porta y en la boca tiene un candado. Se trata de una talla muy interesante, ya que es la escultura de San Ram\u00f3n Nonato no solo de mejor calidad, sino tambi\u00e9n en mejor estado de conservaci\u00f3n. Como curiosidad, en la capilla del Museo, que se encuentra al lado del Museo de Bellas Artes, podemos encontrar otro Ram\u00f3n Nonato que, aunque es una imagen de candelero, tanto la cabeza como las manos son atribuidas a Juan de Mesa o su c\u00edrculo.<\/p>\n<p>Por otro lado encontramos la talla de San Juan Bautista del a\u00f1o 1623, realizado en cedro y en la que impresiona especialmente cada uno de los mechones de su pelo, que parece natural, adem\u00e1s de sus ropajes tallados que gracias a su gran plasticidad y movimiento forjan una escena altamente din\u00e1mica. En sus manos sujeta una biblia y un cordero sobre ella.<\/p>\n<p>&nbsp;<\/p>\n<p><img loading=\"lazy\" decoding=\"async\" class=\"alignleft\" src=\"https:\/\/pasionyesperanzacom.files.wordpress.com\/2019\/04\/cristo-yacente-santo-entierro.jpg?w=1200\" alt=\"El Cristo Yacente es sometido a pruebas radiol\u00f3gicas \u2013 PASI\u00d3N Y ESPERANZA\" width=\"487\" height=\"274\" \/><\/p>\n<p>8 Iglesia de San Gregorio<\/p>\n<p>En la misma calle Alfonso XII encontramos la sede compartida entre la hermandad del Santo Entierro y los Mercedarios de San Gregorio, y lo que nos lleva aqu\u00ed es la talla de Cristo Yacente que se le atribuye a Juan de Mesa y se estima que fue tallado alrededor del a\u00f1o 1620.\u00a0 En la talla podemos apreciar con gran detalle todo el calvario que vivi\u00f3 Cristo aunque lo retrata con un rostro a\u00fan dolorido poro relajado. Tan impresionante es el Cristo como la urna que lo contiene, que es de estilo neogotico y simula el altar mayor de la Catedral de Sevilla, realizado en 1998 por Antonio Ib\u00e1\u00f1ez y Joaqu\u00edn Pineda.<\/p>\n<p>&nbsp;<\/p>\n<p><img loading=\"lazy\" decoding=\"async\" class=\"alignright\" src=\"https:\/\/sevilla.abc.es\/pasionensevilla\/wp-content\/uploads\/sites\/2\/eventos\/2023\/10\/valle-virgen-bandera.jpg\" alt=\"Septenario a la Virgen del Valle - Pasi\u00f3n en Sevilla\" width=\"392\" height=\"225\" \/><\/p>\n<p>9 Iglesia de la Anunciaci\u00f3n<\/p>\n<p>Frente a las Setas de Sevilla encontramos la monumental iglesia de la Anunciaci\u00f3n donde reside la hermandad del Valle, una de las m\u00e1s reconocidas y queridas en la ciudad de Sevilla. Su gran joya es la Virgen del Valle, que se le atribuye al autor cordob\u00e9s principalmente, pero tambi\u00e9n a su maestro Mart\u00ednez Monta\u00f1\u00e9s. La Virgen del Valle expresa un profundo dolor descontrolado y es muy impactante, especialmente cuando se encuentra en su paso de palio, uno de los de mayor calidad de la ciudad junto a un manto bordado de Juan Manuel Rodr\u00edguez Ojeda que llevan a una talla ya perfecta al cielo de Sevilla.<\/p>\n<p>&nbsp;<\/p>\n<p>10 Iglesia de San Mart\u00edn<\/p>\n<p>En esta iglesia no encontraremos ninguna obra suya, sino que est\u00e1 su propia tumba. Juan de Mesa falleci\u00f3 en 1627 debido a la tuberculosis con solo 44 a\u00f1os, y un sitio tan especial como la tumba del gran imaginero no pod\u00eda faltar en nuestro tour.<\/p>\n<p>&nbsp;<\/p>\n<p><img loading=\"lazy\" decoding=\"async\" class=\"alignright\" src=\"https:\/\/www.diariodesevilla.es\/2023\/02\/03\/semana_santa\/Hermano-Mayor-hermanos-exponiendo-situacion_1762935246_176135216_667x375.jpg\" alt=\"El Gran Poder declara roto el buen esp\u00edritu de la Madrugada de la Semana Santa de Sevilla\" width=\"491\" height=\"276\" \/><\/p>\n<p>11 Bas\u00edlica del Gran Poder<\/p>\n<p>Nuestra \u00faltima parada est\u00e1 en la muy famosa plaza de San Lorenzo, donde encontramos algunas de las m\u00e1s grandes devociones de la ciudad, la Virgen de la Soledad y la Virgen del Dulce Nombre, pero muy especialmente encontramos a Nuestro Padre Jes\u00fas del Gran Poder que recibe culto en su propia bas\u00edlica construida en 1965.<\/p>\n<p>Fue en el a\u00f1o 1620 que Juan de Mesa entreg\u00f3 la talla del nazareno que recibi\u00f3 la advocaci\u00f3n de Jes\u00fas del Gran Poder. Mide 1,81m de alto y est\u00e1 hecho de madera de cedro. Jes\u00fas del Gran Poder es la gran obra de Juan de Mesa y su talla m\u00e1s c\u00e9lebre, siendo esta la devoci\u00f3n popular m\u00e1s grande de toda la ciudad de Sevilla e incluso traspasa\u00a0 fronteras.\u00a0 Su gran fama es en parte a la calidad art\u00edstica de la misma ya que Juan de Mesa plasm\u00f3 todos sus conocimientos anat\u00f3micos en la creaci\u00f3n de un cuerpo muy realista y martirizado, cuidando al detalle tanto en las heridas como en el rostro cansado pero humilde que tiene su talla. Todo lo relacionado con el Gran Poder roza la excelencia m\u00e1s absoluta, tanto la propia talla como cada una de las numerosas t\u00fanicas bordadas o su paso procesional, obra de Ruiz Gij\u00f3n que supuso tambi\u00e9n una revoluci\u00f3n.<img loading=\"lazy\" decoding=\"async\" class=\"alignleft\" src=\"https:\/\/blogger.googleusercontent.com\/img\/b\/R29vZ2xl\/AVvXsEhicXFSbiKjxZtccZl6VjQjk9H7JmhwZQgVRKDTBHf6oJ_mfscq0SMroz392hHgL6SIyLGCguUPamDA6gJlKRtBKg_udb7lSBtRntVlTNrwhiT12WbUZZp-oeNFobe8f8Pk0jHPTKdPm6k\/s1600\/Besamanos+del+Gran+Poder+-+Sevilla+-+JESUSARIO+(4).jpg\" alt=\"REPORTAJE: Besamanos del Gran Poder\" width=\"229\" height=\"317\" \/><\/p>\n<p>Si nos fijamos, su corona de espinas est\u00e1 tallada, siendo especialmente gruesa y violenta, pero tambi\u00e9n tiene clavada una espina en la ceja. La imagen de Jes\u00fas del Gran Poder es articulable, por lo que bien puede presentarse como nazareno portando la cruz, que es lo m\u00e1s habitual, pero tambi\u00e9n maniatado, m\u00e1s propio de actos solemnes, como su besamanos o la subida a su paso procesional. Es conocido por distintos nombres, principalmente como \u00abSe\u00f1or de Sevilla\u00bb, pero debido a la falta de cuidado de la talla y una mala restauraci\u00f3n a finales del S.XX comenz\u00f3 a ennegrecerse su rostro cada vez m\u00e1s y se le llamaba tambi\u00e9n \u00abEl divino leproso\u00bb o \u00abEl cisquero de San Lorenzo\u00bb. El acceso al camar\u00edn es libre, por lo que podr\u00e1s estar muy muy cerca del nazareno de Juan de Mesa, incluso podr\u00e1s tocar su tal\u00f3n.<\/p>\n<p>&nbsp;<\/p>\n<p>&nbsp;<\/p>\n<p>Esta es toda la ruta, que espero que pod\u00e1is disfrutar y admirar todas las obras en su m\u00e1ximo esplendor. Para despedir el art\u00edculo, os dejo que investigu\u00e9is por vosotros mismos por qu\u00e9 Juan de Mesa dejaba espinas en algunas de sus tallas, como en el Gran Poder, Amor o Montserrat, \u00a1seguro que os fascinar\u00e1 la leyenda!<\/p>\n<p>&nbsp;<\/p>\n<p>&nbsp;<\/p>\n","protected":false},"excerpt":{"rendered":"<p>Juan de Mesa y Velasco fue un imaginero cordob\u00e9s del siglo XVI que llev\u00f3 la escultura barroca andaluza a su m\u00e1ximo esplendor. Ingres\u00f3 en 1606, con tan solo 23 a\u00f1os, en el taller de Mart\u00ednez Monta\u00f1\u00e9s, qui\u00e9n fue su maestro y otro de los grandes imagineros del barroco espa\u00f1ol y en apenas 9 a\u00f1os, ya [&hellip;]<\/p>\n","protected":false},"author":130,"featured_media":8226,"comment_status":"open","ping_status":"open","sticky":false,"template":"","format":"standard","meta":{"_acf_changed":false,"_monsterinsights_skip_tracking":false,"_monsterinsights_sitenote_active":false,"_monsterinsights_sitenote_note":"","_monsterinsights_sitenote_category":0,"footnotes":""},"categories":[1],"tags":[],"class_list":["post-8004","post","type-post","status-publish","format-standard","has-post-thumbnail","hentry","category-sin-categoria"],"blocksy_meta":[],"acf":[],"jetpack_featured_media_url":"https:\/\/www.upo.es\/patio-colorado\/wp-content\/uploads\/2024\/04\/cristo-de-la-buena-muerte-estudiantes-web-796x448-1.jpg","_links":{"self":[{"href":"https:\/\/www.upo.es\/patio-colorado\/wp-json\/wp\/v2\/posts\/8004","targetHints":{"allow":["GET"]}}],"collection":[{"href":"https:\/\/www.upo.es\/patio-colorado\/wp-json\/wp\/v2\/posts"}],"about":[{"href":"https:\/\/www.upo.es\/patio-colorado\/wp-json\/wp\/v2\/types\/post"}],"author":[{"embeddable":true,"href":"https:\/\/www.upo.es\/patio-colorado\/wp-json\/wp\/v2\/users\/130"}],"replies":[{"embeddable":true,"href":"https:\/\/www.upo.es\/patio-colorado\/wp-json\/wp\/v2\/comments?post=8004"}],"version-history":[{"count":12,"href":"https:\/\/www.upo.es\/patio-colorado\/wp-json\/wp\/v2\/posts\/8004\/revisions"}],"predecessor-version":[{"id":8070,"href":"https:\/\/www.upo.es\/patio-colorado\/wp-json\/wp\/v2\/posts\/8004\/revisions\/8070"}],"wp:featuredmedia":[{"embeddable":true,"href":"https:\/\/www.upo.es\/patio-colorado\/wp-json\/wp\/v2\/media\/8226"}],"wp:attachment":[{"href":"https:\/\/www.upo.es\/patio-colorado\/wp-json\/wp\/v2\/media?parent=8004"}],"wp:term":[{"taxonomy":"category","embeddable":true,"href":"https:\/\/www.upo.es\/patio-colorado\/wp-json\/wp\/v2\/categories?post=8004"},{"taxonomy":"post_tag","embeddable":true,"href":"https:\/\/www.upo.es\/patio-colorado\/wp-json\/wp\/v2\/tags?post=8004"}],"curies":[{"name":"wp","href":"https:\/\/api.w.org\/{rel}","templated":true}]}}