{"id":8026,"date":"2024-04-18T10:33:28","date_gmt":"2024-04-18T10:33:28","guid":{"rendered":"https:\/\/www.upo.es\/patio-colorado\/?p=8026"},"modified":"2024-04-18T10:33:28","modified_gmt":"2024-04-18T10:33:28","slug":"el-caixaforum-sevillano-y-sus-exposiciones","status":"publish","type":"post","link":"https:\/\/www.upo.es\/patio-colorado\/2024\/04\/18\/el-caixaforum-sevillano-y-sus-exposiciones\/","title":{"rendered":"El CaixaForum sevillano y sus exposiciones"},"content":{"rendered":"<p><span style=\"font-weight: 400\">Sevilla no es solo conocida por sus grandes monumentos como la Giralda o la Maestranza, sino que tambi\u00e9n tiene importantes museos que albergan valiosas colecciones y velan por su difusi\u00f3n, como el Museo de bellas artes o el Museo andaluz de arte contempor\u00e1neo. Sin embargo, no solo los museos y salas de exposiciones de car\u00e1cter p\u00fablico organizan actividades culturales, otros grandes espacios, como CaixaForum Sevilla, son grandes propulsores del arte.<\/span><\/p>\n<p><span style=\"font-weight: 400\">La fundaci\u00f3n CaixaForum es una organizaci\u00f3n cultural que nace del banco mallorqu\u00edn CaixaBank, que se ha encargado de edificar o remodelar edificios en diferentes ciudades espa\u00f1olas como Madrid, Zaragoza o Sevilla, y convertirlos en centros culturales para \u00abacercar la cultura a todos los p\u00fablicos para vivirla a trav\u00e9s de una gran programaci\u00f3n variada\u00bb (CaixaBank, 2024).<\/span><\/p>\n<p><span style=\"font-weight: 400\">El edificio sevillano de esta organizaci\u00f3n se encuentra en Puerta Triana, constru\u00eddo en 2017 por el arquitecto sevillano Guillermo V\u00e1zquez Consuegra, en el mismo espacio que el proyecto Torre Sevilla, de C\u00e9sar Pelli, con el fin de promover la cultura en todos sus formatos, desde exposiciones de arte hasta conciertos y proyecciones de pel\u00edculas. Ellos mismos se definen como: \u00abel estandarte cultural de la Fundaci\u00f3n \u201cla Caixa\u201d y se ha posicionado como uno de los referentes en cuanto a acceso y difusi\u00f3n de la cultura. La decidida apuesta de la instituci\u00f3n por la divulgaci\u00f3n del conocimiento, la cultura y la ciencia como agentes de mejora social se traduce en un estilo de proyecto reconocible y asimilado por el p\u00fablico\u00bb (CaixaBank, 2024). <\/span><span style=\"font-weight: 400\">CaixaForum Sevilla se organiza en un espacio interior de 8.100 metros cuadrados con dos salas de exposiciones, un auditorio, un aulario y toda clase de servicios, como taquillas o tiendas.<\/span><\/p>\n<p><img loading=\"lazy\" decoding=\"async\" class=\"size-medium wp-image-8027 aligncenter\" src=\"https:\/\/www.upo.es\/patio-colorado\/wp-content\/uploads\/2024\/04\/Foto-caixaforum-300x171.jpg\" alt=\"\" width=\"300\" height=\"171\" srcset=\"https:\/\/www.upo.es\/patio-colorado\/wp-content\/uploads\/2024\/04\/Foto-caixaforum-300x171.jpg 300w, https:\/\/www.upo.es\/patio-colorado\/wp-content\/uploads\/2024\/04\/Foto-caixaforum.jpg 750w\" sizes=\"auto, (max-width: 300px) 100vw, 300px\" \/><\/p>\n<p><span style=\"font-weight: 400\">El espacio sevillano es merecedor de una publicaci\u00f3n en este espacio pues oferta mucha variedad cultural: tiene convocatorias de concursos, microconciertos o <\/span><i><span style=\"font-weight: 400\">happenings<\/span><\/i><span style=\"font-weight: 400\">; programaci\u00f3n especial para ni\u00f1os y familias; conciertos como los \u00abDomingos Musicales\u00bb; \u00abEduCaixa\u00bb, que es un programa de actividades culturales educativas como visitas guiadas o visitas-taller al espacio y sus exposiciones; todo ello con posibilidad de ser adaptado a cualquier tipo de discapacidad o necesidad f\u00edsica.<\/span><\/p>\n<p>&nbsp;<\/p>\n<p><span style=\"font-weight: 400\">Actualmente hay dos exposiciones, aunque cambian cada cinco meses, aproximadamente: \u00abVisiones expandidas. Fotograf\u00eda y experimentaci\u00f3n (1 diciembre 2023 &#8211; 31 marzo 2024)\u00bb; la que presenta la historia de la fotograf\u00eda experimental desde finales del siglo xx hasta la actualidad, con ejemplos de algunas de las fotograf\u00edas m\u00e1s simb\u00f3licas de este movimiento. <\/span><span style=\"font-weight: 400\">Y \u00abXIX. El siglo del retrato. Colecciones del Museo del Prado (23 febrero &#8211; 9 junio 2024)\u00bb; donde se muestran, a trav\u00e9s de obras procedentes del Museo Nacional del Prado, las diferentes t\u00e9cnicas del retrato del siglo XIX y por qu\u00e9 este tipo de pintura era tan popular en esa \u00e9poca.<\/span><\/p>\n<p><span style=\"font-weight: 400\">Aqu\u00ed vuestra redactora todav\u00eda no ha ido a ver ninguna de las que actualmente est\u00e1n para visitar, pero se declara fan total de la labor que hace Caixaforum con la cultura. Todos los a\u00f1os va a ver sus exposiciones pues innovan lo presentado y no se limitan al mundo del arte, sino que tambi\u00e9n presentan investigaciones del \u00e1mbito de la ciencia de manera did\u00e1ctica y entretenida para todo tipo de p\u00fablico y de necesidades.<\/span><\/p>\n<p>&nbsp;<\/p>\n<p><span style=\"font-weight: 400\">Como no puedo hacer (todav\u00eda) un resumen de las nuevas exposiciones, puedo resumir la que hasta ahora ha sido mi favorita: la Cin\u00e8Mode, de una de las figuras m\u00e1s famosas de la moda francesa: Jean Paul Gaultier, en la que nos muestra su trayectoria art\u00edstica a trav\u00e9s del cine.<\/span><\/p>\n<p><span style=\"font-weight: 400\">Antes de sumergirnos en la exposici\u00f3n, un breve resumen de la vida de Gaultier: naci\u00f3 el 24 de abril de 1952 en Bagneux, y ten\u00eda s\u00f3lo dieciocho a\u00f1os cuando entr\u00f3 como aprendiz en la casa de modas de Pierre Cardin. Pronto despunt\u00f3 entre el resto de j\u00f3venes dise\u00f1adores y lanz\u00f3 su primera colecci\u00f3n, creando su propia marca en los a\u00f1os setenta hasta 2020, cuando se retir\u00f3 del mundo de la moda con un ic\u00f3nico desfile (la firma contin\u00faa pero son otros modistos los que dise\u00f1an la ropa, como el tambi\u00e9n franc\u00e9s Olivier Rousteing). En resumen, tuvo una excelente carrera profesional, a menudo calificado como el <\/span><i><span style=\"font-weight: 400\">enfant terrible<\/span><\/i><span style=\"font-weight: 400\"> de la moda, y se ha convertido en un icono de Francia y de la moda con sus cors\u00e9s, sus camisetas de rayas, sus perfumes y su excentricidad.\u00a0<\/span><\/p>\n<p><span style=\"font-weight: 400\">En cuanto a la exposici\u00f3n, la visit\u00e9 en Sevilla en diciembre de 2023 y su definici\u00f3n perfecta ser\u00eda una fusi\u00f3n entre dos de las grandes artes del mundo: el cine y la moda, explicando la trayectoria profesional de Jean Paul Gaultier y sus influencias en el mundo cinematogr\u00e1fico. Es importante decir que toda la distribuci\u00f3n y decoraci\u00f3n de la exposici\u00f3n fue ideada por Gaultier.<\/span><\/p>\n<p><img loading=\"lazy\" decoding=\"async\" class=\"size-medium wp-image-8033\" src=\"https:\/\/www.upo.es\/patio-colorado\/wp-content\/uploads\/2024\/04\/fotonoticia_20220217172701_1200-211x300.jpg\" alt=\"\" width=\"211\" height=\"300\" srcset=\"https:\/\/www.upo.es\/patio-colorado\/wp-content\/uploads\/2024\/04\/fotonoticia_20220217172701_1200-211x300.jpg 211w, https:\/\/www.upo.es\/patio-colorado\/wp-content\/uploads\/2024\/04\/fotonoticia_20220217172701_1200-719x1024.jpg 719w, https:\/\/www.upo.es\/patio-colorado\/wp-content\/uploads\/2024\/04\/fotonoticia_20220217172701_1200-768x1094.jpg 768w, https:\/\/www.upo.es\/patio-colorado\/wp-content\/uploads\/2024\/04\/fotonoticia_20220217172701_1200-1078x1536.jpg 1078w, https:\/\/www.upo.es\/patio-colorado\/wp-content\/uploads\/2024\/04\/fotonoticia_20220217172701_1200.jpg 1200w\" sizes=\"auto, (max-width: 211px) 100vw, 211px\" \/><\/p>\n<p><span style=\"font-weight: 400\">La primera sala estaba dedicada a los inicios de su carrera profesional: la protagonista es la pel\u00edcula <\/span><i><span style=\"font-weight: 400\">Falbalas<\/span><\/i><span style=\"font-weight: 400\">, de Jacques Becker, que muestra la vida en una casa de modas y anim\u00f3 a Gaultier a convertirse en modisto. \u00c9l mismo suele decir: \u00abSin el desfile de Falbalas, nunca habr\u00eda hecho este trabajo\u00bb. Tambi\u00e9n hay cierta pieza ic\u00f3nica: uno de los primeros cors\u00e9s que Gaultier dise\u00f1\u00f3 para Madonna para sus grandes giras mundiales, muy caracter\u00edstico de la firma, con la parte del sujetador en forma triangular.<\/span><\/p>\n<p><span style=\"font-weight: 400\">La segunda sala nos muestra prendas del cine un poco m\u00e1s \u00abantiguo\u00bb, con copias de vestidos de Marilyn Monroe, Rita Hayworth y Brigitte Bardot. Aunque la sala est\u00e1 muy dedicada a las primeras mujeres de la industria, tambi\u00e9n hay algunas piezas muy interesantes, como el traje de Superman, el del Zorro (dise\u00f1ado por Gaultier) y los pantalones de John Wayne.<\/span><\/p>\n<p style=\"text-align: center\">\u00a0\u00a0\u00a0<img loading=\"lazy\" decoding=\"async\" class=\"alignnone size-medium wp-image-8031\" src=\"https:\/\/www.upo.es\/patio-colorado\/wp-content\/uploads\/2024\/04\/IMG_20221218_114424_184-169x300.jpg\" alt=\"\" width=\"169\" height=\"300\" srcset=\"https:\/\/www.upo.es\/patio-colorado\/wp-content\/uploads\/2024\/04\/IMG_20221218_114424_184-169x300.jpg 169w, https:\/\/www.upo.es\/patio-colorado\/wp-content\/uploads\/2024\/04\/IMG_20221218_114424_184-576x1024.jpg 576w, https:\/\/www.upo.es\/patio-colorado\/wp-content\/uploads\/2024\/04\/IMG_20221218_114424_184-768x1365.jpg 768w, https:\/\/www.upo.es\/patio-colorado\/wp-content\/uploads\/2024\/04\/IMG_20221218_114424_184-864x1536.jpg 864w, https:\/\/www.upo.es\/patio-colorado\/wp-content\/uploads\/2024\/04\/IMG_20221218_114424_184.jpg 1080w\" sizes=\"auto, (max-width: 169px) 100vw, 169px\" \/> <img loading=\"lazy\" decoding=\"async\" class=\"alignnone size-medium wp-image-8032\" src=\"https:\/\/www.upo.es\/patio-colorado\/wp-content\/uploads\/2024\/04\/IMG_20221218_114351_276-169x300.jpg\" alt=\"\" width=\"169\" height=\"300\" srcset=\"https:\/\/www.upo.es\/patio-colorado\/wp-content\/uploads\/2024\/04\/IMG_20221218_114351_276-169x300.jpg 169w, https:\/\/www.upo.es\/patio-colorado\/wp-content\/uploads\/2024\/04\/IMG_20221218_114351_276-576x1024.jpg 576w, https:\/\/www.upo.es\/patio-colorado\/wp-content\/uploads\/2024\/04\/IMG_20221218_114351_276-768x1365.jpg 768w, https:\/\/www.upo.es\/patio-colorado\/wp-content\/uploads\/2024\/04\/IMG_20221218_114351_276-864x1536.jpg 864w, https:\/\/www.upo.es\/patio-colorado\/wp-content\/uploads\/2024\/04\/IMG_20221218_114351_276.jpg 1080w\" sizes=\"auto, (max-width: 169px) 100vw, 169px\" \/><\/p>\n<p><span style=\"font-weight: 400\">En la tercera sala nos transportamos a un mundo donde nada tiene sentido, un espacio reservado a la vertiente de rebeld\u00eda y reivindicaci\u00f3n de Jean Paul Gaultier, donde no existen los roles de g\u00e9nero y se aceptan todos los tipos de amor. Todo esto se muestra en su colecci\u00f3n <\/span><i><span style=\"font-weight: 400\">Toy Boy<\/span><\/i><span style=\"font-weight: 400\">, donde los hombres son vistos como juguetes, y en la ropa dise\u00f1ada para algunas de las pel\u00edculas de Pedro Almod\u00f3var, como <\/span><i><span style=\"font-weight: 400\">Kika <\/span><\/i><span style=\"font-weight: 400\">o<\/span><i><span style=\"font-weight: 400\"> La mala educaci\u00f3n<\/span><\/i><span style=\"font-weight: 400\"> (que tambi\u00e9n muestra su fuerte relaci\u00f3n con Espa\u00f1a). Todas estas salas estaban acompa\u00f1adas por piezas de pel\u00edculas de esta tem\u00e1tica, como la que acabo de mencionar o <\/span><i><span style=\"font-weight: 400\">The Rocky Horror Picture Show<\/span><\/i><span style=\"font-weight: 400\">.\u00a0<\/span><\/p>\n<p><span style=\"font-weight: 400\">La cuarta sala es una de las m\u00e1s personales para el dise\u00f1ador, ya que nos muestra la locura de los a\u00f1os 70, cuando empezaba en el mundo de la moda: con modelos de la modelo Twiggy luciendo vestidos estampados con pinturas de Mondrian, una reproducci\u00f3n del traje principal de la pel\u00edcula <\/span><i><span style=\"font-weight: 400\">La naranja mec\u00e1nica,<\/span><\/i><span style=\"font-weight: 400\"> utilizado en el \u00faltimo desfile de JPG y la pel\u00edcula <\/span><i><span style=\"font-weight: 400\">\u00bfQui\u00e9n eres, Polly Maggoo?<\/span><\/i><span style=\"font-weight: 400\"> del director William Klein, que es una cr\u00edtica al mundo de los reality shows pero con una est\u00e9tica que influy\u00f3 mucho al dise\u00f1ador.<\/span><\/p>\n<p><img loading=\"lazy\" decoding=\"async\" class=\"size-medium wp-image-8029 aligncenter\" src=\"https:\/\/www.upo.es\/patio-colorado\/wp-content\/uploads\/2024\/04\/IMG_20221218_121408_033-169x300.jpg\" alt=\"\" width=\"169\" height=\"300\" srcset=\"https:\/\/www.upo.es\/patio-colorado\/wp-content\/uploads\/2024\/04\/IMG_20221218_121408_033-169x300.jpg 169w, https:\/\/www.upo.es\/patio-colorado\/wp-content\/uploads\/2024\/04\/IMG_20221218_121408_033-576x1024.jpg 576w, https:\/\/www.upo.es\/patio-colorado\/wp-content\/uploads\/2024\/04\/IMG_20221218_121408_033-768x1365.jpg 768w, https:\/\/www.upo.es\/patio-colorado\/wp-content\/uploads\/2024\/04\/IMG_20221218_121408_033-864x1536.jpg 864w, https:\/\/www.upo.es\/patio-colorado\/wp-content\/uploads\/2024\/04\/IMG_20221218_121408_033.jpg 1080w\" sizes=\"auto, (max-width: 169px) 100vw, 169px\" \/><\/p>\n<p><span style=\"font-weight: 400\">La quinta y \u00faltima sala es la m\u00e1s peque\u00f1a y nos muestra prendas de pasarela acompa\u00f1adas de fotogramas de pasarelas ic\u00f3nicas del cine, como Audrey Hepburn en <\/span><i><span style=\"font-weight: 400\">Funny Face<\/span><\/i><span style=\"font-weight: 400\">, pero la pieza principal es el vestido que lucieron las modelos Naomi Campbell en 2002 y Bella Hadid en Cannes en 2021.<\/span><\/p>\n<p><img loading=\"lazy\" decoding=\"async\" class=\"alignnone size-medium wp-image-8028 aligncenter\" src=\"https:\/\/www.upo.es\/patio-colorado\/wp-content\/uploads\/2024\/04\/IMG_20221218_122606_213-169x300.jpg\" alt=\"\" width=\"169\" height=\"300\" srcset=\"https:\/\/www.upo.es\/patio-colorado\/wp-content\/uploads\/2024\/04\/IMG_20221218_122606_213-169x300.jpg 169w, https:\/\/www.upo.es\/patio-colorado\/wp-content\/uploads\/2024\/04\/IMG_20221218_122606_213-576x1024.jpg 576w, https:\/\/www.upo.es\/patio-colorado\/wp-content\/uploads\/2024\/04\/IMG_20221218_122606_213-768x1365.jpg 768w, https:\/\/www.upo.es\/patio-colorado\/wp-content\/uploads\/2024\/04\/IMG_20221218_122606_213-864x1536.jpg 864w, https:\/\/www.upo.es\/patio-colorado\/wp-content\/uploads\/2024\/04\/IMG_20221218_122606_213.jpg 1080w\" sizes=\"auto, (max-width: 169px) 100vw, 169px\" \/><\/p>\n<p><span style=\"font-weight: 400\">Hay muchas piezas en la exposici\u00f3n de las que no puedo hablar por falta de espacio, pero creo que la intenci\u00f3n de Jean Paul Gaultier al crear esta exposici\u00f3n fue clara: mostrarnos su fascinaci\u00f3n por el s\u00e9ptimo arte, las influencias que de \u00e9l tom\u00f3 y le dio, y su deseo de hacer una moda loca e inclusiva.<\/span><\/p>\n<p>&nbsp;<\/p>\n<p>Informaci\u00f3n y fotos obtenidas en: https:\/\/caixaforum.org\/es\/sevilla<\/p>\n<p>&nbsp;<\/p>\n","protected":false},"excerpt":{"rendered":"<p>Sevilla no es solo conocida por sus grandes monumentos como la Giralda o la Maestranza, sino que tambi\u00e9n tiene importantes museos que albergan valiosas colecciones y velan por su difusi\u00f3n, como el Museo de bellas artes o el Museo andaluz de arte contempor\u00e1neo. Sin embargo, no solo los museos y salas de exposiciones de car\u00e1cter [&hellip;]<\/p>\n","protected":false},"author":139,"featured_media":0,"comment_status":"open","ping_status":"open","sticky":false,"template":"","format":"standard","meta":{"_acf_changed":false,"_monsterinsights_skip_tracking":false,"_monsterinsights_sitenote_active":false,"_monsterinsights_sitenote_note":"","_monsterinsights_sitenote_category":0,"footnotes":""},"categories":[45,170,23,301],"tags":[],"class_list":["post-8026","post","type-post","status-publish","format-standard","hentry","category-boletin-colorao","category-monumentos-y-turismo","category-patrimonio-vivo","category-sevilla"],"blocksy_meta":[],"acf":[],"jetpack_featured_media_url":"","_links":{"self":[{"href":"https:\/\/www.upo.es\/patio-colorado\/wp-json\/wp\/v2\/posts\/8026","targetHints":{"allow":["GET"]}}],"collection":[{"href":"https:\/\/www.upo.es\/patio-colorado\/wp-json\/wp\/v2\/posts"}],"about":[{"href":"https:\/\/www.upo.es\/patio-colorado\/wp-json\/wp\/v2\/types\/post"}],"author":[{"embeddable":true,"href":"https:\/\/www.upo.es\/patio-colorado\/wp-json\/wp\/v2\/users\/139"}],"replies":[{"embeddable":true,"href":"https:\/\/www.upo.es\/patio-colorado\/wp-json\/wp\/v2\/comments?post=8026"}],"version-history":[{"count":2,"href":"https:\/\/www.upo.es\/patio-colorado\/wp-json\/wp\/v2\/posts\/8026\/revisions"}],"predecessor-version":[{"id":8035,"href":"https:\/\/www.upo.es\/patio-colorado\/wp-json\/wp\/v2\/posts\/8026\/revisions\/8035"}],"wp:attachment":[{"href":"https:\/\/www.upo.es\/patio-colorado\/wp-json\/wp\/v2\/media?parent=8026"}],"wp:term":[{"taxonomy":"category","embeddable":true,"href":"https:\/\/www.upo.es\/patio-colorado\/wp-json\/wp\/v2\/categories?post=8026"},{"taxonomy":"post_tag","embeddable":true,"href":"https:\/\/www.upo.es\/patio-colorado\/wp-json\/wp\/v2\/tags?post=8026"}],"curies":[{"name":"wp","href":"https:\/\/api.w.org\/{rel}","templated":true}]}}