{"id":8044,"date":"2024-04-22T18:09:30","date_gmt":"2024-04-22T18:09:30","guid":{"rendered":"https:\/\/www.upo.es\/patio-colorado\/?p=8044"},"modified":"2024-04-22T18:10:49","modified_gmt":"2024-04-22T18:10:49","slug":"la-feria-de-abril-de-sevilla-como-escenario-de-encuentros-historicos","status":"publish","type":"post","link":"https:\/\/www.upo.es\/patio-colorado\/2024\/04\/22\/la-feria-de-abril-de-sevilla-como-escenario-de-encuentros-historicos\/","title":{"rendered":"La Feria de Abril de Sevilla como escenario de encuentros hist\u00f3ricos"},"content":{"rendered":"<p>Ya sabemos que el Real de la Feria de Abril esconde en cada rinc\u00f3n un aura casi m\u00e1gico. Se trata de una semana de felicidad absoluta, risas, manzanilla y mucho baile. Pero, no solo ha acogido a sevillanos a lo largo de los a\u00f1os sino que ha sido tambi\u00e9n un punto de encuentro para celebridades de la talla de Ava Gardner o Audrey Hepburn. A continuaci\u00f3n, un repaso por algunas de las an\u00e9cdotas m\u00e1s memorables de las visitas m\u00e1s especiales a la fiesta culmen de la capital andaluza.<\/p>\n<p>A\u00f1o 1966, la princesa de M\u00f3naco acudi\u00f3 a la Feria de Abril junto a Raniero III para celebrar su d\u00e9cimo aniversario de bodas junto a personajes tan destacados como la primera dama de Estados Unidos, Jacqueline Kennedy. Este acontecimiento, que puede resultar casi surrealista para muchos, fue uno de los eventos m\u00e1s sonados en la \u00e9poca, debido a lo pintoresco de la situaci\u00f3n y a todo lo ocurrido durante aquellos d\u00edas. La duquesa De Alba fue la encargada de recibirlas durante la semana, y aunque fue un encuentro aparentemente tranquilo, se dice que tuvo que actuar como mediadora entre la actriz y la primera dama, que no manten\u00edan una buena relaci\u00f3n debido a los rumores de infidelidad por parte del presidente John F. Kennedy con la princesa de M\u00f3naco. La relaci\u00f3n de ambas termin\u00f3 de truncarse tras el asesinato del presidente estadounidense, cuando Kelly decidi\u00f3 continuar con sus planes con normalidad a pesar de la desgracia, lo que fue la causa desencadenante para terminar de da\u00f1ar la relaci\u00f3n entre ambas.<\/p>\n<figure id=\"attachment_8075\" aria-describedby=\"caption-attachment-8075\" style=\"width: 268px\" class=\"wp-caption aligncenter\"><img loading=\"lazy\" decoding=\"async\" class=\"wp-image-8075 size-full\" src=\"https:\/\/www.upo.es\/patio-colorado\/wp-content\/uploads\/2024\/04\/Unknown-3.jpeg\" alt=\"\" width=\"268\" height=\"188\" \/><figcaption id=\"caption-attachment-8075\" class=\"wp-caption-text\">Jacqueline Kennedy y la Duquesa De Alba paseando a caballo por el Real<\/figcaption><\/figure>\n<p>Sin embargo, Kelly no fue la \u00fanica estrella hollywoodiense \u00a0que visit\u00f3 el real, de hecho un a\u00f1o antes, la protagonista de<em> Desayuno con diamantes,\u00a0<\/em>Audrey Hepburn, junto a su primer marido Mel Ferrer, ya pase\u00f3 por las calles de la fiesta sevillana ubicada en aquellos a\u00f1os en el m\u00edtico Prado de San Sebasti\u00e1n. Fue durante un viaje por toda la pen\u00ednsula, en el que no olvid\u00f3 visitar San Sebasti\u00e1n, M\u00e1laga o Madrid.<\/p>\n<figure id=\"attachment_8078\" aria-describedby=\"caption-attachment-8078\" style=\"width: 188px\" class=\"wp-caption aligncenter\"><img loading=\"lazy\" decoding=\"async\" class=\"wp-image-8078 size-full\" src=\"https:\/\/www.upo.es\/patio-colorado\/wp-content\/uploads\/2024\/04\/Unknown-1-2.jpeg\" alt=\"\" width=\"188\" height=\"268\" \/><figcaption id=\"caption-attachment-8078\" class=\"wp-caption-text\">Hepburn y Ferrer en la Feria de Abril<\/figcaption><\/figure>\n<p>&nbsp;<\/p>\n<p>&nbsp;<\/p>\n","protected":false},"excerpt":{"rendered":"<p>Ya sabemos que el Real de la Feria de Abril esconde en cada rinc\u00f3n un aura casi m\u00e1gico. Se trata de una semana de felicidad absoluta, risas, manzanilla y mucho baile. Pero, no solo ha acogido a sevillanos a lo largo de los a\u00f1os sino que ha sido tambi\u00e9n un punto de encuentro para celebridades [&hellip;]<\/p>\n","protected":false},"author":137,"featured_media":8076,"comment_status":"open","ping_status":"open","sticky":false,"template":"","format":"standard","meta":{"_acf_changed":false,"_monsterinsights_skip_tracking":false,"_monsterinsights_sitenote_active":false,"_monsterinsights_sitenote_note":"","_monsterinsights_sitenote_category":0,"footnotes":""},"categories":[35,403,301],"tags":[],"class_list":["post-8044","post","type-post","status-publish","format-standard","has-post-thumbnail","hentry","category-fiestas-tradiciones","category-historias-y-mucho-mas","category-sevilla"],"blocksy_meta":[],"acf":[],"jetpack_featured_media_url":"https:\/\/www.upo.es\/patio-colorado\/wp-content\/uploads\/2024\/04\/images-1.jpeg","_links":{"self":[{"href":"https:\/\/www.upo.es\/patio-colorado\/wp-json\/wp\/v2\/posts\/8044","targetHints":{"allow":["GET"]}}],"collection":[{"href":"https:\/\/www.upo.es\/patio-colorado\/wp-json\/wp\/v2\/posts"}],"about":[{"href":"https:\/\/www.upo.es\/patio-colorado\/wp-json\/wp\/v2\/types\/post"}],"author":[{"embeddable":true,"href":"https:\/\/www.upo.es\/patio-colorado\/wp-json\/wp\/v2\/users\/137"}],"replies":[{"embeddable":true,"href":"https:\/\/www.upo.es\/patio-colorado\/wp-json\/wp\/v2\/comments?post=8044"}],"version-history":[{"count":2,"href":"https:\/\/www.upo.es\/patio-colorado\/wp-json\/wp\/v2\/posts\/8044\/revisions"}],"predecessor-version":[{"id":8079,"href":"https:\/\/www.upo.es\/patio-colorado\/wp-json\/wp\/v2\/posts\/8044\/revisions\/8079"}],"wp:featuredmedia":[{"embeddable":true,"href":"https:\/\/www.upo.es\/patio-colorado\/wp-json\/wp\/v2\/media\/8076"}],"wp:attachment":[{"href":"https:\/\/www.upo.es\/patio-colorado\/wp-json\/wp\/v2\/media?parent=8044"}],"wp:term":[{"taxonomy":"category","embeddable":true,"href":"https:\/\/www.upo.es\/patio-colorado\/wp-json\/wp\/v2\/categories?post=8044"},{"taxonomy":"post_tag","embeddable":true,"href":"https:\/\/www.upo.es\/patio-colorado\/wp-json\/wp\/v2\/tags?post=8044"}],"curies":[{"name":"wp","href":"https:\/\/api.w.org\/{rel}","templated":true}]}}